{"id":63517,"date":"2023-11-07T08:55:46","date_gmt":"2023-11-07T08:55:46","guid":{"rendered":"https:\/\/www.aita-menni.org\/?p=63517"},"modified":"2023-11-07T08:55:46","modified_gmt":"2023-11-07T08:55:46","slug":"las-drogas-y-sus-efectos-charlas-de-prevencion-de-adicciones-para-el-nuevo-curso","status":"publish","type":"post","link":"https:\/\/ospitalarioakfundazioaeuskadi.org\/es\/las-drogas-y-sus-efectos-charlas-de-prevencion-de-adicciones-para-el-nuevo-curso\/","title":{"rendered":"Las drogas y sus efectos: charlas de prevenci\u00f3n de adicciones para el nuevo curso"},"content":{"rendered":"<p>Con un an\u00e1lisis de la situaci\u00f3n y del entorno que nos rodea en relaci\u00f3n a las drogas, la psic\u00f3loga cl\u00ednica <strong>Amaia Bolumburu<\/strong>, coordinadora del Servicio de Rehabilitaci\u00f3n y Dinamizaci\u00f3n Social, y la monitora <strong>Amaia Segovia<\/strong> comenzaron, el d\u00eda 2 de noviembre, el primer taller te\u00f3rico-pr\u00e1ctico de sensibilizaci\u00f3n frente a las adicciones de este curso 2023\/2024. M\u00e1s de cuarenta estudiantes de 1\u00ba de Bachiller, de Iraurgi Ikastetxea, de Azpeitia, reflexionaron sobre cu\u00e1l es la edad de inicio en el consumo de drogas, qu\u00e9 tipo de sustancias son, en qu\u00e9 lugares se consume, d\u00f3nde se consiguen estos t\u00f3xicos, qu\u00e9 pretenden al consumir y qu\u00e9 lleva a la gente hacerlo.<\/p>\n<p>El <strong>Servicio de Prevenci\u00f3n de Adicciones en la Adolescencia<\/strong> del <a href=\"https:\/\/ospitalarioakfundazioaeuskadi.org\/es\/centro\/hospital-aita-menni\/\">Hospital Aita Menni<\/a> lleva varios a\u00f1os impartiendo <a href=\"https:\/\/ospitalarioakfundazioaeuskadi.org\/es\/drogas-efectos-charlas-prevencion-para-11507\/\">talleres te\u00f3rico-pr\u00e1cticos de prevenci\u00f3n del consumo de drogas<\/a>. Estas sesiones est\u00e1n dirigidas a adolescentes de centros educativos y a entidades juveniles, y suelen contar con el testimonio presencial o en v\u00eddeo de pacientes del \u00e1rea de Salud Mental con problemas de adicciones.<\/p>\n<p>Por supuesto, durante la sesi\u00f3n se abordaron los riesgos y los efectos negativos que tiene el consumo de drogas, tanto legales como ilegales, sin olvidar el coma et\u00edlico, el \u00abblancazo\u00bb o \u00abp\u00e1lida\u00bb por fumar cannabis o marihuana ni las paranoias derivadas del consumo de estimulantes. Se habl\u00f3 de los efectos f\u00edsicos y psicol\u00f3gicos de las drogas, as\u00ed como del impacto que pueden tener en la vida de la persona que las toma y su entorno.<\/p>\n<p><a href=\"https:\/\/www.ospitalarioakfundazioaeuskadi.org\/wp-content\/uploads\/2023\/11\/Sensibilizacion-adicciones.jpg\"><img loading=\"lazy\" decoding=\"async\" class=\"alignone wp-image-63544 size-large\" src=\"https:\/\/www.ospitalarioakfundazioaeuskadi.org\/wp-content\/uploads\/2023\/11\/Sensibilizacion-adicciones-850x640.jpg\" alt=\"\" width=\"850\" height=\"640\" title=\"\" srcset=\"https:\/\/ospitalarioakfundazioaeuskadi.org\/wp-content\/uploads\/2023\/11\/Sensibilizacion-adicciones-850x640.jpg 850w, https:\/\/ospitalarioakfundazioaeuskadi.org\/wp-content\/uploads\/2023\/11\/Sensibilizacion-adicciones-425x320.jpg 425w, https:\/\/ospitalarioakfundazioaeuskadi.org\/wp-content\/uploads\/2023\/11\/Sensibilizacion-adicciones-768x578.jpg 768w, https:\/\/ospitalarioakfundazioaeuskadi.org\/wp-content\/uploads\/2023\/11\/Sensibilizacion-adicciones.jpg 921w\" sizes=\"auto, (max-width: 850px) 100vw, 850px\" \/><\/a><\/p>\n<p>Las profesionales incidieron en la importancia de la prevenci\u00f3n a tiempo, en la adolescencia, ya que los trastornos derivados del consumo de drogas y las adicciones son m\u00e1s pronunciados entre quienes comienzan a tomarlas antes de los 15-16 a\u00f1os.<\/p>\n<p>Al finalizar la jornada, el alumnado particip\u00f3 en una din\u00e1mica resumiendo lo aprendido en un titular. Frases como \u00abMira por ti mismo y no mires a los dem\u00e1s\u00bb o \u00abayuda a la gente cercana y convence a los dem\u00e1s de que consumir es malo\u00bb llenaron el panel preparado para recogerlas.<\/p>\n<div id='gallery-1' class='gallery galleryid-63517 gallery-columns-3 gallery-size-thumbnail'><figure class='gallery-item'>\n\t\t\t<div class='gallery-icon landscape'>\n\t\t\t\t<a href='https:\/\/ospitalarioakfundazioaeuskadi.org\/wp-content\/uploads\/2023\/11\/charla-adicciones02112023.jpeg'><img loading=\"lazy\" decoding=\"async\" width=\"200\" height=\"200\" src=\"https:\/\/ospitalarioakfundazioaeuskadi.org\/wp-content\/uploads\/2023\/11\/charla-adicciones02112023-200x200.jpeg\" class=\"attachment-thumbnail size-thumbnail\" alt=\"\" title=\"\"><\/a>\n\t\t\t<\/div><\/figure><figure class='gallery-item'>\n\t\t\t<div class='gallery-icon landscape'>\n\t\t\t\t<a href='https:\/\/ospitalarioakfundazioaeuskadi.org\/wp-content\/uploads\/2023\/11\/Dinamica-charla-adicciones.jpeg'><img loading=\"lazy\" decoding=\"async\" width=\"200\" height=\"200\" src=\"https:\/\/ospitalarioakfundazioaeuskadi.org\/wp-content\/uploads\/2023\/11\/Dinamica-charla-adicciones-200x200.jpeg\" class=\"attachment-thumbnail size-thumbnail\" alt=\"\" title=\"\"><\/a>\n\t\t\t<\/div><\/figure><figure class='gallery-item'>\n\t\t\t<div class='gallery-icon landscape'>\n\t\t\t\t<a href='https:\/\/ospitalarioakfundazioaeuskadi.org\/wp-content\/uploads\/2023\/11\/Iraurgi-Ikastetxea-charla-adicciones.jpeg'><img loading=\"lazy\" decoding=\"async\" width=\"200\" height=\"200\" src=\"https:\/\/ospitalarioakfundazioaeuskadi.org\/wp-content\/uploads\/2023\/11\/Iraurgi-Ikastetxea-charla-adicciones-200x200.jpeg\" class=\"attachment-thumbnail size-thumbnail\" alt=\"\" title=\"\"><\/a>\n\t\t\t<\/div><\/figure>\n\t\t<\/div>\n\n<h2>C\u00f3mo solicitar las charlas sobre prevenci\u00f3n de adicciones<\/h2>\n<p>El Hospital Aita Menni pone una vez m\u00e1s este servicio a disposici\u00f3n de centros educativos y entidades juveniles y conf\u00eda en que, con la reanudaci\u00f3n de esta iniciativa, se contribuya a la prevenci\u00f3n de las adicciones y sus consecuencias. Para solicitarlo, pueden llamar al tel\u00e9fono 943 794411 y preguntar por <strong>Ainhoa Cortabarria<\/strong>\u00a0o escribir un correo a\u00a0<a href=\"mailto:stopdrogas.aitamenni@hospitalarias.es\">stopdrogas.aitamenni@hospitalarias.es.<\/a><\/p>\n<p>Los pr\u00f3ximos talleres previstos se impartir\u00e1n para\u00a060 alumnos de 2\u00ba de Bachiller del Instituto de Beasain (16 de noviembre); 130 alumnos de 3\u00ba de la ESO de Ipintza Institutua de Bergara, divididos en 3-4 sesiones, con reserva para los d\u00edas 9, 23 y 30 de noviembre, y 45 alumnos de 2\u00ba de Bachiller de Iraurgi Ikastetxea de Azpeitia.<\/p>\n<p>Desde el Hospital Aita Menni animamos a todos los centros educativos, AMPAs y entidades juveniles a solicitar estas charlas de sensibilizaci\u00f3n sobre las adicciones. Recordamos que la prevenci\u00f3n en la adolescencia es fundamental.<\/p>\n<p>Se trata adem\u00e1s de una actividad que fomenta el empoderamiento de los usuarios que comparten su experiencia personal con los chicos y chicas asistentes.<\/p>\n","protected":false},"excerpt":{"rendered":"<div class=\"entry-summary\">\nAita Menni comienza un nuevo curso haciendo expl\u00edcito el compromiso con la sociedad a trav\u00e9s de la participaci\u00f3n activa de la ciudadan\u00eda, desplegando actividades de prevenci\u00f3n y promoci\u00f3n de la salud a trav\u00e9s de espacios de divulgaci\u00f3n y concienciaci\u00f3n que potencian la salud comunitaria.\n<\/div>\n<div class=\"link-more\"><a href=\"https:\/\/ospitalarioakfundazioaeuskadi.org\/es\/las-drogas-y-sus-efectos-charlas-de-prevencion-de-adicciones-para-el-nuevo-curso\/\" class=\"more-link\">Seguir leyendo<span class=\"screen-reader-text\"> &ldquo;Las drogas y sus efectos: charlas de prevenci\u00f3n de adicciones para el nuevo curso&rdquo;<\/span>&hellip;<\/a><\/div>\n","protected":false},"author":5,"featured_media":63521,"comment_status":"closed","ping_status":"closed","sticky":false,"template":"","format":"standard","meta":{"footnotes":""},"categories":[646],"tags":[],"linea-asistencial":[979],"class_list":["post-63517","post","type-post","status-publish","format-standard","has-post-thumbnail","hentry","category-aita-menni","linea-asistencial-1-salud-mental","entry"],"_links":{"self":[{"href":"https:\/\/ospitalarioakfundazioaeuskadi.org\/es\/wp-json\/wp\/v2\/posts\/63517","targetHints":{"allow":["GET"]}}],"collection":[{"href":"https:\/\/ospitalarioakfundazioaeuskadi.org\/es\/wp-json\/wp\/v2\/posts"}],"about":[{"href":"https:\/\/ospitalarioakfundazioaeuskadi.org\/es\/wp-json\/wp\/v2\/types\/post"}],"author":[{"embeddable":true,"href":"https:\/\/ospitalarioakfundazioaeuskadi.org\/es\/wp-json\/wp\/v2\/users\/5"}],"replies":[{"embeddable":true,"href":"https:\/\/ospitalarioakfundazioaeuskadi.org\/es\/wp-json\/wp\/v2\/comments?post=63517"}],"version-history":[{"count":3,"href":"https:\/\/ospitalarioakfundazioaeuskadi.org\/es\/wp-json\/wp\/v2\/posts\/63517\/revisions"}],"predecessor-version":[{"id":63735,"href":"https:\/\/ospitalarioakfundazioaeuskadi.org\/es\/wp-json\/wp\/v2\/posts\/63517\/revisions\/63735"}],"wp:featuredmedia":[{"embeddable":true,"href":"https:\/\/ospitalarioakfundazioaeuskadi.org\/es\/wp-json\/wp\/v2\/media\/63521"}],"wp:attachment":[{"href":"https:\/\/ospitalarioakfundazioaeuskadi.org\/es\/wp-json\/wp\/v2\/media?parent=63517"}],"wp:term":[{"taxonomy":"category","embeddable":true,"href":"https:\/\/ospitalarioakfundazioaeuskadi.org\/es\/wp-json\/wp\/v2\/categories?post=63517"},{"taxonomy":"post_tag","embeddable":true,"href":"https:\/\/ospitalarioakfundazioaeuskadi.org\/es\/wp-json\/wp\/v2\/tags?post=63517"},{"taxonomy":"linea-asistencial","embeddable":true,"href":"https:\/\/ospitalarioakfundazioaeuskadi.org\/es\/wp-json\/wp\/v2\/linea-asistencial?post=63517"}],"curies":[{"name":"wp","href":"https:\/\/api.w.org\/{rel}","templated":true}]}}