{"id":63818,"date":"2023-11-13T12:50:20","date_gmt":"2023-11-13T12:50:20","guid":{"rendered":"https:\/\/www.aita-menni.org\/?p=63818"},"modified":"2023-11-13T13:18:59","modified_gmt":"2023-11-13T13:18:59","slug":"dia-internacional-personas-cuidadoras-2023","status":"publish","type":"post","link":"https:\/\/ospitalarioakfundazioaeuskadi.org\/es\/dia-internacional-personas-cuidadoras-2023\/","title":{"rendered":"D\u00eda Internacional de las Personas Cuidadoras"},"content":{"rendered":"<p>En la <a href=\"https:\/\/ospitalarioakfundazioaeuskadi.org\/es\/centro\/residencia-mayores-bilbao-txurdinagabarri\/\">Residencia Txurdinagabarri<\/a> hemos querido celebrar el <strong>D\u00eda Internacional de las Personas Cuidadoras<\/strong>, que tiene lugar el 5 de noviembre.<\/p>\n<p>Hemos aprovechado esa fecha para hacer de los cuidados y de las personas que se responsabilizan de ellos el tema central de nuestra tertulia con residentes. Hemos hablado de que se trata de una tarea mayoritariamente en manos de mujeres, y hemos recordado momentos de nuestras vidas en los que hemos tenido que ejercer esa labor, bien con nuestros hijos e hijas, con personas mayores de nuestra familia o con personas enfermas.<\/p>\n<p>Tambi\u00e9n estuvimos viendo la pel\u00edcula \u00abIntocable\u00bb, que narra la relaci\u00f3n entre una persona dependiente y su cuidador.<\/p>\n<p>Adem\u00e1s, hemos animado a las y los residentes a que escriban en un mural qu\u00e9 es lo que m\u00e1s valoran de las personas que les cuidan en la actualidad, tanto familiares como personal de la Residencia \u2014auxiliares, enfermeras, monitoras, agentes de <a href=\"https:\/\/ospitalarioakfundazioaeuskadi.org\/es\/hospitalidad\/pastoral-atencion-espiritual\/\">pastoral.<\/a>..\u2014.<\/p>\n<div id='gallery-1' class='gallery galleryid-63818 gallery-columns-6 gallery-size-thumbnail'><figure class='gallery-item'>\n\t\t\t<div class='gallery-icon landscape'>\n\t\t\t\t<a href='https:\/\/ospitalarioakfundazioaeuskadi.org\/wp-content\/uploads\/2023\/11\/20231110-residencia-txurdinagabarri-cuidadoras-13.jpg'><img loading=\"lazy\" decoding=\"async\" width=\"200\" height=\"200\" src=\"https:\/\/ospitalarioakfundazioaeuskadi.org\/wp-content\/uploads\/2023\/11\/20231110-residencia-txurdinagabarri-cuidadoras-13-200x200.jpg\" class=\"attachment-thumbnail size-thumbnail\" alt=\"D\u00eda Internacional de las Personas Cuidadoras\" title=\"\"><\/a>\n\t\t\t<\/div><\/figure><figure class='gallery-item'>\n\t\t\t<div class='gallery-icon landscape'>\n\t\t\t\t<a href='https:\/\/ospitalarioakfundazioaeuskadi.org\/wp-content\/uploads\/2023\/11\/20231110-residencia-txurdinagabarri-cuidadoras-12.jpg'><img loading=\"lazy\" decoding=\"async\" width=\"200\" height=\"200\" src=\"https:\/\/ospitalarioakfundazioaeuskadi.org\/wp-content\/uploads\/2023\/11\/20231110-residencia-txurdinagabarri-cuidadoras-12-200x200.jpg\" class=\"attachment-thumbnail size-thumbnail\" alt=\"D\u00eda Internacional de las Personas Cuidadoras\" title=\"\"><\/a>\n\t\t\t<\/div><\/figure><figure class='gallery-item'>\n\t\t\t<div class='gallery-icon portrait'>\n\t\t\t\t<a href='https:\/\/ospitalarioakfundazioaeuskadi.org\/wp-content\/uploads\/2023\/11\/20231110-residencia-txurdinagabarri-cuidadoras-11.jpg'><img loading=\"lazy\" decoding=\"async\" width=\"200\" height=\"200\" src=\"https:\/\/ospitalarioakfundazioaeuskadi.org\/wp-content\/uploads\/2023\/11\/20231110-residencia-txurdinagabarri-cuidadoras-11-200x200.jpg\" class=\"attachment-thumbnail size-thumbnail\" alt=\"D\u00eda Internacional de las Personas Cuidadoras\" title=\"\"><\/a>\n\t\t\t<\/div><\/figure><figure class='gallery-item'>\n\t\t\t<div class='gallery-icon portrait'>\n\t\t\t\t<a href='https:\/\/ospitalarioakfundazioaeuskadi.org\/wp-content\/uploads\/2023\/11\/20231110-residencia-txurdinagabarri-cuidadoras-10.jpg'><img loading=\"lazy\" decoding=\"async\" width=\"200\" height=\"200\" src=\"https:\/\/ospitalarioakfundazioaeuskadi.org\/wp-content\/uploads\/2023\/11\/20231110-residencia-txurdinagabarri-cuidadoras-10-200x200.jpg\" class=\"attachment-thumbnail size-thumbnail\" alt=\"D\u00eda Internacional de las Personas Cuidadoras\" title=\"\"><\/a>\n\t\t\t<\/div><\/figure><figure class='gallery-item'>\n\t\t\t<div class='gallery-icon landscape'>\n\t\t\t\t<a href='https:\/\/ospitalarioakfundazioaeuskadi.org\/wp-content\/uploads\/2023\/11\/20231110-residencia-txurdinagabarri-cuidadoras-9.jpg'><img loading=\"lazy\" decoding=\"async\" width=\"200\" height=\"200\" src=\"https:\/\/ospitalarioakfundazioaeuskadi.org\/wp-content\/uploads\/2023\/11\/20231110-residencia-txurdinagabarri-cuidadoras-9-200x200.jpg\" class=\"attachment-thumbnail size-thumbnail\" alt=\"D\u00eda Internacional de las Personas Cuidadoras\" title=\"\"><\/a>\n\t\t\t<\/div><\/figure><figure class='gallery-item'>\n\t\t\t<div class='gallery-icon portrait'>\n\t\t\t\t<a href='https:\/\/ospitalarioakfundazioaeuskadi.org\/wp-content\/uploads\/2023\/11\/20231110-residencia-txurdinagabarri-cuidadoras-8.jpg'><img loading=\"lazy\" decoding=\"async\" width=\"200\" height=\"200\" src=\"https:\/\/ospitalarioakfundazioaeuskadi.org\/wp-content\/uploads\/2023\/11\/20231110-residencia-txurdinagabarri-cuidadoras-8-200x200.jpg\" class=\"attachment-thumbnail size-thumbnail\" alt=\"D\u00eda Internacional de las Personas Cuidadoras\" title=\"\"><\/a>\n\t\t\t<\/div><\/figure><figure class='gallery-item'>\n\t\t\t<div class='gallery-icon portrait'>\n\t\t\t\t<a href='https:\/\/ospitalarioakfundazioaeuskadi.org\/wp-content\/uploads\/2023\/11\/20231110-residencia-txurdinagabarri-cuidadoras-7.jpg'><img loading=\"lazy\" decoding=\"async\" width=\"200\" height=\"200\" src=\"https:\/\/ospitalarioakfundazioaeuskadi.org\/wp-content\/uploads\/2023\/11\/20231110-residencia-txurdinagabarri-cuidadoras-7-200x200.jpg\" class=\"attachment-thumbnail size-thumbnail\" alt=\"D\u00eda Internacional de las Personas Cuidadoras\" title=\"\"><\/a>\n\t\t\t<\/div><\/figure><figure class='gallery-item'>\n\t\t\t<div class='gallery-icon portrait'>\n\t\t\t\t<a href='https:\/\/ospitalarioakfundazioaeuskadi.org\/wp-content\/uploads\/2023\/11\/20231110-residencia-txurdinagabarri-cuidadoras-5.jpg'><img loading=\"lazy\" decoding=\"async\" width=\"200\" height=\"200\" src=\"https:\/\/ospitalarioakfundazioaeuskadi.org\/wp-content\/uploads\/2023\/11\/20231110-residencia-txurdinagabarri-cuidadoras-5-200x200.jpg\" class=\"attachment-thumbnail size-thumbnail\" alt=\"D\u00eda Internacional de las Personas Cuidadoras\" title=\"\"><\/a>\n\t\t\t<\/div><\/figure><figure class='gallery-item'>\n\t\t\t<div class='gallery-icon portrait'>\n\t\t\t\t<a href='https:\/\/ospitalarioakfundazioaeuskadi.org\/wp-content\/uploads\/2023\/11\/20231110-residencia-txurdinagabarri-cuidadoras-4.jpg'><img loading=\"lazy\" decoding=\"async\" width=\"200\" height=\"200\" src=\"https:\/\/ospitalarioakfundazioaeuskadi.org\/wp-content\/uploads\/2023\/11\/20231110-residencia-txurdinagabarri-cuidadoras-4-200x200.jpg\" class=\"attachment-thumbnail size-thumbnail\" alt=\"Corazones recortados en cartulina, con palabras positivas sobre las personas cuidadoras\" title=\"\"><\/a>\n\t\t\t<\/div><\/figure><figure class='gallery-item'>\n\t\t\t<div class='gallery-icon portrait'>\n\t\t\t\t<a href='https:\/\/ospitalarioakfundazioaeuskadi.org\/wp-content\/uploads\/2023\/11\/20231110-residencia-txurdinagabarri-cuidadoras-3.jpg'><img loading=\"lazy\" decoding=\"async\" width=\"200\" height=\"200\" src=\"https:\/\/ospitalarioakfundazioaeuskadi.org\/wp-content\/uploads\/2023\/11\/20231110-residencia-txurdinagabarri-cuidadoras-3-200x200.jpg\" class=\"attachment-thumbnail size-thumbnail\" alt=\"\" title=\"\"><\/a>\n\t\t\t<\/div><\/figure><figure class='gallery-item'>\n\t\t\t<div class='gallery-icon portrait'>\n\t\t\t\t<a href='https:\/\/ospitalarioakfundazioaeuskadi.org\/wp-content\/uploads\/2023\/11\/20231110-residencia-txurdinagabarri-cuidadoras-2.jpg'><img loading=\"lazy\" decoding=\"async\" width=\"200\" height=\"200\" src=\"https:\/\/ospitalarioakfundazioaeuskadi.org\/wp-content\/uploads\/2023\/11\/20231110-residencia-txurdinagabarri-cuidadoras-2-200x200.jpg\" class=\"attachment-thumbnail size-thumbnail\" alt=\"D\u00eda Internacional de las Personas Cuidadoras\" title=\"\"><\/a>\n\t\t\t<\/div><\/figure><figure class='gallery-item'>\n\t\t\t<div class='gallery-icon portrait'>\n\t\t\t\t<a href='https:\/\/ospitalarioakfundazioaeuskadi.org\/wp-content\/uploads\/2023\/11\/20231110-residencia-txurdinagabarri-cuidadoras-1.jpg'><img loading=\"lazy\" decoding=\"async\" width=\"200\" height=\"200\" src=\"https:\/\/ospitalarioakfundazioaeuskadi.org\/wp-content\/uploads\/2023\/11\/20231110-residencia-txurdinagabarri-cuidadoras-1-200x200.jpg\" class=\"attachment-thumbnail size-thumbnail\" alt=\"D\u00eda Internacional de las Personas Cuidadoras\" title=\"\"><\/a>\n\t\t\t<\/div><\/figure>\n\t\t<\/div>\n\n","protected":false},"excerpt":{"rendered":"<div class=\"entry-summary\">\nEn la Residencia Txurdinagabarri hemos querido celebrar el D\u00eda Internacional de las Personas Cuidadoras, que tiene lugar el 5 de noviembre. Hemos aprovechado esa fecha para hacer de los cuidados y de las personas que se responsabilizan de ellos el&hellip;\n<\/div>\n<div class=\"link-more\"><a href=\"https:\/\/ospitalarioakfundazioaeuskadi.org\/es\/dia-internacional-personas-cuidadoras-2023\/\" class=\"more-link\">Seguir leyendo<span class=\"screen-reader-text\"> &ldquo;D\u00eda Internacional de las Personas Cuidadoras&rdquo;<\/span>&hellip;<\/a><\/div>\n","protected":false},"author":1,"featured_media":63838,"comment_status":"closed","ping_status":"closed","sticky":false,"template":"","format":"standard","meta":{"footnotes":""},"categories":[646,656,648],"tags":[],"linea-asistencial":[980],"class_list":["post-63818","post","type-post","status-publish","format-standard","has-post-thumbnail","hentry","category-aita-menni","category-bilbao-centro-de-dia-de-personas-mayores-txurdinagabarri-bilbao","category-residencia-txurdinagabarri-bilbao","linea-asistencial-4-persona-mayor","entry"],"_links":{"self":[{"href":"https:\/\/ospitalarioakfundazioaeuskadi.org\/es\/wp-json\/wp\/v2\/posts\/63818","targetHints":{"allow":["GET"]}}],"collection":[{"href":"https:\/\/ospitalarioakfundazioaeuskadi.org\/es\/wp-json\/wp\/v2\/posts"}],"about":[{"href":"https:\/\/ospitalarioakfundazioaeuskadi.org\/es\/wp-json\/wp\/v2\/types\/post"}],"author":[{"embeddable":true,"href":"https:\/\/ospitalarioakfundazioaeuskadi.org\/es\/wp-json\/wp\/v2\/users\/1"}],"replies":[{"embeddable":true,"href":"https:\/\/ospitalarioakfundazioaeuskadi.org\/es\/wp-json\/wp\/v2\/comments?post=63818"}],"version-history":[{"count":3,"href":"https:\/\/ospitalarioakfundazioaeuskadi.org\/es\/wp-json\/wp\/v2\/posts\/63818\/revisions"}],"predecessor-version":[{"id":63862,"href":"https:\/\/ospitalarioakfundazioaeuskadi.org\/es\/wp-json\/wp\/v2\/posts\/63818\/revisions\/63862"}],"wp:featuredmedia":[{"embeddable":true,"href":"https:\/\/ospitalarioakfundazioaeuskadi.org\/es\/wp-json\/wp\/v2\/media\/63838"}],"wp:attachment":[{"href":"https:\/\/ospitalarioakfundazioaeuskadi.org\/es\/wp-json\/wp\/v2\/media?parent=63818"}],"wp:term":[{"taxonomy":"category","embeddable":true,"href":"https:\/\/ospitalarioakfundazioaeuskadi.org\/es\/wp-json\/wp\/v2\/categories?post=63818"},{"taxonomy":"post_tag","embeddable":true,"href":"https:\/\/ospitalarioakfundazioaeuskadi.org\/es\/wp-json\/wp\/v2\/tags?post=63818"},{"taxonomy":"linea-asistencial","embeddable":true,"href":"https:\/\/ospitalarioakfundazioaeuskadi.org\/es\/wp-json\/wp\/v2\/linea-asistencial?post=63818"}],"curies":[{"name":"wp","href":"https:\/\/api.w.org\/{rel}","templated":true}]}}