{"id":63949,"date":"2023-11-17T17:20:38","date_gmt":"2023-11-17T17:20:38","guid":{"rendered":"https:\/\/www.aita-menni.org\/?p=63949"},"modified":"2023-11-17T17:20:38","modified_gmt":"2023-11-17T17:20:38","slug":"cuidar-la-salud-mental-de-las-personas-de-vida-consagrada","status":"publish","type":"post","link":"https:\/\/ospitalarioakfundazioaeuskadi.org\/es\/cuidar-la-salud-mental-de-las-personas-de-vida-consagrada\/","title":{"rendered":"Cuidar la salud mental de las personas de vida consagrada"},"content":{"rendered":"<p>Organizada por el \u00c1rea Sociosanitaria de la <a href=\"https:\/\/www.confer.es\/\" target=\"_blank\" rel=\"nofollow noopener\">Conferencia Espa\u00f1ola de Religiosos<\/a> (CONFER), se celebr\u00f3 en octubre la jornada \u00abAcompa\u00f1ar la fragilidad en la vida consagrada\u00bb. En este encuentro, que ten\u00eda como objetivo brindar apoyo en el cuidado y acompa\u00f1amiento de personas religiosas de edad avanzada y enfermas, el director m\u00e9dico de <a href=\"https:\/\/ospitalarioakfundazioaeuskadi.org\/es\/quienes-somos\/\">Hermanas Hospitalarias Aita Menni<\/a>, el doctor <a href=\"https:\/\/www.ospitalarioakfundazioaeuskadi.org\/eu\/egilea\/manuel-martin-carrasco\/\"><strong>Manuel Mart\u00edn Carrasco<\/strong><\/a> comparti\u00f3 conocimientos relacionados con las enfermedades mentales para poder ayudar a los hermanos y hermanas que puedan padecerlas.<\/p>\n<p>Sor <strong>Rosa Abad<\/strong>, hermana Hospitalaria \u2014fue Superiora en Aita Menni\u2014 y coordinadora del \u00c1rea Sociosanitaria de la CONFER, destac\u00f3 la experiencia en salud mental y psicogeriatr\u00eda, as\u00ed como conocimiento sobre vida consagrada del ponente, que adem\u00e1s ostenta el cargo de presidente de la <a href=\"https:\/\/sepsm.org\/\" target=\"_blank\" rel=\"nofollow noopener\">Sociedad Espa\u00f1ola de Psiquiatr\u00eda y Salud Mental<\/a>.<\/p>\n<p>El Dr. <strong>Mart\u00edn Carrasco<\/strong> comenz\u00f3 diciendo que las personas de vida consagrada se enfrentan a situaciones complicadas debido a los cambios y a la pluralizaci\u00f3n de valores en una sociedad secularizada, que reciben m\u00faltiples demandas y deben adaptarse a los cambios sociales. A continuaci\u00f3n, abord\u00f3 algunos de los problemas que pueden afectar a las personas que han dedicado su vida a la religi\u00f3n, como pueden ser: falta de preparaci\u00f3n para su misi\u00f3n, el envejecimiento, la soledad y el aislamiento o los conflictos internos que pueden surgir en las comunidades religiosas. Asimismo, subray\u00f3 que el trabajo pastoral relacionado con el apoyo emocional a otras personas puede generar compromisos y momentos dif\u00edciles.<\/p>\n<p>Nuestro psiquiatra record\u00f3 que los trastornos mentales son frecuentes y afectan a una gran parte de la poblaci\u00f3n pero que \u00abmuchas veces no nos damos cuenta de nuestros propios problemas de salud mental\u00bb. Es com\u00fan que las personas toleren excesivamente estos problemas y muestren reticencia en aceptarlos. Sin embargo, conviene intervenir cuanto antes, remarc\u00f3. Los trastornos m\u00e1s graves tienen una prevalencia del 4% al 6%, entre ellos la esquizofrenia, el trastorno bipolar, las depresiones graves y los trastornos de personalidad. La importancia de estrategias preventivas, un diagn\u00f3stico precoz y una intervenci\u00f3n r\u00e1pida, junto con en el acompa\u00f1amiento espiritual y humano son aspectos fundamentales.<\/p>\n<p>Respecto a la vida consagrada, subray\u00f3 que tiene peculiaridades que requieren considerar esta dimensi\u00f3n en el cuidado integral. Apoy\u00e1ndose no solo en su experiencia personal sino tambi\u00e9n en trabajos de investigaci\u00f3n, el doctor aludi\u00f3 al s\u00edndrome del desgaste profesional (caracterizado por agotamiento f\u00edsico y mental, baja realizaci\u00f3n personal y despersonalizaci\u00f3n) como uno de los m\u00e1s estudiados, por ejemplo, en sacerdotes.<\/p>\n<p>Como la jornada fue emitida en directo desde el canal de YouTube de la CONFER, podemos profundizar un poco m\u00e1s en este tema accediendo, a partir del minuto 37 aproximadamente, a la intervenci\u00f3n del doctor <strong>Mart\u00edn Carrasco<\/strong>.<\/p>\n<h2>V\u00eddeo<\/h2>\n<div class=\"cookieconsent-optout-marketing\">\n<div class=\"alert alert-warning\">Este contenido est\u00e1 alojado en un proveedor externo. Si quieres verlo, debes <a href=\"javascript:Cookiebot.renew()\" style=\"cursor:pointer;text-decoration:underline;\">aceptar las cookies de la categor\u00eda \"Otras\"<\/a> en la Configuraci\u00f3n de Cookies.<\/div><\/div>\n<p><iframe loading=\"lazy\" title=\"Aula Umas: Acompa\u00f1ar la Fragilidad en la Vida Consagrada\" width=\"889\" height=\"500\" src=\"https:\/\/www.youtube.com\/embed\/cyEQ5kqDz0M?feature=oembed\" frameborder=\"0\" allow=\"accelerometer; autoplay; clipboard-write; encrypted-media; gyroscope; picture-in-picture; web-share\" allowfullscreen><\/iframe><\/p>\n","protected":false},"excerpt":{"rendered":"<div class=\"entry-summary\">\nNuestro director m\u00e9dico, el doctor Manuel Mart\u00edn Carrasco, pronunci\u00f3 la conferencia \u00abLa enfermedad mental: conocer la enfermedad, desequilibrio ps\u00edquico, convivencia con personas con enfermedad mental y actitudes terap\u00e9uticas\u00bb en la jornada \u00abAcompa\u00f1ar la fragilidad en la vida consagrada\u00bb organizada por la Conferencia Espa\u00f1ola de Religiosos.\n<\/div>\n<div class=\"link-more\"><a href=\"https:\/\/ospitalarioakfundazioaeuskadi.org\/es\/cuidar-la-salud-mental-de-las-personas-de-vida-consagrada\/\" class=\"more-link\">Seguir leyendo<span class=\"screen-reader-text\"> &ldquo;Cuidar la salud mental de las personas de vida consagrada&rdquo;<\/span>&hellip;<\/a><\/div>\n","protected":false},"author":5,"featured_media":63954,"comment_status":"closed","ping_status":"closed","sticky":false,"template":"","format":"standard","meta":{"footnotes":""},"categories":[646],"tags":[],"linea-asistencial":[979],"class_list":["post-63949","post","type-post","status-publish","format-standard","has-post-thumbnail","hentry","category-aita-menni","linea-asistencial-1-salud-mental","entry"],"_links":{"self":[{"href":"https:\/\/ospitalarioakfundazioaeuskadi.org\/es\/wp-json\/wp\/v2\/posts\/63949","targetHints":{"allow":["GET"]}}],"collection":[{"href":"https:\/\/ospitalarioakfundazioaeuskadi.org\/es\/wp-json\/wp\/v2\/posts"}],"about":[{"href":"https:\/\/ospitalarioakfundazioaeuskadi.org\/es\/wp-json\/wp\/v2\/types\/post"}],"author":[{"embeddable":true,"href":"https:\/\/ospitalarioakfundazioaeuskadi.org\/es\/wp-json\/wp\/v2\/users\/5"}],"replies":[{"embeddable":true,"href":"https:\/\/ospitalarioakfundazioaeuskadi.org\/es\/wp-json\/wp\/v2\/comments?post=63949"}],"version-history":[{"count":3,"href":"https:\/\/ospitalarioakfundazioaeuskadi.org\/es\/wp-json\/wp\/v2\/posts\/63949\/revisions"}],"predecessor-version":[{"id":64040,"href":"https:\/\/ospitalarioakfundazioaeuskadi.org\/es\/wp-json\/wp\/v2\/posts\/63949\/revisions\/64040"}],"wp:featuredmedia":[{"embeddable":true,"href":"https:\/\/ospitalarioakfundazioaeuskadi.org\/es\/wp-json\/wp\/v2\/media\/63954"}],"wp:attachment":[{"href":"https:\/\/ospitalarioakfundazioaeuskadi.org\/es\/wp-json\/wp\/v2\/media?parent=63949"}],"wp:term":[{"taxonomy":"category","embeddable":true,"href":"https:\/\/ospitalarioakfundazioaeuskadi.org\/es\/wp-json\/wp\/v2\/categories?post=63949"},{"taxonomy":"post_tag","embeddable":true,"href":"https:\/\/ospitalarioakfundazioaeuskadi.org\/es\/wp-json\/wp\/v2\/tags?post=63949"},{"taxonomy":"linea-asistencial","embeddable":true,"href":"https:\/\/ospitalarioakfundazioaeuskadi.org\/es\/wp-json\/wp\/v2\/linea-asistencial?post=63949"}],"curies":[{"name":"wp","href":"https:\/\/api.w.org\/{rel}","templated":true}]}}