{"id":64050,"date":"2023-11-23T13:35:17","date_gmt":"2023-11-23T13:35:17","guid":{"rendered":"https:\/\/www.aita-menni.org\/?p=64050"},"modified":"2023-11-23T13:40:14","modified_gmt":"2023-11-23T13:40:14","slug":"martin-carrasco-movimiento-recorrido-depresion","status":"publish","type":"post","link":"https:\/\/ospitalarioakfundazioaeuskadi.org\/es\/martin-carrasco-movimiento-recorrido-depresion\/","title":{"rendered":"Nuestro director m\u00e9dico, en el encuentro \u00abEn movimiento. Un recorrido a trav\u00e9s de la depresi\u00f3n\u00bb"},"content":{"rendered":"<p>Organizado por la <a href=\"https:\/\/asapme.org\/\" target=\"_blank\" rel=\"nofollow noopener\">Asociaci\u00f3n Aragonesa Pro Salud Mental<\/a> (ASAPME) y <a href=\"https:\/\/www.lundbeck.com\/es\" target=\"_blank\" rel=\"nofollow noopener\">Lundbeck<\/a>, e inaugurado por el director general de Salud Mental del Gobierno de Arag\u00f3n, <strong>Manuel Corbera<\/strong>, el pasado 16 de noviembre se celebr\u00f3 en CaixaForum Zaragoza el encuentro titulado \u00abEn movimiento. Un recorrido a trav\u00e9s de la depresi\u00f3n\u00bb. Este acto \u2014que conjug\u00f3 la danza, la proyecci\u00f3n del <a href=\"https:\/\/www.youtube.com\/watch?v=KlL0PoMpjUg\" target=\"_blank\" rel=\"nofollow noopener\">corto \u00ab00,24\u00bb<\/a> (elaborado por alumnado de bachillerato y que aborda el suicidio) y el coloquio\u2014\u00a0, cont\u00f3 con la participaci\u00f3n del doctor <strong>Manuel Mart\u00edn Carrasco<\/strong>, presidente de la <a href=\"https:\/\/sepsm.org\/\" target=\"_blank\" rel=\"nofollow noopener\">Sociedad Espa\u00f1ola de Psiquiatr\u00eda y Salud Mental<\/a> y director m\u00e9dico de <a href=\"https:\/\/ospitalarioakfundazioaeuskadi.org\/es\/quienes-somos\/\">Hermanas Hospitalarias Aita Menni<\/a>; la gerente de ASAPME, <strong>Ana L\u00f3pez<\/strong>; la actuaci\u00f3n de la bailarina <strong>Elia Lozano<\/strong>, y de la estudiante <strong>Serena Petit<\/strong>, que aport\u00f3 su testimonio personal.<\/p>\n<h2>\u00bfC\u00f3mo se previene la depresi\u00f3n?<\/h2>\n<p>La gerente de ASAPME insisti\u00f3 en el hecho de que la depresi\u00f3n es una enfermedad, a la par que remarc\u00f3 el papel que desempe\u00f1an las asociaciones de familiares y pacientes en el abordaje y tratamiento de la enfermedad mental. \u00abNo debemos tratar a las personas como queremos que nos traten, sino como ellas quieren ser tratadas. Ah\u00ed reside Ia verdadera empat\u00eda\u00bb, subray\u00f3.<\/p>\n<p>Durante el debate, dinamizado por la periodista <strong>Camino Ivars<\/strong>, se hizo hincapi\u00e9 en diferenciar la tristeza, una emoci\u00f3n normal y habitual, del trastorno depresivo, as\u00ed como en la importancia de sus consecuencias y de las estrategias preventivas. \u00abEs importante saber que en la depresi\u00f3n hay un recorrido. El objetivo est\u00e1 en ser capaces de detectarla e intervenir antes de que esa trayectoria se lleve a cabo\u00bb, explic\u00f3 nuestro psiquiatra.<\/p>\n<p>Con motivo de este evento, Arag\u00f3n Radio entrevist\u00f3 a <strong>Manuel Mart\u00edn Carrasco<\/strong>. La entrevista recoge que hay factores de riesgo, como el estr\u00e9s y la ansiedad que, de forma mantenida en el tiempo, pueden dar lugar a una depresi\u00f3n. A la pregunta \u201c\u00bfC\u00f3mo se previene la depresi\u00f3n?\u201d, el especialista contest\u00f3 que hay una serie de factores de riesgo de la depresi\u00f3n, entre ellos el estr\u00e9s y la ansiedad y que la ansiedad cr\u00f3nica acaba propiciando la depresi\u00f3n. Que, por ejemplo, en el mundo laboral se puede actuar para prevenir esas situaciones de estr\u00e9s mantenido, esos riesgos psicosociales que pueden dar lugar a cuadro depresivo.<\/p>\n<p>Sobre las consecuencias de una depresi\u00f3n para quien la padece, el doctor <strong>Mart\u00edn<\/strong>\u00a0subray\u00f3 que se trata de una afectaci\u00f3n importante que tiene tres dimensiones: una es la funcionalidad, es decir, la repercusi\u00f3n en el rendimiento; por otra parte, est\u00e1 el sufrimiento personal, con la p\u00e9rdida de capacidad de sentir satisfacci\u00f3n, de disfrutar de las cosas, que lleva a una situaci\u00f3n interna de un pesimismo importante. La tercera consecuencia, son repercusiones en la salud, porque la depresi\u00f3n se acompa\u00f1a con muchas veces de un empeoramiento de enfermedades som\u00e1ticas. Por \u00faltimo, el doctor se\u00f1al\u00f3 el suicidio como la consecuencia m\u00e1s dram\u00e1tica.<\/p>\n<h2>Audio<\/h2>\n<p>Puede escucharse la <a href=\"https:\/\/www.cartv.es\/aragonradio\/radio?play=podcast\/147656\" target=\"_blank\" rel=\"nofollow noopener\">entrevista \u00edntegra en este enlace<\/a>.<\/p>\n","protected":false},"excerpt":{"rendered":"<div class=\"entry-summary\">\nEl Dr. Manuel Mart\u00edn Carrasco fue uno de los invitados a este evento que se celebr\u00f3 en Zaragoza y que se centr\u00f3 en diferenciar la tristeza del trastorno depresivo, as\u00ed como en la importancia de las estrategias preventivas.\n<\/div>\n<div class=\"link-more\"><a href=\"https:\/\/ospitalarioakfundazioaeuskadi.org\/es\/martin-carrasco-movimiento-recorrido-depresion\/\" class=\"more-link\">Seguir leyendo<span class=\"screen-reader-text\"> &ldquo;Nuestro director m\u00e9dico, en el encuentro \u00abEn movimiento. Un recorrido a trav\u00e9s de la depresi\u00f3n\u00bb&rdquo;<\/span>&hellip;<\/a><\/div>\n","protected":false},"author":5,"featured_media":64074,"comment_status":"closed","ping_status":"closed","sticky":false,"template":"","format":"standard","meta":{"footnotes":""},"categories":[646,1041,1036],"tags":[],"linea-asistencial":[979],"class_list":["post-64050","post","type-post","status-publish","format-standard","has-post-thumbnail","hentry","category-aita-menni","category-calidad","category-conocimiento","linea-asistencial-1-salud-mental","entry"],"_links":{"self":[{"href":"https:\/\/ospitalarioakfundazioaeuskadi.org\/es\/wp-json\/wp\/v2\/posts\/64050","targetHints":{"allow":["GET"]}}],"collection":[{"href":"https:\/\/ospitalarioakfundazioaeuskadi.org\/es\/wp-json\/wp\/v2\/posts"}],"about":[{"href":"https:\/\/ospitalarioakfundazioaeuskadi.org\/es\/wp-json\/wp\/v2\/types\/post"}],"author":[{"embeddable":true,"href":"https:\/\/ospitalarioakfundazioaeuskadi.org\/es\/wp-json\/wp\/v2\/users\/5"}],"replies":[{"embeddable":true,"href":"https:\/\/ospitalarioakfundazioaeuskadi.org\/es\/wp-json\/wp\/v2\/comments?post=64050"}],"version-history":[{"count":4,"href":"https:\/\/ospitalarioakfundazioaeuskadi.org\/es\/wp-json\/wp\/v2\/posts\/64050\/revisions"}],"predecessor-version":[{"id":64080,"href":"https:\/\/ospitalarioakfundazioaeuskadi.org\/es\/wp-json\/wp\/v2\/posts\/64050\/revisions\/64080"}],"wp:featuredmedia":[{"embeddable":true,"href":"https:\/\/ospitalarioakfundazioaeuskadi.org\/es\/wp-json\/wp\/v2\/media\/64074"}],"wp:attachment":[{"href":"https:\/\/ospitalarioakfundazioaeuskadi.org\/es\/wp-json\/wp\/v2\/media?parent=64050"}],"wp:term":[{"taxonomy":"category","embeddable":true,"href":"https:\/\/ospitalarioakfundazioaeuskadi.org\/es\/wp-json\/wp\/v2\/categories?post=64050"},{"taxonomy":"post_tag","embeddable":true,"href":"https:\/\/ospitalarioakfundazioaeuskadi.org\/es\/wp-json\/wp\/v2\/tags?post=64050"},{"taxonomy":"linea-asistencial","embeddable":true,"href":"https:\/\/ospitalarioakfundazioaeuskadi.org\/es\/wp-json\/wp\/v2\/linea-asistencial?post=64050"}],"curies":[{"name":"wp","href":"https:\/\/api.w.org\/{rel}","templated":true}]}}