{"id":64314,"date":"2023-12-05T10:01:31","date_gmt":"2023-12-05T10:01:31","guid":{"rendered":"https:\/\/www.aita-menni.org\/?p=64314"},"modified":"2023-12-12T19:24:02","modified_gmt":"2023-12-12T19:24:02","slug":"programacion-adviento-navidad-2023","status":"publish","type":"post","link":"https:\/\/ospitalarioakfundazioaeuskadi.org\/es\/programacion-adviento-navidad-2023\/","title":{"rendered":"Empieza nuestra programaci\u00f3n de Adviento y Navidad"},"content":{"rendered":"<p>Llega diciembre y, como cada a\u00f1o, inauguramos nuestro tradicional Programa de Adviento y Navidad en el <a href=\"https:\/\/ospitalarioakfundazioaeuskadi.org\/es\/centro\/hospital-aita-menni\/\">Hospital Aita Menni<\/a>. <a href=\"https:\/\/ospitalarioakfundazioaeuskadi.org\/es\/dia-internacional-personas-con-discapacidad\/\" target=\"_blank\" rel=\"noopener\">Murales por el D\u00eda Internacional de la Discapacidad<\/a> conviven con espumill\u00f3n, tarjetas navide\u00f1as, \u00e1rboles de Navidad, figuras del Olentzero y Mari Domingi, creando un ambiente festivo y acogedor en el que hay siempre espacio para la m\u00fasica.<\/p>\n<p>El s\u00e1bado, d\u00eda 2, pacientes de todas las Unidades pudieron disfrutar de un concierto del acordeonista <strong><a href=\"https:\/\/es.wikipedia.org\/wiki\/Julen_Murga\" target=\"_blank\" rel=\"nofollow noopener\">Julen Murga<\/a><\/strong>, ganador en 2022 del primer premio del Certamen de Acorde\u00f3n de Arrasate en la categor\u00eda Senior. El Certamen Internacional Arrasate Hiria, que se celebra a primeros de diciembre y que en esta XXX edici\u00f3n congregar\u00e1 a 300 int\u00e9rpretes de este instrumento, ha querido estar nuevamente en nuestro hospital.<\/p>\n<p><a href=\"https:\/\/www.ospitalarioakfundazioaeuskadi.org\/wp-content\/uploads\/2023\/12\/Euskareren-Eguna.jpg\"><img loading=\"lazy\" decoding=\"async\" class=\"alignleft size-full wp-image-64339\" src=\"https:\/\/www.ospitalarioakfundazioaeuskadi.org\/wp-content\/uploads\/2023\/12\/Euskareren-Eguna.jpg\" alt=\"\" width=\"850\" height=\"638\" title=\"\" srcset=\"https:\/\/ospitalarioakfundazioaeuskadi.org\/wp-content\/uploads\/2023\/12\/Euskareren-Eguna.jpg 850w, https:\/\/ospitalarioakfundazioaeuskadi.org\/wp-content\/uploads\/2023\/12\/Euskareren-Eguna-425x319.jpg 425w, https:\/\/ospitalarioakfundazioaeuskadi.org\/wp-content\/uploads\/2023\/12\/Euskareren-Eguna-768x576.jpg 768w\" sizes=\"auto, (max-width: 850px) 100vw, 850px\" \/><\/a><\/p>\n<p>El d\u00eda 4 celebramos el Euskararen Eguna, con muchos y diversos actos, entre ellos un taller de lectura y debate.<\/p>\n<p>El lunes 11, volver\u00e1 la m\u00fasica al sal\u00f3n de actos \u201cJuan Carlos Irizar\u201d con la actuaci\u00f3n del Coro del Hospital Aita Menni junto al Coro de O\u00f1ati, que nos va a acompa\u00f1ar en un concierto conjunto.<\/p>\n<p>Entre los actos m\u00e1s destacados del programa, el martes 19 celebraremos el XI Certamen de Villancicos, en el que participar\u00e1n las distintas Unidades. El mismo d\u00eda tendr\u00e1 lugar la entrega de premios a las tarjetas de Navidad realizadas con m\u00e1s creatividad y esmero y, al avanzar los d\u00edas, llegar\u00e1n Olentzero y Mari Domingi, y tambi\u00e9n la Luz de Bel\u00e9n. Adem\u00e1s, el d\u00eda 21 honraremos a Santo Tom\u00e1s en una gran fiesta con las familias en la que no faltar\u00e1 el ya tradicional mercadillo solidario. Para celebrar el nacimiento del Ni\u00f1o Dios, cena especial de Nochebuena y comida de Navidad.<\/p>\n<p><a href=\"https:\/\/www.ospitalarioakfundazioaeuskadi.org\/wp-content\/uploads\/2023\/12\/Programacion-Adviento-y-Navidad-2023.jpg\"><img loading=\"lazy\" decoding=\"async\" class=\"alignleft size-large wp-image-64322\" src=\"https:\/\/www.ospitalarioakfundazioaeuskadi.org\/wp-content\/uploads\/2023\/12\/Programacion-Adviento-y-Navidad-2023-850x545.jpg\" alt=\"\" width=\"850\" height=\"545\" title=\"\" srcset=\"https:\/\/ospitalarioakfundazioaeuskadi.org\/wp-content\/uploads\/2023\/12\/Programacion-Adviento-y-Navidad-2023-850x545.jpg 850w, https:\/\/ospitalarioakfundazioaeuskadi.org\/wp-content\/uploads\/2023\/12\/Programacion-Adviento-y-Navidad-2023-425x272.jpg 425w, https:\/\/ospitalarioakfundazioaeuskadi.org\/wp-content\/uploads\/2023\/12\/Programacion-Adviento-y-Navidad-2023-768x492.jpg 768w, https:\/\/ospitalarioakfundazioaeuskadi.org\/wp-content\/uploads\/2023\/12\/Programacion-Adviento-y-Navidad-2023.jpg 1108w\" sizes=\"auto, (max-width: 850px) 100vw, 850px\" \/><\/a><\/p>\n<p>M\u00fasica de nuevo el jueves 28, esta vez de percusi\u00f3n con una batukada, para dar paso al cotill\u00f3n de fin de a\u00f1o, en el que no faltar\u00e1n las campanadas, y la comida de A\u00f1o Nuevo, con una tarde de cine. El programa finalizar\u00e1 con la esperada cabalgata de Reyes y una eucarist\u00eda el d\u00eda 5 de enero.<\/p>\n<p><strong>\u00a1Feliz Navidad! \u00a1Gabon zoriontsuak!<\/strong><\/p>\n","protected":false},"excerpt":{"rendered":"<div class=\"entry-summary\">\nUn variado programa de eventos, repleto de actos de todo tipo, con villancicos, tarjetas navide\u00f1as, luces y guirnaldas, llena de calidez el Hospital Aita Menni durante estas fechas tan especiales.\n<\/div>\n<div class=\"link-more\"><a href=\"https:\/\/ospitalarioakfundazioaeuskadi.org\/es\/programacion-adviento-navidad-2023\/\" class=\"more-link\">Seguir leyendo<span class=\"screen-reader-text\"> &ldquo;Empieza nuestra programaci\u00f3n de Adviento y Navidad&rdquo;<\/span>&hellip;<\/a><\/div>\n","protected":false},"author":5,"featured_media":64315,"comment_status":"closed","ping_status":"closed","sticky":false,"template":"","format":"standard","meta":{"footnotes":""},"categories":[646,1008,1062,1107,1105],"tags":[],"linea-asistencial":[],"class_list":["post-64314","post","type-post","status-publish","format-standard","has-post-thumbnail","hentry","category-aita-menni","category-hospital-aita-menni","category-larga-estancia","category-media-estancia","category-unidad-de-supervision-media","entry"],"_links":{"self":[{"href":"https:\/\/ospitalarioakfundazioaeuskadi.org\/es\/wp-json\/wp\/v2\/posts\/64314","targetHints":{"allow":["GET"]}}],"collection":[{"href":"https:\/\/ospitalarioakfundazioaeuskadi.org\/es\/wp-json\/wp\/v2\/posts"}],"about":[{"href":"https:\/\/ospitalarioakfundazioaeuskadi.org\/es\/wp-json\/wp\/v2\/types\/post"}],"author":[{"embeddable":true,"href":"https:\/\/ospitalarioakfundazioaeuskadi.org\/es\/wp-json\/wp\/v2\/users\/5"}],"replies":[{"embeddable":true,"href":"https:\/\/ospitalarioakfundazioaeuskadi.org\/es\/wp-json\/wp\/v2\/comments?post=64314"}],"version-history":[{"count":3,"href":"https:\/\/ospitalarioakfundazioaeuskadi.org\/es\/wp-json\/wp\/v2\/posts\/64314\/revisions"}],"predecessor-version":[{"id":64347,"href":"https:\/\/ospitalarioakfundazioaeuskadi.org\/es\/wp-json\/wp\/v2\/posts\/64314\/revisions\/64347"}],"wp:featuredmedia":[{"embeddable":true,"href":"https:\/\/ospitalarioakfundazioaeuskadi.org\/es\/wp-json\/wp\/v2\/media\/64315"}],"wp:attachment":[{"href":"https:\/\/ospitalarioakfundazioaeuskadi.org\/es\/wp-json\/wp\/v2\/media?parent=64314"}],"wp:term":[{"taxonomy":"category","embeddable":true,"href":"https:\/\/ospitalarioakfundazioaeuskadi.org\/es\/wp-json\/wp\/v2\/categories?post=64314"},{"taxonomy":"post_tag","embeddable":true,"href":"https:\/\/ospitalarioakfundazioaeuskadi.org\/es\/wp-json\/wp\/v2\/tags?post=64314"},{"taxonomy":"linea-asistencial","embeddable":true,"href":"https:\/\/ospitalarioakfundazioaeuskadi.org\/es\/wp-json\/wp\/v2\/linea-asistencial?post=64314"}],"curies":[{"name":"wp","href":"https:\/\/api.w.org\/{rel}","templated":true}]}}