{"id":64434,"date":"2023-12-15T15:46:05","date_gmt":"2023-12-15T15:46:05","guid":{"rendered":"https:\/\/www.aita-menni.org\/?p=64434"},"modified":"2023-12-15T15:50:47","modified_gmt":"2023-12-15T15:50:47","slug":"navidad-2023-hospital-aita-menni","status":"publish","type":"post","link":"https:\/\/ospitalarioakfundazioaeuskadi.org\/es\/navidad-2023-hospital-aita-menni\/","title":{"rendered":"Pacientes de todas nuestras Unidades disfrutan de la Navidad en el Hospital Aita Menni"},"content":{"rendered":"<p>El pasado d\u00eda 11 acudi\u00f3 de nuevo al <a href=\"https:\/\/ospitalarioakfundazioaeuskadi.org\/es\/centro\/hospital-aita-menni\/\">Hospital Aita Menni<\/a> el coro de O\u00f1ate para cantar, una Navidad m\u00e1s, junto a nuestro coro del Hospital. En primer plano se colocaron, sentadas, las personas que forman parte del coro de pacientes, y detr\u00e1s, quienes integran el coro de O\u00f1ate. Escuchar a todo el conjunto coral fue extraordinario, ver c\u00f3mo sumando voces las canciones suenan diferente. De alguna manera, el coro \u00abprofesional\u00bb envolv\u00eda a nuestro coro, no solamente en el sonido, sino tambi\u00e9n en la escenificaci\u00f3n de las piezas ante el p\u00fablico asistente, que disfrut\u00f3 mucho porque todo lo que sucedi\u00f3 sobre el escenario result\u00f3 muy natural y espont\u00e1neo.<\/p>\n<p>Al finalizar la actuaci\u00f3n, ambos coros compartieron un rato agradable en la cafeter\u00eda en torno a unas tortillas de patatas y un refresco. Queremos dar las gracias a cada una de las personas que componen el coro de O\u00f1ate por ofrecerse a venir, por ser tan amables, por centrarse tanto y acompa\u00f1ar a nuestros y nuestras pacientes, por acompa\u00f1arlos, por hablarles, por hacer posible esta experiencia tan inclusiva.<\/p>\n<p>Aprovechamos para transmitir desde aqu\u00ed tambi\u00e9n nuestro agradecimiento especial a la directora de nuestro coro, <strong>Arantzazu Saiz<\/strong>, por su fant\u00e1stica labor.<\/p>\n<p><a href=\"https:\/\/www.ospitalarioakfundazioaeuskadi.org\/wp-content\/uploads\/2023\/12\/Actuacion-con-el-Coro-de-Onate.jpg\"><img loading=\"lazy\" decoding=\"async\" class=\"size-full wp-image-64441 alignnone\" src=\"https:\/\/www.ospitalarioakfundazioaeuskadi.org\/wp-content\/uploads\/2023\/12\/Actuacion-con-el-Coro-de-Onate.jpg\" alt=\"\" width=\"850\" height=\"478\" title=\"\" srcset=\"https:\/\/ospitalarioakfundazioaeuskadi.org\/wp-content\/uploads\/2023\/12\/Actuacion-con-el-Coro-de-Onate.jpg 850w, https:\/\/ospitalarioakfundazioaeuskadi.org\/wp-content\/uploads\/2023\/12\/Actuacion-con-el-Coro-de-Onate-425x239.jpg 425w, https:\/\/ospitalarioakfundazioaeuskadi.org\/wp-content\/uploads\/2023\/12\/Actuacion-con-el-Coro-de-Onate-768x432.jpg 768w\" sizes=\"auto, (max-width: 850px) 100vw, 850px\" \/><\/a><\/p>\n<h2>Pasar el d\u00eda en Vitoria<\/h2>\n<p>Al d\u00eda siguiente, el martes, 12 de diciembre, se celebr\u00f3 en el sal\u00f3n de actos el <strong>Certamen de Villancicos<\/strong>. Pero, adem\u00e1s, ese mismo d\u00eda, un buen grupo de pacientes de la <a href=\"https:\/\/ospitalarioakfundazioaeuskadi.org\/es\/unidad\/unidad-psiquiatria-legal-mondragon\/\">Unidad de Psiquiatr\u00eda Legal<\/a>, la <a href=\"https:\/\/ospitalarioakfundazioaeuskadi.org\/es\/unidad\/unidad-cuidados-especiales\/\">Unidad de Cuidados Especiales<\/a>, la <a href=\"https:\/\/ospitalarioakfundazioaeuskadi.org\/es\/unidad\/discapacidad-intelectual-trastornos-conducta\/\">Unidad de Discapacidad Intelectual<\/a> y la <a href=\"https:\/\/ospitalarioakfundazioaeuskadi.org\/es\/unidad\/unidad-de-discapacidad-intelectual-en-transicion\/\">Unidad de Discapacidad Intelectual en Transici\u00f3n<\/a> se animaron a pasar el d\u00eda por Vitoria-Gasteiz.<\/p>\n<p>Comenzaron la jornada visitando el bel\u00e9n monumental de la Florida, que recrea la aldea en la que naci\u00f3 Jes\u00fas. Despu\u00e9s, decidieron adentrarse en la Almendra Medieval, para visitar las plazas de la Virgen Blanca y del Machete, los Arquillos, el monumento de Celed\u00f3n y pasear por calles emblem\u00e1ticas como Cuchiller\u00eda, Pintorer\u00eda y Zapater\u00eda.<\/p>\n<p>Tras visitar estos rincones, el grupo de cada Unidad almorz\u00f3 en uno de los restaurantes de estas calles.\u00a0La visita culmin\u00f3 con unas compras navide\u00f1as y un peque\u00f1o descanso en las cafeter\u00edas pr\u00f3ximas a la catedral de Mar\u00eda Inmaculada.<\/p>\n<p>Las personas que acudieron a la excursi\u00f3n disfrutaron mucho conociendo la ciudad y de la comida. Adem\u00e1s, esta salida permiti\u00f3 que se establecieran relaciones entre pacientes de distintas unidades y que todos juntos disfrutaran de la compa\u00f1\u00eda visitando diferentes rincones de la ciudad.<\/p>\n","protected":false},"excerpt":{"rendered":"<div class=\"entry-summary\">\nEs emocionante ver cu\u00e1nto agradecen la decoraci\u00f3n navide\u00f1a y actos programados como el concierto del coro del Hospital Aita Menni junto al Coro de O\u00f1ate, el certamen de villancicos o la excursi\u00f3n a Vitoria.\n<\/div>\n<div class=\"link-more\"><a href=\"https:\/\/ospitalarioakfundazioaeuskadi.org\/es\/navidad-2023-hospital-aita-menni\/\" class=\"more-link\">Seguir leyendo<span class=\"screen-reader-text\"> &ldquo;Pacientes de todas nuestras Unidades disfrutan de la Navidad en el Hospital Aita Menni&rdquo;<\/span>&hellip;<\/a><\/div>\n","protected":false},"author":5,"featured_media":64439,"comment_status":"closed","ping_status":"closed","sticky":false,"template":"","format":"standard","meta":{"footnotes":""},"categories":[646],"tags":[],"linea-asistencial":[982,979],"class_list":["post-64434","post","type-post","status-publish","format-standard","has-post-thumbnail","hentry","category-aita-menni","linea-asistencial-2-discapacidad-intelectual","linea-asistencial-1-salud-mental","entry"],"_links":{"self":[{"href":"https:\/\/ospitalarioakfundazioaeuskadi.org\/es\/wp-json\/wp\/v2\/posts\/64434","targetHints":{"allow":["GET"]}}],"collection":[{"href":"https:\/\/ospitalarioakfundazioaeuskadi.org\/es\/wp-json\/wp\/v2\/posts"}],"about":[{"href":"https:\/\/ospitalarioakfundazioaeuskadi.org\/es\/wp-json\/wp\/v2\/types\/post"}],"author":[{"embeddable":true,"href":"https:\/\/ospitalarioakfundazioaeuskadi.org\/es\/wp-json\/wp\/v2\/users\/5"}],"replies":[{"embeddable":true,"href":"https:\/\/ospitalarioakfundazioaeuskadi.org\/es\/wp-json\/wp\/v2\/comments?post=64434"}],"version-history":[{"count":3,"href":"https:\/\/ospitalarioakfundazioaeuskadi.org\/es\/wp-json\/wp\/v2\/posts\/64434\/revisions"}],"predecessor-version":[{"id":64462,"href":"https:\/\/ospitalarioakfundazioaeuskadi.org\/es\/wp-json\/wp\/v2\/posts\/64434\/revisions\/64462"}],"wp:featuredmedia":[{"embeddable":true,"href":"https:\/\/ospitalarioakfundazioaeuskadi.org\/es\/wp-json\/wp\/v2\/media\/64439"}],"wp:attachment":[{"href":"https:\/\/ospitalarioakfundazioaeuskadi.org\/es\/wp-json\/wp\/v2\/media?parent=64434"}],"wp:term":[{"taxonomy":"category","embeddable":true,"href":"https:\/\/ospitalarioakfundazioaeuskadi.org\/es\/wp-json\/wp\/v2\/categories?post=64434"},{"taxonomy":"post_tag","embeddable":true,"href":"https:\/\/ospitalarioakfundazioaeuskadi.org\/es\/wp-json\/wp\/v2\/tags?post=64434"},{"taxonomy":"linea-asistencial","embeddable":true,"href":"https:\/\/ospitalarioakfundazioaeuskadi.org\/es\/wp-json\/wp\/v2\/linea-asistencial?post=64434"}],"curies":[{"name":"wp","href":"https:\/\/api.w.org\/{rel}","templated":true}]}}