{"id":65480,"date":"2024-02-09T21:35:55","date_gmt":"2024-02-09T21:35:55","guid":{"rendered":"https:\/\/www.aita-menni.org\/?p=65480"},"modified":"2025-06-18T12:44:16","modified_gmt":"2025-06-18T12:44:16","slug":"direcxtor-asistenbcial-visita-centros-aita-menni","status":"publish","type":"post","link":"https:\/\/ospitalarioakfundazioaeuskadi.org\/es\/direcxtor-asistenbcial-visita-centros-aita-menni\/","title":{"rendered":"El nuevo director asistencial y educativo de Hermanas Hospitalarias visita la red de centros de Aita Menni"},"content":{"rendered":"<div dir=\"ltr\">\n<p><strong>Alejandro Florit<\/strong>, <a href=\"https:\/\/ospitalarioakfundazioaeuskadi.org\/es\/alejandro-florit-nuevo-director-asistencial-de-hermanas-hospitalarias\/\">nuevo director asistencial y educativo de Hermanas Hospitalarias Espa\u00f1a<\/a>, ha compartido unos d\u00edas con nosotros en los que ha podido visitar distintos recursos de Aita Menni: <a href=\"https:\/\/ospitalarioakfundazioaeuskadi.org\/es\/centro\/centro-musakola\/\">Musakola Zentroa<\/a>, el <a href=\"https:\/\/ospitalarioakfundazioaeuskadi.org\/es\/centro\/centro-dano-cerebral-aita-menni-bilbao\/\">Centro de Neurorrehabilitaci\u00f3n de Bilbao<\/a>, las residencias <a href=\"https:\/\/ospitalarioakfundazioaeuskadi.org\/es\/centro\/residencia-mayores-bilbao-txurdinagabarri\/\">Txurdinagabarri<\/a>, <a href=\"https:\/\/ospitalarioakfundazioaeuskadi.org\/es\/centro\/residencia-mayores-durango-barandiaran\/\">Barandiaran<\/a> y <a href=\"https:\/\/ospitalarioakfundazioaeuskadi.org\/es\/centro\/residencia-mayores-onate-san-martin\/\">San Mart\u00edn<\/a>, el <a href=\"https:\/\/ospitalarioakfundazioaeuskadi.org\/es\/centro\/centro-ibarra\/\">Centro Residencial Jes\u00fas Mar\u00eda de Orozko<\/a> y la <a href=\"https:\/\/ospitalarioakfundazioaeuskadi.org\/es\/centro\/hospital-de-eibar-unidad-sociosanitaria\/\">Unidad Sociosanitaria del Hospital de Eibar<\/a>, el <a href=\"https:\/\/ospitalarioakfundazioaeuskadi.org\/es\/centro\/centro-dano-cerebral-aita-menni-san-sebastian\/\">Centro de D\u00eda de Da\u00f1o Cerebral de Zuatzu<\/a>, el <a href=\"https:\/\/ospitalarioakfundazioaeuskadi.org\/es\/centro\/centro-de-rehabilitacion-psicosocial-de-san-sebastian\/\">CRPS Maldatxo<\/a>, <a href=\"https:\/\/ospitalarioakfundazioaeuskadi.org\/es\/centro\/zubi-etxe\/\">Zubi Etxe<\/a> y el servicio de ayudas t\u00e9cnicas a la dependencia <a href=\"https:\/\/ospitalarioakfundazioaeuskadi.org\/es\/centro\/etxetek-san-sebastian\/\">Etxetek<\/a>.<\/p>\n<\/div>\n<div dir=\"ltr\">\n<p>En el <a href=\"https:\/\/ospitalarioakfundazioaeuskadi.org\/es\/centro\/hospital-aita-menni\/\">Hospital Aita Menni<\/a> visit\u00f3 la Unidad Sociosanitaria de Adolescentes y la <a href=\"https:\/\/ospitalarioakfundazioaeuskadi.org\/es\/unidad\/unidad-de-discapacidad-intelectual-en-transicion\/\">Unidad de Discapacidad Intelectual en Transici\u00f3n<\/a> (UDITRAC Transici\u00f3n).<\/p>\n<p>Adem\u00e1s de conocer de primera mano estos recursos, ha podido compartir un tiempo con los profesionales que est\u00e1n en el d\u00eda a d\u00eda al servicio de los pacientes, usuarios y familias.<\/p>\n<p>&nbsp;<\/p>\n<\/div>\n<div dir=\"ltr\"><\/div>\n<div dir=\"ltr\">\n<figure id=\"attachment_65487\" aria-describedby=\"caption-attachment-65487\" style=\"width: 637px\" class=\"wp-caption alignnone\"><img loading=\"lazy\" decoding=\"async\" class=\"size-full wp-image-65487\" src=\"https:\/\/www.ospitalarioakfundazioaeuskadi.org\/wp-content\/uploads\/2024\/02\/20240208-visita-florit-4.jpg\" alt=\"\" width=\"637\" height=\"850\" title=\"\" srcset=\"https:\/\/ospitalarioakfundazioaeuskadi.org\/wp-content\/uploads\/2024\/02\/20240208-visita-florit-4.jpg 637w, https:\/\/ospitalarioakfundazioaeuskadi.org\/wp-content\/uploads\/2024\/02\/20240208-visita-florit-4-319x425.jpg 319w\" sizes=\"auto, (max-width: 637px) 100vw, 637px\" \/><figcaption id=\"caption-attachment-65487\" class=\"wp-caption-text\">En Zubi Etxe, centro de discapacidad intelectual en San Sebasti\u00e1n.<\/figcaption><\/figure>\n<figure id=\"attachment_65485\" aria-describedby=\"caption-attachment-65485\" style=\"width: 638px\" class=\"wp-caption alignnone\"><img loading=\"lazy\" decoding=\"async\" class=\"size-full wp-image-65485\" src=\"https:\/\/www.ospitalarioakfundazioaeuskadi.org\/wp-content\/uploads\/2024\/02\/20240208-visita-florit-3.jpg\" alt=\"\" width=\"638\" height=\"850\" title=\"\" srcset=\"https:\/\/ospitalarioakfundazioaeuskadi.org\/wp-content\/uploads\/2024\/02\/20240208-visita-florit-3.jpg 638w, https:\/\/ospitalarioakfundazioaeuskadi.org\/wp-content\/uploads\/2024\/02\/20240208-visita-florit-3-319x425.jpg 319w\" sizes=\"auto, (max-width: 638px) 100vw, 638px\" \/><figcaption id=\"caption-attachment-65485\" class=\"wp-caption-text\">En el CRPS Maldatxo, en San Sebasti\u00e1n.<\/figcaption><\/figure>\n<figure id=\"attachment_65483\" aria-describedby=\"caption-attachment-65483\" style=\"width: 850px\" class=\"wp-caption alignnone\"><img loading=\"lazy\" decoding=\"async\" class=\"size-full wp-image-65483\" src=\"https:\/\/www.ospitalarioakfundazioaeuskadi.org\/wp-content\/uploads\/2024\/02\/20240208-visita-florit-2.jpg\" alt=\"\" width=\"850\" height=\"638\" title=\"\" srcset=\"https:\/\/ospitalarioakfundazioaeuskadi.org\/wp-content\/uploads\/2024\/02\/20240208-visita-florit-2.jpg 850w, https:\/\/ospitalarioakfundazioaeuskadi.org\/wp-content\/uploads\/2024\/02\/20240208-visita-florit-2-425x319.jpg 425w, https:\/\/ospitalarioakfundazioaeuskadi.org\/wp-content\/uploads\/2024\/02\/20240208-visita-florit-2-768x576.jpg 768w\" sizes=\"auto, (max-width: 850px) 100vw, 850px\" \/><figcaption id=\"caption-attachment-65483\" class=\"wp-caption-text\">Visitando las instalaciones de Etxetek en la capital guipuzcoana.<\/figcaption><\/figure>\n<\/div>\n","protected":false},"excerpt":{"rendered":"<div class=\"entry-summary\">\nAlejandro Florit, nuevo director asistencial y educativo de Hermanas Hospitalarias Espa\u00f1a, ha compartido unos d\u00edas con nosotros en los que ha podido visitar distintos recursos de Aita Menni: Musakola Zentroa, el Centro de Neurorrehabilitaci\u00f3n de Bilbao, las residencias Txurdinagabarri, Barandiaran&hellip;\n<\/div>\n<div class=\"link-more\"><a href=\"https:\/\/ospitalarioakfundazioaeuskadi.org\/es\/direcxtor-asistenbcial-visita-centros-aita-menni\/\" class=\"more-link\">Seguir leyendo<span class=\"screen-reader-text\"> &ldquo;El nuevo director asistencial y educativo de Hermanas Hospitalarias visita la red de centros de Aita Menni&rdquo;<\/span>&hellip;<\/a><\/div>\n","protected":false},"author":1,"featured_media":65489,"comment_status":"closed","ping_status":"closed","sticky":false,"template":"","format":"standard","meta":{"footnotes":""},"categories":[646,1115,664],"tags":[],"linea-asistencial":[],"class_list":["post-65480","post","type-post","status-publish","format-standard","has-post-thumbnail","hentry","category-aita-menni","category-centro-ibarra","category-hermanas-hospitalarias","entry"],"_links":{"self":[{"href":"https:\/\/ospitalarioakfundazioaeuskadi.org\/es\/wp-json\/wp\/v2\/posts\/65480","targetHints":{"allow":["GET"]}}],"collection":[{"href":"https:\/\/ospitalarioakfundazioaeuskadi.org\/es\/wp-json\/wp\/v2\/posts"}],"about":[{"href":"https:\/\/ospitalarioakfundazioaeuskadi.org\/es\/wp-json\/wp\/v2\/types\/post"}],"author":[{"embeddable":true,"href":"https:\/\/ospitalarioakfundazioaeuskadi.org\/es\/wp-json\/wp\/v2\/users\/1"}],"replies":[{"embeddable":true,"href":"https:\/\/ospitalarioakfundazioaeuskadi.org\/es\/wp-json\/wp\/v2\/comments?post=65480"}],"version-history":[{"count":3,"href":"https:\/\/ospitalarioakfundazioaeuskadi.org\/es\/wp-json\/wp\/v2\/posts\/65480\/revisions"}],"predecessor-version":[{"id":73923,"href":"https:\/\/ospitalarioakfundazioaeuskadi.org\/es\/wp-json\/wp\/v2\/posts\/65480\/revisions\/73923"}],"wp:featuredmedia":[{"embeddable":true,"href":"https:\/\/ospitalarioakfundazioaeuskadi.org\/es\/wp-json\/wp\/v2\/media\/65489"}],"wp:attachment":[{"href":"https:\/\/ospitalarioakfundazioaeuskadi.org\/es\/wp-json\/wp\/v2\/media?parent=65480"}],"wp:term":[{"taxonomy":"category","embeddable":true,"href":"https:\/\/ospitalarioakfundazioaeuskadi.org\/es\/wp-json\/wp\/v2\/categories?post=65480"},{"taxonomy":"post_tag","embeddable":true,"href":"https:\/\/ospitalarioakfundazioaeuskadi.org\/es\/wp-json\/wp\/v2\/tags?post=65480"},{"taxonomy":"linea-asistencial","embeddable":true,"href":"https:\/\/ospitalarioakfundazioaeuskadi.org\/es\/wp-json\/wp\/v2\/linea-asistencial?post=65480"}],"curies":[{"name":"wp","href":"https:\/\/api.w.org\/{rel}","templated":true}]}}