{"id":66012,"date":"2024-03-12T08:47:29","date_gmt":"2024-03-12T08:47:29","guid":{"rendered":"https:\/\/www.aita-menni.org\/?p=66012"},"modified":"2024-03-12T09:23:00","modified_gmt":"2024-03-12T09:23:00","slug":"8-marzo-2024-igualdad","status":"publish","type":"post","link":"https:\/\/ospitalarioakfundazioaeuskadi.org\/es\/8-marzo-2024-igualdad\/","title":{"rendered":"8 de marzo: la importancia de las redes de apoyo para promover la igualdad"},"content":{"rendered":"<p>Pacientes y profesionales de todas las Unidades del <a href=\"https:\/\/ospitalarioakfundazioaeuskadi.org\/es\/centro\/hospital-aita-menni\/\">Hospital Aita Menni<\/a> en Arrasate-Mondrag\u00f3n participaron en la celebraci\u00f3n del <a href=\"https:\/\/www.un.org\/es\/observances\/womens-day\" target=\"_blank\" rel=\"nofollow noopener\">D\u00eda Internacional de las Mujeres<\/a> el pasado 8 de marzo. Seg\u00fan nos cuenta <strong>Amaia Segovia<\/strong>, nueva coordinadora del Servicio de Rehabilitaci\u00f3n y Dinamizaci\u00f3n Social, con ayuda de las monitoras se llevaron a cabo varias actividades:<\/p>\n<ul>\n<li>una \u201ctela de ara\u00f1a\u201d tejida entre todos y todas simboliz\u00f3 la red de sororidad de las mujeres y la importancia de los apoyos para promover la igualdad;<\/li>\n<li>un \u201cmicr\u00f3fono abierto\u201d, para que todas las personas que quisieron expresar con palabras sus reflexiones en torno a la equidad pudieran hacerlo;<\/li>\n<li>un juego de palabras, para reflexionar sobre algunos t\u00e9rminos relacionados con la igualdad de g\u00e9nero en distintos entornos;<\/li>\n<li>y, para terminar, un poquito de baile para hacer festivas las reivindicaciones de una sociedad igualitaria.<\/li>\n<\/ul>\n<p>Para se\u00f1alar el d\u00eda, que las Naciones Unidas han conmemorado bajo el lema <a href=\"https:\/\/www.unwomen.org\/es\/participe\/dia-internacional-de-la-mujer\" target=\"_blank\" rel=\"nofollow noopener\">\u201cInvertir en las mujeres, acelerar el progreso\u201d<\/a>, se elaboraron murales que decoraron distintas estancias del centro. Adem\u00e1s, todo el mundo pod\u00eda lucir unas pegatinas alusivas al 8 de marzo.<\/p>\n<p>La activa participaci\u00f3n en estas actividades del 8M, un a\u00f1o m\u00e1s, reflej\u00f3 el compromiso con la igualdad entre mujeres y hombres, resaltando la importancia de alcanzar los mismos derechos y oportunidades entre g\u00e9neros y de erradicar cualquier forma de discriminaci\u00f3n y violencia de g\u00e9nero.<\/p>\n<p><a href=\"https:\/\/www.ospitalarioakfundazioaeuskadi.org\/wp-content\/uploads\/2024\/03\/8M2024AitaMenni1.jpg\"><img loading=\"lazy\" decoding=\"async\" class=\"alignnone wp-image-66022 size-full\" src=\"https:\/\/www.ospitalarioakfundazioaeuskadi.org\/wp-content\/uploads\/2024\/03\/8M2024AitaMenni1.jpg\" alt=\"Pancarta sobre el 8 de Marzo\" width=\"850\" height=\"567\" title=\"\" srcset=\"https:\/\/ospitalarioakfundazioaeuskadi.org\/wp-content\/uploads\/2024\/03\/8M2024AitaMenni1.jpg 850w, https:\/\/ospitalarioakfundazioaeuskadi.org\/wp-content\/uploads\/2024\/03\/8M2024AitaMenni1-425x284.jpg 425w, https:\/\/ospitalarioakfundazioaeuskadi.org\/wp-content\/uploads\/2024\/03\/8M2024AitaMenni1-768x512.jpg 768w\" sizes=\"auto, (max-width: 850px) 100vw, 850px\" \/><\/a><\/p>\n","protected":false},"excerpt":{"rendered":"<div class=\"entry-summary\">\nLas distintas Unidades del Hospital Aita Menni en Mondrag\u00f3n celebran el 8 de marzo, D\u00eda Internacional de las Mujeres, con distintas actividades para recordar la necesidad de luchar contra las desigualdades de g\u00e9nero.\n<\/div>\n<div class=\"link-more\"><a href=\"https:\/\/ospitalarioakfundazioaeuskadi.org\/es\/8-marzo-2024-igualdad\/\" class=\"more-link\">Seguir leyendo<span class=\"screen-reader-text\"> &ldquo;8 de marzo: la importancia de las redes de apoyo para promover la igualdad&rdquo;<\/span>&hellip;<\/a><\/div>\n","protected":false},"author":5,"featured_media":66013,"comment_status":"closed","ping_status":"closed","sticky":false,"template":"","format":"standard","meta":{"footnotes":""},"categories":[646,1008],"tags":[],"linea-asistencial":[],"class_list":["post-66012","post","type-post","status-publish","format-standard","has-post-thumbnail","hentry","category-aita-menni","category-hospital-aita-menni","entry"],"_links":{"self":[{"href":"https:\/\/ospitalarioakfundazioaeuskadi.org\/es\/wp-json\/wp\/v2\/posts\/66012","targetHints":{"allow":["GET"]}}],"collection":[{"href":"https:\/\/ospitalarioakfundazioaeuskadi.org\/es\/wp-json\/wp\/v2\/posts"}],"about":[{"href":"https:\/\/ospitalarioakfundazioaeuskadi.org\/es\/wp-json\/wp\/v2\/types\/post"}],"author":[{"embeddable":true,"href":"https:\/\/ospitalarioakfundazioaeuskadi.org\/es\/wp-json\/wp\/v2\/users\/5"}],"replies":[{"embeddable":true,"href":"https:\/\/ospitalarioakfundazioaeuskadi.org\/es\/wp-json\/wp\/v2\/comments?post=66012"}],"version-history":[{"count":3,"href":"https:\/\/ospitalarioakfundazioaeuskadi.org\/es\/wp-json\/wp\/v2\/posts\/66012\/revisions"}],"predecessor-version":[{"id":66040,"href":"https:\/\/ospitalarioakfundazioaeuskadi.org\/es\/wp-json\/wp\/v2\/posts\/66012\/revisions\/66040"}],"wp:featuredmedia":[{"embeddable":true,"href":"https:\/\/ospitalarioakfundazioaeuskadi.org\/es\/wp-json\/wp\/v2\/media\/66013"}],"wp:attachment":[{"href":"https:\/\/ospitalarioakfundazioaeuskadi.org\/es\/wp-json\/wp\/v2\/media?parent=66012"}],"wp:term":[{"taxonomy":"category","embeddable":true,"href":"https:\/\/ospitalarioakfundazioaeuskadi.org\/es\/wp-json\/wp\/v2\/categories?post=66012"},{"taxonomy":"post_tag","embeddable":true,"href":"https:\/\/ospitalarioakfundazioaeuskadi.org\/es\/wp-json\/wp\/v2\/tags?post=66012"},{"taxonomy":"linea-asistencial","embeddable":true,"href":"https:\/\/ospitalarioakfundazioaeuskadi.org\/es\/wp-json\/wp\/v2\/linea-asistencial?post=66012"}],"curies":[{"name":"wp","href":"https:\/\/api.w.org\/{rel}","templated":true}]}}