{"id":66657,"date":"2024-04-22T12:25:35","date_gmt":"2024-04-22T12:25:35","guid":{"rendered":"https:\/\/www.aita-menni.org\/?p=66657"},"modified":"2024-04-22T12:40:22","modified_gmt":"2024-04-22T12:40:22","slug":"egoitz-zabala-benito-menni-martorell","status":"publish","type":"post","link":"https:\/\/ospitalarioakfundazioaeuskadi.org\/es\/egoitz-zabala-benito-menni-martorell\/","title":{"rendered":"Egoitz Zabala: \u00abTenemos que movilizarnos para transformar la sociedad, como har\u00eda hoy Benito Menni\u00bb"},"content":{"rendered":"<p>\u00abLa vulnerabilidad era el motor de Benito Menni y nos corresponde a nosotros saber mirar nuestro entorno para detectar las necesidades actuales, romper la invisibilizaci\u00f3n de las personas m\u00e1s fr\u00e1giles y movilizar para transformar la sociedad. La pena y la indiferencia no nos llevan a ning\u00fan sitio. Lo que realmente da frutos es la Hospitalidad\u00bb.<\/p>\n<p><strong>Egoitz Zabala<\/strong>, responsable de Identidad Hospitalaria de <a href=\"\/es\/\">Hermanas Hospitalarias Aita Menni<\/a>, ofreci\u00f3 el pasado 17 de abril una conferencia en el Hospital Sagrat Cor de Hermanas Hospitalarias en Martorell (Barcelona). \u00abTenemos que romper la invisibilizaci\u00f3n de las personas m\u00e1s fr\u00e1giles y movilizarnos para transformar la sociedad, tal y como lo har\u00eda hoy Benito Menni\u00bb subray\u00f3 en esta sesi\u00f3n \u2014calificada como muy inspiradora por la organizaci\u00f3n\u2014 nuestro tambi\u00e9n coordinador del <a href=\"https:\/\/ospitalarioakfundazioaeuskadi.org\/es\/hospitalidad\/pastoral-atencion-espiritual\/\">Servicio de Pastoral, Atenci\u00f3n religiosa y Espiritual<\/a>.<\/p>\n<p>Las ense\u00f1anzas del fundador del <a href=\"https:\/\/ospitalarioakfundazioaeuskadi.org\/es\/centro\/hospital-aita-menni\/\">Hospital Aita Menni<\/a> y cofundador de la congregaci\u00f3n de <a href=\"https:\/\/www.hospitalarias.org\" rel=\"nofollow noopener\" target=\"_blank\">Hermanas Hospitalarias<\/a> siguen siendo tan v\u00e1lidas en la actualidad tanto como en el tiempo que le toc\u00f3 vivir, dijo <strong>Egoitz Zabala<\/strong>, enfatizando que es preciso romper la invisibilidad de las personas fr\u00e1giles y movilizar esfuerzos para mejorar la sociedad, siguiendo el ejemplo de Benito Menni. \u00abHoy en d\u00eda es tan necesario como entonces dirigir nuestra mirada hacia las personas m\u00e1s vulnerables de la sociedad y dar respuesta a sus necesidades con el esp\u00edritu de San Benito Menni\u00bb, dijo.<\/p>\n<p>Nuestro fundador dedic\u00f3 su vida a ayudar especialmente a quienes sufr\u00edan enfermedades mentales o alg\u00fan tipo de discapacidad. Su carisma, basado en los principios de amor, compasi\u00f3n, dignidad y servicio, sigue siendo una gu\u00eda por su dedicaci\u00f3n a la mejor asistencia m\u00e9dica y por la atenci\u00f3n al cuidado espiritual de las personas enfermas, siempre para procurarles un bienestar integral, a trav\u00e9s de la Hospitalidad y la b\u00fasqueda constante de la justicia social.<\/p>\n","protected":false},"excerpt":{"rendered":"<div class=\"entry-summary\">\nEn una reciente conferencia en el Hospital Sagrat Cor de Hermanas Hospitalarias en Martorell, nuestro responsable de Identidad Hospitalaria destac\u00f3 la relevancia del legado de Benito Menni en la actualidad, resaltando su compromiso con las personas m\u00e1s vulnerables y la Hospitalidad como medio de transformaci\u00f3n social. Zabala enfatiz\u00f3 la necesidad de romper la invisibilidad de las personas fr\u00e1giles y movilizar esfuerzos para mejorar la sociedad, siguiendo el ejemplo de nuestro santo fundador.\n<\/div>\n<div class=\"link-more\"><a href=\"https:\/\/ospitalarioakfundazioaeuskadi.org\/es\/egoitz-zabala-benito-menni-martorell\/\" class=\"more-link\">Seguir leyendo<span class=\"screen-reader-text\"> &ldquo;Egoitz Zabala: \u00abTenemos que movilizarnos para transformar la sociedad, como har\u00eda hoy Benito Menni\u00bb&rdquo;<\/span>&hellip;<\/a><\/div>\n","protected":false},"author":5,"featured_media":66658,"comment_status":"closed","ping_status":"closed","sticky":false,"template":"","format":"standard","meta":{"footnotes":""},"categories":[646,664,1008,1048],"tags":[],"linea-asistencial":[],"class_list":["post-66657","post","type-post","status-publish","format-standard","has-post-thumbnail","hentry","category-aita-menni","category-hermanas-hospitalarias","category-hospital-aita-menni","category-pastoral-atencion-espiritual","entry"],"_links":{"self":[{"href":"https:\/\/ospitalarioakfundazioaeuskadi.org\/es\/wp-json\/wp\/v2\/posts\/66657","targetHints":{"allow":["GET"]}}],"collection":[{"href":"https:\/\/ospitalarioakfundazioaeuskadi.org\/es\/wp-json\/wp\/v2\/posts"}],"about":[{"href":"https:\/\/ospitalarioakfundazioaeuskadi.org\/es\/wp-json\/wp\/v2\/types\/post"}],"author":[{"embeddable":true,"href":"https:\/\/ospitalarioakfundazioaeuskadi.org\/es\/wp-json\/wp\/v2\/users\/5"}],"replies":[{"embeddable":true,"href":"https:\/\/ospitalarioakfundazioaeuskadi.org\/es\/wp-json\/wp\/v2\/comments?post=66657"}],"version-history":[{"count":3,"href":"https:\/\/ospitalarioakfundazioaeuskadi.org\/es\/wp-json\/wp\/v2\/posts\/66657\/revisions"}],"predecessor-version":[{"id":66692,"href":"https:\/\/ospitalarioakfundazioaeuskadi.org\/es\/wp-json\/wp\/v2\/posts\/66657\/revisions\/66692"}],"wp:featuredmedia":[{"embeddable":true,"href":"https:\/\/ospitalarioakfundazioaeuskadi.org\/es\/wp-json\/wp\/v2\/media\/66658"}],"wp:attachment":[{"href":"https:\/\/ospitalarioakfundazioaeuskadi.org\/es\/wp-json\/wp\/v2\/media?parent=66657"}],"wp:term":[{"taxonomy":"category","embeddable":true,"href":"https:\/\/ospitalarioakfundazioaeuskadi.org\/es\/wp-json\/wp\/v2\/categories?post=66657"},{"taxonomy":"post_tag","embeddable":true,"href":"https:\/\/ospitalarioakfundazioaeuskadi.org\/es\/wp-json\/wp\/v2\/tags?post=66657"},{"taxonomy":"linea-asistencial","embeddable":true,"href":"https:\/\/ospitalarioakfundazioaeuskadi.org\/es\/wp-json\/wp\/v2\/linea-asistencial?post=66657"}],"curies":[{"name":"wp","href":"https:\/\/api.w.org\/{rel}","templated":true}]}}