{"id":66668,"date":"2024-04-22T09:24:17","date_gmt":"2024-04-22T09:24:17","guid":{"rendered":"https:\/\/www.aita-menni.org\/?p=66668"},"modified":"2024-04-22T09:24:17","modified_gmt":"2024-04-22T09:24:17","slug":"residencia-txurdinagabarri-banco-alimentos-mercadillo","status":"publish","type":"post","link":"https:\/\/ospitalarioakfundazioaeuskadi.org\/es\/residencia-txurdinagabarri-banco-alimentos-mercadillo\/","title":{"rendered":"Entregamos al Banco de Alimentos de Bizkaia la recaudaci\u00f3n del mercadillo solidario"},"content":{"rendered":"<p>En la <a href=\"https:\/\/ospitalarioakfundazioaeuskadi.org\/es\/centro\/residencia-mayores-bilbao-txurdinagabarri\/\">Residencia de personas mayores Txurdinagabarri<\/a> colaboramos desde hace ya tiempo con el Banco de Alimentos de Bizkaia.<\/p>\n<p>Cuando hacen sus campa\u00f1as en supermercados, residentes de nuestro centro <a href=\"https:\/\/ospitalarioakfundazioaeuskadi.org\/es\/banco-alimentos-voluntariado-txurdinagabarri\/\">participan como personal voluntario<\/a> en establecimientos de Txurdinaga y Bolueta para organizar la recogida de productos de alimentaci\u00f3n, y nuestro mercadillo solidario de Navidad destina los fondos recaudados a esta organizaci\u00f3n.<\/p>\n<p>El pasado d\u00eda 17, hicimos entrega a representantes del Banco de Alimentos de la recaudaci\u00f3n del \u00faltimo mercadillo navide\u00f1o, que ascend\u00eda a 313,50 \u20ac, y nos estuvieron explicando, a familiares y residentes, c\u00f3mo se utilizan estos fondos y cu\u00e1les son las labores que lleva a cabo esta organizaci\u00f3n solidaria.<\/p>\n<p><img loading=\"lazy\" decoding=\"async\" class=\"aligncenter size-full wp-image-66674\" src=\"https:\/\/www.ospitalarioakfundazioaeuskadi.org\/wp-content\/uploads\/2024\/04\/20240417-residencia-txurdinagabarri-banco-alimentos-3.jpg\" alt=\"Un representante del Banco de Alimentos de Bizkaia habla ante un grupo de personas mayores en una sala\" width=\"850\" height=\"638\" title=\"\" srcset=\"https:\/\/ospitalarioakfundazioaeuskadi.org\/wp-content\/uploads\/2024\/04\/20240417-residencia-txurdinagabarri-banco-alimentos-3.jpg 850w, https:\/\/ospitalarioakfundazioaeuskadi.org\/wp-content\/uploads\/2024\/04\/20240417-residencia-txurdinagabarri-banco-alimentos-3-425x319.jpg 425w, https:\/\/ospitalarioakfundazioaeuskadi.org\/wp-content\/uploads\/2024\/04\/20240417-residencia-txurdinagabarri-banco-alimentos-3-768x576.jpg 768w\" sizes=\"auto, (max-width: 850px) 100vw, 850px\" \/><\/p>\n","protected":false},"excerpt":{"rendered":"<div class=\"entry-summary\">\nEn la Residencia de personas mayores Txurdinagabarri colaboramos desde hace ya tiempo con el Banco de Alimentos de Bizkaia. Cuando hacen sus campa\u00f1as en supermercados, residentes de nuestro centro participan como personal voluntario en establecimientos de Txurdinaga y Bolueta para&hellip;\n<\/div>\n<div class=\"link-more\"><a href=\"https:\/\/ospitalarioakfundazioaeuskadi.org\/es\/residencia-txurdinagabarri-banco-alimentos-mercadillo\/\" class=\"more-link\">Seguir leyendo<span class=\"screen-reader-text\"> &ldquo;Entregamos al Banco de Alimentos de Bizkaia la recaudaci\u00f3n del mercadillo solidario&rdquo;<\/span>&hellip;<\/a><\/div>\n","protected":false},"author":1,"featured_media":66676,"comment_status":"closed","ping_status":"closed","sticky":false,"template":"","format":"standard","meta":{"footnotes":""},"categories":[646,656,648,1042],"tags":[],"linea-asistencial":[980],"class_list":["post-66668","post","type-post","status-publish","format-standard","has-post-thumbnail","hentry","category-aita-menni","category-bilbao-centro-de-dia-de-personas-mayores-txurdinagabarri-bilbao","category-residencia-txurdinagabarri-bilbao","category-solidaridad","linea-asistencial-4-persona-mayor","entry"],"_links":{"self":[{"href":"https:\/\/ospitalarioakfundazioaeuskadi.org\/es\/wp-json\/wp\/v2\/posts\/66668","targetHints":{"allow":["GET"]}}],"collection":[{"href":"https:\/\/ospitalarioakfundazioaeuskadi.org\/es\/wp-json\/wp\/v2\/posts"}],"about":[{"href":"https:\/\/ospitalarioakfundazioaeuskadi.org\/es\/wp-json\/wp\/v2\/types\/post"}],"author":[{"embeddable":true,"href":"https:\/\/ospitalarioakfundazioaeuskadi.org\/es\/wp-json\/wp\/v2\/users\/1"}],"replies":[{"embeddable":true,"href":"https:\/\/ospitalarioakfundazioaeuskadi.org\/es\/wp-json\/wp\/v2\/comments?post=66668"}],"version-history":[{"count":3,"href":"https:\/\/ospitalarioakfundazioaeuskadi.org\/es\/wp-json\/wp\/v2\/posts\/66668\/revisions"}],"predecessor-version":[{"id":66684,"href":"https:\/\/ospitalarioakfundazioaeuskadi.org\/es\/wp-json\/wp\/v2\/posts\/66668\/revisions\/66684"}],"wp:featuredmedia":[{"embeddable":true,"href":"https:\/\/ospitalarioakfundazioaeuskadi.org\/es\/wp-json\/wp\/v2\/media\/66676"}],"wp:attachment":[{"href":"https:\/\/ospitalarioakfundazioaeuskadi.org\/es\/wp-json\/wp\/v2\/media?parent=66668"}],"wp:term":[{"taxonomy":"category","embeddable":true,"href":"https:\/\/ospitalarioakfundazioaeuskadi.org\/es\/wp-json\/wp\/v2\/categories?post=66668"},{"taxonomy":"post_tag","embeddable":true,"href":"https:\/\/ospitalarioakfundazioaeuskadi.org\/es\/wp-json\/wp\/v2\/tags?post=66668"},{"taxonomy":"linea-asistencial","embeddable":true,"href":"https:\/\/ospitalarioakfundazioaeuskadi.org\/es\/wp-json\/wp\/v2\/linea-asistencial?post=66668"}],"curies":[{"name":"wp","href":"https:\/\/api.w.org\/{rel}","templated":true}]}}