{"id":66988,"date":"2024-05-10T15:22:38","date_gmt":"2024-05-10T15:22:38","guid":{"rendered":"https:\/\/www.aita-menni.org\/?p=66988"},"modified":"2024-05-22T14:09:58","modified_gmt":"2024-05-22T14:09:58","slug":"soy-mayor-soy-como-tu","status":"publish","type":"post","link":"https:\/\/ospitalarioakfundazioaeuskadi.org\/es\/soy-mayor-soy-como-tu\/","title":{"rendered":"\u00abSoy mayor, soy como t\u00fa\u00bb"},"content":{"rendered":"<p>El d\u00eda 29 de abril se celebr\u00f3 el D\u00eda Europeo de la Solidaridad y la Cooperaci\u00f3n entre Generaciones, y en la <a href=\"https:\/\/ospitalarioakfundazioaeuskadi.org\/es\/centro\/residencia-mayores-bilbao-txurdinagabarri\/\">Residencia Txurdinagabarri<\/a> quisimos hacer una actividad relacionada con ese d\u00eda.<\/p>\n<p>La fecha se instaur\u00f3 a partir del a\u00f1o 2009 gracias a organizaciones como la <a href=\"https:\/\/www.age-platform.eu\/\" target=\"_blank\" rel=\"nofollow noopener\">Plataforma Europea de Personas Mayores<\/a> y el <a href=\"https:\/\/www.youthforum.org\/\" target=\"_blank\" rel=\"nofollow noopener\">Foro Europeo de la Juventud<\/a>.<\/p>\n<p>El objetivo de celebrar este d\u00eda es permitir la inclusi\u00f3n y participaci\u00f3n de las personas mayores para que brinden su contribuci\u00f3n a la sociedad actual y con ello contribuir a una mayor solidaridad intergeneracional.<\/p>\n<p>En la Residencia hicimos una din\u00e1mica bajo el lema \u00abSoy mayor, soy como t\u00fa\u00bb, en la que recortamos diversos mensajes que nuestros \u00abyo\u00bb actuales podr\u00edamos decir a nuestros \u00abyo\u00bb m\u00e1s j\u00f3venes.<\/p>\n<div id='gallery-1' class='gallery galleryid-66988 gallery-columns-3 gallery-size-thumbnail'><figure class='gallery-item'>\n\t\t\t<div class='gallery-icon portrait'>\n\t\t\t\t<a href=\"https:\/\/ospitalarioakfundazioaeuskadi.org\/wp-content\/uploads\/2024\/05\/20240505-residencia-txurdinagabarri-dia-intergeneracional-3.jpg\"><img loading=\"lazy\" decoding=\"async\" width=\"200\" height=\"200\" src=\"https:\/\/ospitalarioakfundazioaeuskadi.org\/wp-content\/uploads\/2024\/05\/20240505-residencia-txurdinagabarri-dia-intergeneracional-3-200x200.jpg\" class=\"attachment-thumbnail size-thumbnail\" alt=\"\" title=\"\"><\/a>\n\t\t\t<\/div><\/figure><figure class='gallery-item'>\n\t\t\t<div class='gallery-icon portrait'>\n\t\t\t\t<a href=\"https:\/\/ospitalarioakfundazioaeuskadi.org\/wp-content\/uploads\/2024\/05\/20240505-residencia-txurdinagabarri-dia-intergeneracional-1.jpg\"><img loading=\"lazy\" decoding=\"async\" width=\"200\" height=\"200\" src=\"https:\/\/ospitalarioakfundazioaeuskadi.org\/wp-content\/uploads\/2024\/05\/20240505-residencia-txurdinagabarri-dia-intergeneracional-1-200x200.jpg\" class=\"attachment-thumbnail size-thumbnail\" alt=\"\" title=\"\"><\/a>\n\t\t\t<\/div><\/figure>\n\t\t<\/div>\n\n","protected":false},"excerpt":{"rendered":"<div class=\"entry-summary\">\nEl d\u00eda 29 de abril se celebr\u00f3 el D\u00eda Europeo de la Solidaridad y la Cooperaci\u00f3n entre Generaciones, y en la Residencia Txurdinagabarri quisimos hacer una actividad relacionada con ese d\u00eda. La fecha se instaur\u00f3 a partir del a\u00f1o 2009&hellip;\n<\/div>\n<div class=\"link-more\"><a href=\"https:\/\/ospitalarioakfundazioaeuskadi.org\/es\/soy-mayor-soy-como-tu\/\" class=\"more-link\">Seguir leyendo<span class=\"screen-reader-text\"> &ldquo;\u00abSoy mayor, soy como t\u00fa\u00bb&rdquo;<\/span>&hellip;<\/a><\/div>\n","protected":false},"author":1,"featured_media":67012,"comment_status":"closed","ping_status":"closed","sticky":false,"template":"","format":"standard","meta":{"footnotes":""},"categories":[646,648],"tags":[],"linea-asistencial":[980],"class_list":["post-66988","post","type-post","status-publish","format-standard","has-post-thumbnail","hentry","category-aita-menni","category-residencia-txurdinagabarri-bilbao","linea-asistencial-4-persona-mayor","entry"],"_links":{"self":[{"href":"https:\/\/ospitalarioakfundazioaeuskadi.org\/es\/wp-json\/wp\/v2\/posts\/66988","targetHints":{"allow":["GET"]}}],"collection":[{"href":"https:\/\/ospitalarioakfundazioaeuskadi.org\/es\/wp-json\/wp\/v2\/posts"}],"about":[{"href":"https:\/\/ospitalarioakfundazioaeuskadi.org\/es\/wp-json\/wp\/v2\/types\/post"}],"author":[{"embeddable":true,"href":"https:\/\/ospitalarioakfundazioaeuskadi.org\/es\/wp-json\/wp\/v2\/users\/1"}],"replies":[{"embeddable":true,"href":"https:\/\/ospitalarioakfundazioaeuskadi.org\/es\/wp-json\/wp\/v2\/comments?post=66988"}],"version-history":[{"count":2,"href":"https:\/\/ospitalarioakfundazioaeuskadi.org\/es\/wp-json\/wp\/v2\/posts\/66988\/revisions"}],"predecessor-version":[{"id":67017,"href":"https:\/\/ospitalarioakfundazioaeuskadi.org\/es\/wp-json\/wp\/v2\/posts\/66988\/revisions\/67017"}],"wp:featuredmedia":[{"embeddable":true,"href":"https:\/\/ospitalarioakfundazioaeuskadi.org\/es\/wp-json\/wp\/v2\/media\/67012"}],"wp:attachment":[{"href":"https:\/\/ospitalarioakfundazioaeuskadi.org\/es\/wp-json\/wp\/v2\/media?parent=66988"}],"wp:term":[{"taxonomy":"category","embeddable":true,"href":"https:\/\/ospitalarioakfundazioaeuskadi.org\/es\/wp-json\/wp\/v2\/categories?post=66988"},{"taxonomy":"post_tag","embeddable":true,"href":"https:\/\/ospitalarioakfundazioaeuskadi.org\/es\/wp-json\/wp\/v2\/tags?post=66988"},{"taxonomy":"linea-asistencial","embeddable":true,"href":"https:\/\/ospitalarioakfundazioaeuskadi.org\/es\/wp-json\/wp\/v2\/linea-asistencial?post=66988"}],"curies":[{"name":"wp","href":"https:\/\/api.w.org\/{rel}","templated":true}]}}