{"id":67460,"date":"2024-06-05T07:29:33","date_gmt":"2024-06-05T07:29:33","guid":{"rendered":"https:\/\/www.aita-menni.org\/?p=67460"},"modified":"2024-06-05T07:29:33","modified_gmt":"2024-06-05T07:29:33","slug":"pacientes-larga-estancia-vacaciones-peniscola","status":"publish","type":"post","link":"https:\/\/ospitalarioakfundazioaeuskadi.org\/es\/pacientes-larga-estancia-vacaciones-peniscola\/","title":{"rendered":"Pacientes de larga estancia pasan unas bonitas vacaciones en Pe\u00f1\u00edscola"},"content":{"rendered":"<p>Pocas cosas nos sientan mejor que unas buenas vacaciones. \u00a0Ir de vacaciones, viajar, nos permite desconectar de las rutinas diarias y relajarnos. Por estas, entre otras razones, tradicionalmente <a href=\"\/es\/\">Hermanas Hospitalarias Aita Menni<\/a> suele organizar para pacientes de larga estancia interesados, y de acuerdo con sus familias, unos d\u00edas de asueto lejos del hospital.<\/p>\n<p>Este a\u00f1o, 22 pacientes (19 de larga estancia y 3 de la Unidad de Psiquiatr\u00eda Legal) han viajado a Pe\u00f1\u00edscola para disfrutar del sol y la playa, fortalecer relaciones personales y compartir momentos especiales. Cinco profesionales sanitarios han acompa\u00f1ado al grupo durante siete d\u00edas: <strong>Mercedes Go\u00f1i Gallego<\/strong>, supervisora de Enfermer\u00eda, y los auxiliares <strong>Naiara Navarro<\/strong>, <strong>Haizea Santin Agirre<\/strong>, <strong>Mar\u00eda Jes\u00fas Vallejo<\/strong> <strong>Sagasta<\/strong> y <strong>Luis Barrag\u00e1n P\u00e9rez<\/strong>.<\/p>\n<p>Durante los siete d\u00edas que permanecieron en la costa del Azahar, nuestros pacientes lo pasaron estupendamente en las actuaciones del hotel, disfrutaron de la gastronom\u00eda de la Comunidad Valenciana, fueron a la playa y visitaron los lugares m\u00e1s emblem\u00e1ticos de los alrededores de Pe\u00f1\u00edscola. Inolvidable la excursi\u00f3n al Parque Natural del Delta del Ebro, en la que conocieron su flora, fauna, el cultivo del arroz y el modo de vida de sus gentes navegando por sus aguas en una visita guiada.<\/p>\n<div id='gallery-1' class='gallery galleryid-67460 gallery-columns-4 gallery-size-thumbnail'><figure class='gallery-item'>\n\t\t\t<div class='gallery-icon landscape'>\n\t\t\t\t<a href='https:\/\/ospitalarioakfundazioaeuskadi.org\/wp-content\/uploads\/2024\/06\/Vacaciones-ULE-y-UPL_1.jpg'><img loading=\"lazy\" decoding=\"async\" width=\"200\" height=\"200\" src=\"https:\/\/ospitalarioakfundazioaeuskadi.org\/wp-content\/uploads\/2024\/06\/Vacaciones-ULE-y-UPL_1-200x200.jpg\" class=\"attachment-thumbnail size-thumbnail\" alt=\"\" title=\"\"><\/a>\n\t\t\t<\/div><\/figure><figure class='gallery-item'>\n\t\t\t<div class='gallery-icon landscape'>\n\t\t\t\t<a href='https:\/\/ospitalarioakfundazioaeuskadi.org\/wp-content\/uploads\/2024\/06\/Vacaciones-ULE-y-UPL_2.jpg'><img loading=\"lazy\" decoding=\"async\" width=\"200\" height=\"200\" src=\"https:\/\/ospitalarioakfundazioaeuskadi.org\/wp-content\/uploads\/2024\/06\/Vacaciones-ULE-y-UPL_2-200x200.jpg\" class=\"attachment-thumbnail size-thumbnail\" alt=\"\" title=\"\"><\/a>\n\t\t\t<\/div><\/figure><figure class='gallery-item'>\n\t\t\t<div class='gallery-icon landscape'>\n\t\t\t\t<a href='https:\/\/ospitalarioakfundazioaeuskadi.org\/wp-content\/uploads\/2024\/06\/Vacaciones-ULE-y-UPL_3.jpg'><img loading=\"lazy\" decoding=\"async\" width=\"200\" height=\"200\" src=\"https:\/\/ospitalarioakfundazioaeuskadi.org\/wp-content\/uploads\/2024\/06\/Vacaciones-ULE-y-UPL_3-200x200.jpg\" class=\"attachment-thumbnail size-thumbnail\" alt=\"\" title=\"\"><\/a>\n\t\t\t<\/div><\/figure><figure class='gallery-item'>\n\t\t\t<div class='gallery-icon portrait'>\n\t\t\t\t<a href='https:\/\/ospitalarioakfundazioaeuskadi.org\/wp-content\/uploads\/2024\/06\/Vacaciones-ULE-y-UPL_4.jpg'><img loading=\"lazy\" decoding=\"async\" width=\"200\" height=\"200\" src=\"https:\/\/ospitalarioakfundazioaeuskadi.org\/wp-content\/uploads\/2024\/06\/Vacaciones-ULE-y-UPL_4-200x200.jpg\" class=\"attachment-thumbnail size-thumbnail\" alt=\"\" title=\"\"><\/a>\n\t\t\t<\/div><\/figure>\n\t\t<\/div>\n\n<p>Como puede apreciarse en las fotos, la desconexi\u00f3n del estr\u00e9s y las preocupaciones cotidianas fueron protagonistas en este tiempo de descanso junto al Mediterr\u00e1neo. Todos y todas las participantes han regresado con ganas de repetir. Se lo han pasado realmente bien. Y es que las vacaciones no solo son una oportunidad para descansar, sino tambi\u00e9n una herramienta que ayuda a mantener la salud.<\/p>\n","protected":false},"excerpt":{"rendered":"<div class=\"entry-summary\">\nVeintid\u00f3s personas con enfermedad mental de las que m\u00e1s tiempo pasan en nuestras unidades viajaron a la costa mediterr\u00e1nea para disfrutar una semana del sol y la playa. El grupo, integrado tambi\u00e9n por cinco profesionales sanitarios, visit\u00f3 los lugares m\u00e1s emblem\u00e1ticos de los alrededores y realiz\u00f3 un paseo en barco por el Parque Natural del Delta del Ebro. Todos han vuelto encantados de la experiencia. \u00a1Lo han pasado fenomenal! Como para repetir.\n<\/div>\n<div class=\"link-more\"><a href=\"https:\/\/ospitalarioakfundazioaeuskadi.org\/es\/pacientes-larga-estancia-vacaciones-peniscola\/\" class=\"more-link\">Seguir leyendo<span class=\"screen-reader-text\"> &ldquo;Pacientes de larga estancia pasan unas bonitas vacaciones en Pe\u00f1\u00edscola&rdquo;<\/span>&hellip;<\/a><\/div>\n","protected":false},"author":5,"featured_media":67462,"comment_status":"closed","ping_status":"closed","sticky":false,"template":"","format":"standard","meta":{"footnotes":""},"categories":[646],"tags":[],"linea-asistencial":[979],"class_list":["post-67460","post","type-post","status-publish","format-standard","has-post-thumbnail","hentry","category-aita-menni","linea-asistencial-1-salud-mental","entry"],"_links":{"self":[{"href":"https:\/\/ospitalarioakfundazioaeuskadi.org\/es\/wp-json\/wp\/v2\/posts\/67460","targetHints":{"allow":["GET"]}}],"collection":[{"href":"https:\/\/ospitalarioakfundazioaeuskadi.org\/es\/wp-json\/wp\/v2\/posts"}],"about":[{"href":"https:\/\/ospitalarioakfundazioaeuskadi.org\/es\/wp-json\/wp\/v2\/types\/post"}],"author":[{"embeddable":true,"href":"https:\/\/ospitalarioakfundazioaeuskadi.org\/es\/wp-json\/wp\/v2\/users\/5"}],"replies":[{"embeddable":true,"href":"https:\/\/ospitalarioakfundazioaeuskadi.org\/es\/wp-json\/wp\/v2\/comments?post=67460"}],"version-history":[{"count":3,"href":"https:\/\/ospitalarioakfundazioaeuskadi.org\/es\/wp-json\/wp\/v2\/posts\/67460\/revisions"}],"predecessor-version":[{"id":67500,"href":"https:\/\/ospitalarioakfundazioaeuskadi.org\/es\/wp-json\/wp\/v2\/posts\/67460\/revisions\/67500"}],"wp:featuredmedia":[{"embeddable":true,"href":"https:\/\/ospitalarioakfundazioaeuskadi.org\/es\/wp-json\/wp\/v2\/media\/67462"}],"wp:attachment":[{"href":"https:\/\/ospitalarioakfundazioaeuskadi.org\/es\/wp-json\/wp\/v2\/media?parent=67460"}],"wp:term":[{"taxonomy":"category","embeddable":true,"href":"https:\/\/ospitalarioakfundazioaeuskadi.org\/es\/wp-json\/wp\/v2\/categories?post=67460"},{"taxonomy":"post_tag","embeddable":true,"href":"https:\/\/ospitalarioakfundazioaeuskadi.org\/es\/wp-json\/wp\/v2\/tags?post=67460"},{"taxonomy":"linea-asistencial","embeddable":true,"href":"https:\/\/ospitalarioakfundazioaeuskadi.org\/es\/wp-json\/wp\/v2\/linea-asistencial?post=67460"}],"curies":[{"name":"wp","href":"https:\/\/api.w.org\/{rel}","templated":true}]}}