{"id":67542,"date":"2024-06-14T09:27:46","date_gmt":"2024-06-14T09:27:46","guid":{"rendered":"https:\/\/www.aita-menni.org\/?p=67542"},"modified":"2024-06-14T09:27:46","modified_gmt":"2024-06-14T09:27:46","slug":"una-representacion-de-todos-nuestros-centros-cierra-en-el-hospital-aita-menni-los-actos-de-su-125-aniversario","status":"publish","type":"post","link":"https:\/\/ospitalarioakfundazioaeuskadi.org\/es\/una-representacion-de-todos-nuestros-centros-cierra-en-el-hospital-aita-menni-los-actos-de-su-125-aniversario\/","title":{"rendered":"Una representaci\u00f3n de todos nuestros centros cierra en el Hospital Aita Menni los actos de su 125 aniversario"},"content":{"rendered":"<p>Tras un a\u00f1o entero en el que se han llevado a cabo un buen n\u00famero de actividades conmemorativas, el pasado d\u00eda 13 se dieron por finalizados los actos del <a href=\"https:\/\/ospitalarioakfundazioaeuskadi.org\/es\/aita-menni-125-aniversario\/\">125 aniversario de la fundaci\u00f3n de la Casa de Salud de Santa \u00c1gueda<\/a>, la semilla de la que surgir\u00eda en los a\u00f1os 80 el <a href=\"https:\/\/ospitalarioakfundazioaeuskadi.org\/es\/centro\/hospital-aita-menni\/\">Hospital Aita Menni<\/a>.<\/p>\n<p>Para la ocasi\u00f3n, se desplazaron hasta Gesalibar (Mondrag\u00f3n) un buen n\u00famero de colaboradores y colaboradoras de los centros de Hermanas Hospitalarias en Gipuzkoa y Bizkaia, quienes acompa\u00f1aron a las cinco hermanas de nuestra Comunidad, al Consejo de Direcci\u00f3n de <a href=\"\/es\/\">Hermanas Hospitalarias Aita Menni<\/a> y a un amplio grupo de pacientes en la eucarist\u00eda celebrada en la iglesia del Hospital, que fue oficiada por<span style=\"background-color: var(--color_content_background); color: var(--color_content_text); font-family: var(--typography_fonts_text);\"> el vicario general de la Di\u00f3cesis de San Sebasti\u00e1n, <strong>Mikel Aranguren<\/strong>, y el p\u00e1rroco del Hospital, <strong>Horacio Arg\u00e1rate<\/strong>.<\/span><\/p>\n<p>Tanto Mikel Aranguren en su homil\u00eda como en su alocuci\u00f3n previa <strong>Sor Isabel Mart\u00ednez<\/strong>, superiora de Hermanas Hospitalarias Aita Menni, recordaron el papel de San Benito Menni como fundador de la Congregaci\u00f3n y del Hospital, y resaltaron la importancia del trabajo que llevan a cabo colaboradores y colaboradoras en la atenci\u00f3n de las personas m\u00e1s desfavorecidas.<\/p>\n<p><img loading=\"lazy\" decoding=\"async\" class=\"alignnone wp-image-67554 size-large\" src=\"https:\/\/www.ospitalarioakfundazioaeuskadi.org\/wp-content\/uploads\/2024\/06\/20240513-clausura-125-aniversario-1-850x567.jpg\" alt=\"Vista de una iglesia durante una eucarist\u00eda, con las personas de espaldas y el altar al fondo\" width=\"850\" height=\"567\" title=\"\" srcset=\"https:\/\/ospitalarioakfundazioaeuskadi.org\/wp-content\/uploads\/2024\/06\/20240513-clausura-125-aniversario-1-850x567.jpg 850w, https:\/\/ospitalarioakfundazioaeuskadi.org\/wp-content\/uploads\/2024\/06\/20240513-clausura-125-aniversario-1-425x283.jpg 425w, https:\/\/ospitalarioakfundazioaeuskadi.org\/wp-content\/uploads\/2024\/06\/20240513-clausura-125-aniversario-1-768x512.jpg 768w, https:\/\/ospitalarioakfundazioaeuskadi.org\/wp-content\/uploads\/2024\/06\/20240513-clausura-125-aniversario-1-1536x1024.jpg 1536w, https:\/\/ospitalarioakfundazioaeuskadi.org\/wp-content\/uploads\/2024\/06\/20240513-clausura-125-aniversario-1.jpg 2000w\" sizes=\"auto, (max-width: 850px) 100vw, 850px\" \/><\/p>\n<p>Tras la liturgia de la palabra, pacientes, colaboradoras y voluntarias fueron los encargados de presentar las ofrendas, que simbolizaban todos los centros y las l\u00edneas asistenciales en las que Hermanas Hospitalarias desarrolla su labor: psiquiatr\u00eda y salud mental, discapacidad intelectual, da\u00f1o cerebral, personas mayores y ayudas t\u00e9cnicas a la discapacidad. Atravesaron el pasillo central hacia el altar el logotipo del 125 aniversario, un ramo de flores realizado por pacientes, un cuadro con las im\u00e1genes de un grupo de superioras que ha tenido Hermanas Hospitalarias Aita Menni y un candil encendido, que quedaron en el altar hasta el t\u00e9rmino de la eucarist\u00eda.<\/p>\n<p>Un aurresku sirvi\u00f3 como despedida, y a continuaci\u00f3n, hermanas, colaboradoras y colaboradores se situaron en torno al busto de San Benito Menni y posaron para el recuerdo, representando a todo el equipo de Hermanas Hospitalarias Aita Menni en la clausura de una celebraci\u00f3n tan importante como ha sido para nuestra Instituci\u00f3n el 125 aniversario del comienzo de su actividad en el Pa\u00eds Vasco.<\/p>\n<p>Tras ello, todo el grupo comparti\u00f3 un aperitivo en la cafeter\u00eda del Hospital.<\/p>\n","protected":false},"excerpt":{"rendered":"<div class=\"entry-summary\">\nTras un a\u00f1o entero en el que se han llevado a cabo un buen n\u00famero de actividades conmemorativas, el pasado d\u00eda 13 se dieron por finalizados los actos del 125 aniversario de la fundaci\u00f3n de la Casa de Salud de&hellip;\n<\/div>\n<div class=\"link-more\"><a href=\"https:\/\/ospitalarioakfundazioaeuskadi.org\/es\/una-representacion-de-todos-nuestros-centros-cierra-en-el-hospital-aita-menni-los-actos-de-su-125-aniversario\/\" class=\"more-link\">Seguir leyendo<span class=\"screen-reader-text\"> &ldquo;Una representaci\u00f3n de todos nuestros centros cierra en el Hospital Aita Menni los actos de su 125 aniversario&rdquo;<\/span>&hellip;<\/a><\/div>\n","protected":false},"author":1,"featured_media":67552,"comment_status":"closed","ping_status":"closed","sticky":false,"template":"","format":"standard","meta":{"footnotes":""},"categories":[646],"tags":[],"linea-asistencial":[],"class_list":["post-67542","post","type-post","status-publish","format-standard","has-post-thumbnail","hentry","category-aita-menni","entry"],"_links":{"self":[{"href":"https:\/\/ospitalarioakfundazioaeuskadi.org\/es\/wp-json\/wp\/v2\/posts\/67542","targetHints":{"allow":["GET"]}}],"collection":[{"href":"https:\/\/ospitalarioakfundazioaeuskadi.org\/es\/wp-json\/wp\/v2\/posts"}],"about":[{"href":"https:\/\/ospitalarioakfundazioaeuskadi.org\/es\/wp-json\/wp\/v2\/types\/post"}],"author":[{"embeddable":true,"href":"https:\/\/ospitalarioakfundazioaeuskadi.org\/es\/wp-json\/wp\/v2\/users\/1"}],"replies":[{"embeddable":true,"href":"https:\/\/ospitalarioakfundazioaeuskadi.org\/es\/wp-json\/wp\/v2\/comments?post=67542"}],"version-history":[{"count":3,"href":"https:\/\/ospitalarioakfundazioaeuskadi.org\/es\/wp-json\/wp\/v2\/posts\/67542\/revisions"}],"predecessor-version":[{"id":67559,"href":"https:\/\/ospitalarioakfundazioaeuskadi.org\/es\/wp-json\/wp\/v2\/posts\/67542\/revisions\/67559"}],"wp:featuredmedia":[{"embeddable":true,"href":"https:\/\/ospitalarioakfundazioaeuskadi.org\/es\/wp-json\/wp\/v2\/media\/67552"}],"wp:attachment":[{"href":"https:\/\/ospitalarioakfundazioaeuskadi.org\/es\/wp-json\/wp\/v2\/media?parent=67542"}],"wp:term":[{"taxonomy":"category","embeddable":true,"href":"https:\/\/ospitalarioakfundazioaeuskadi.org\/es\/wp-json\/wp\/v2\/categories?post=67542"},{"taxonomy":"post_tag","embeddable":true,"href":"https:\/\/ospitalarioakfundazioaeuskadi.org\/es\/wp-json\/wp\/v2\/tags?post=67542"},{"taxonomy":"linea-asistencial","embeddable":true,"href":"https:\/\/ospitalarioakfundazioaeuskadi.org\/es\/wp-json\/wp\/v2\/linea-asistencial?post=67542"}],"curies":[{"name":"wp","href":"https:\/\/api.w.org\/{rel}","templated":true}]}}