{"id":68618,"date":"2024-09-18T10:12:50","date_gmt":"2024-09-18T10:12:50","guid":{"rendered":"https:\/\/www.aita-menni.org\/?p=68618"},"modified":"2024-09-18T10:24:07","modified_gmt":"2024-09-18T10:24:07","slug":"reunion-equipo-unidad-salud-mental-liberia","status":"publish","type":"post","link":"https:\/\/ospitalarioakfundazioaeuskadi.org\/es\/reunion-equipo-unidad-salud-mental-liberia\/","title":{"rendered":"Reuni\u00f3n del equipo asistencial de apoyo a la Unidad de Salud Mental de Liberia"},"content":{"rendered":"<p>El <a href=\"https:\/\/ospitalarioakfundazioaeuskadi.org\/es\/centro\/hospital-aita-menni\/\">Hospital Aita Menni<\/a> acogi\u00f3 ayer una reuni\u00f3n del equipo asistencial de apoyo a la <a href=\"https:\/\/www.wearelikeyou.org\" target=\"_blank\" rel=\"noopener nofollow\">Unidad de Salud Mental<\/a> del centro Benedict Menni de Monrovia (Liberia), con la que Hermanas <a href=\"https:\/\/www.ospitalarioakfundazioaeuskadi.org\/es\/\">Hospitalarias Aita Menni<\/a> trabaja estrechamente.<\/p>\n<p>En el encuentro participaron el director gerente de Hermanas Hospitalarias Aita Menni, <strong>Mikel Tellaeche<\/strong>, el responsable de Pastoral y Solidaridad, <strong>Egoitz Zabala<\/strong>, la psic\u00f3loga <strong>Macarena Aspiunza<\/strong> y la enfermera <strong>Cecilia \u00c1lvarez<\/strong>, adem\u00e1s de <a href=\"https:\/\/www.wearelikeyou.org\/meet-cris-a-volunteer-nurse-that-stayed-with-us-for-2-months\/\" target=\"_blank\" rel=\"noopener nofollow\"><strong>Cristina Bressel<\/strong><\/a> y <a href=\"https:\/\/www.wearelikeyou.org\/enrique-gonzalez-psicologo-voluntario\/\" rel=\"nofollow noopener\" target=\"_blank\"><strong>Enrique Gonz\u00e1lez<\/strong><\/a>, quienes realizaron voluntariado como enfermeros a comienzos de este a\u00f1o en la Unidad de Salud Mental en el pa\u00eds africano.<\/p>\n<p>Mediante videoconferencia tomaron parte, adem\u00e1s, <strong>Sor Lourdes Sanz<\/strong>, superiora de Hermanas Hospitalarias en Inglaterra \u2014Provincia de la que depende el centro liberiano\u2014 y <strong>Estefan\u00eda Ib\u00e1\u00f1ez<\/strong>, psiquiatra reci\u00e9n llegada a la Unidad de Salud Mental de Monrovia y que permanmecer\u00e1 all\u00ed hasta el mes de diciembre.<\/p>\n<p>El encuentro sirvi\u00f3 para crear un grupo de trabajo que coordine actividades junto al equipo local de Liberia y apoye la labor de la nueva psiquiatra, y permiti\u00f3 evaluar las experiencias de voluntariado a trav\u00e9s de la propia experiencia de quienes lo llevan a cabo.<\/p>\n<div>Para la misi\u00f3n de Hermanas Hospitalarias en Liberia es un privilegio contar con la dedicaci\u00f3n de estos profesionales para la mejora de la atenci\u00f3n a las personas con enfermedad mental.<\/div>\n","protected":false},"excerpt":{"rendered":"<div class=\"entry-summary\">\nEl Hospital Aita Menni acogi\u00f3 ayer una reuni\u00f3n del equipo asistencial de apoyo a la Unidad de Salud Mental del centro Benedict Menni de Monrovia (Liberia), con la que Hermanas Hospitalarias Aita Menni trabaja estrechamente. En el encuentro participaron el&hellip;\n<\/div>\n<div class=\"link-more\"><a href=\"https:\/\/ospitalarioakfundazioaeuskadi.org\/es\/reunion-equipo-unidad-salud-mental-liberia\/\" class=\"more-link\">Seguir leyendo<span class=\"screen-reader-text\"> &ldquo;Reuni\u00f3n del equipo asistencial de apoyo a la Unidad de Salud Mental de Liberia&rdquo;<\/span>&hellip;<\/a><\/div>\n","protected":false},"author":1,"featured_media":68633,"comment_status":"closed","ping_status":"closed","sticky":false,"template":"","format":"standard","meta":{"footnotes":""},"categories":[646,1042,1032],"tags":[],"linea-asistencial":[979],"class_list":["post-68618","post","type-post","status-publish","format-standard","has-post-thumbnail","hentry","category-aita-menni","category-solidaridad","category-voluntariado","linea-asistencial-1-salud-mental","entry"],"_links":{"self":[{"href":"https:\/\/ospitalarioakfundazioaeuskadi.org\/es\/wp-json\/wp\/v2\/posts\/68618","targetHints":{"allow":["GET"]}}],"collection":[{"href":"https:\/\/ospitalarioakfundazioaeuskadi.org\/es\/wp-json\/wp\/v2\/posts"}],"about":[{"href":"https:\/\/ospitalarioakfundazioaeuskadi.org\/es\/wp-json\/wp\/v2\/types\/post"}],"author":[{"embeddable":true,"href":"https:\/\/ospitalarioakfundazioaeuskadi.org\/es\/wp-json\/wp\/v2\/users\/1"}],"replies":[{"embeddable":true,"href":"https:\/\/ospitalarioakfundazioaeuskadi.org\/es\/wp-json\/wp\/v2\/comments?post=68618"}],"version-history":[{"count":3,"href":"https:\/\/ospitalarioakfundazioaeuskadi.org\/es\/wp-json\/wp\/v2\/posts\/68618\/revisions"}],"predecessor-version":[{"id":68650,"href":"https:\/\/ospitalarioakfundazioaeuskadi.org\/es\/wp-json\/wp\/v2\/posts\/68618\/revisions\/68650"}],"wp:featuredmedia":[{"embeddable":true,"href":"https:\/\/ospitalarioakfundazioaeuskadi.org\/es\/wp-json\/wp\/v2\/media\/68633"}],"wp:attachment":[{"href":"https:\/\/ospitalarioakfundazioaeuskadi.org\/es\/wp-json\/wp\/v2\/media?parent=68618"}],"wp:term":[{"taxonomy":"category","embeddable":true,"href":"https:\/\/ospitalarioakfundazioaeuskadi.org\/es\/wp-json\/wp\/v2\/categories?post=68618"},{"taxonomy":"post_tag","embeddable":true,"href":"https:\/\/ospitalarioakfundazioaeuskadi.org\/es\/wp-json\/wp\/v2\/tags?post=68618"},{"taxonomy":"linea-asistencial","embeddable":true,"href":"https:\/\/ospitalarioakfundazioaeuskadi.org\/es\/wp-json\/wp\/v2\/linea-asistencial?post=68618"}],"curies":[{"name":"wp","href":"https:\/\/api.w.org\/{rel}","templated":true}]}}