{"id":69102,"date":"2024-10-10T09:12:59","date_gmt":"2024-10-10T09:12:59","guid":{"rendered":"https:\/\/www.aita-menni.org\/?p=69102"},"modified":"2024-10-10T09:12:59","modified_gmt":"2024-10-10T09:12:59","slug":"en-bici-a-cualquier-edad","status":"publish","type":"post","link":"https:\/\/ospitalarioakfundazioaeuskadi.org\/es\/en-bici-a-cualquier-edad\/","title":{"rendered":"En bici a cualquier edad"},"content":{"rendered":"<p>La edad no deber\u00eda ser un impedimento para disfrutar de un paseo en bicicleta. As\u00ed lo pensaba el dan\u00e9s <a href=\"https:\/\/cyclingwithoutage.org\/olekassow\/\" target=\"_blank\" rel=\"nofollow noopener\">Ole Kassow<\/a> cuando, en 2012, comenz\u00f3 a invitar a residentes de una residencia de mayores de Copenhague a acompa\u00f1arle en sus paseos como ciclista, transport\u00e1ndoles en un <em>trishaw<\/em>, una bicicleta de tres ruedas provista de un asiento en la parte delantera. Nac\u00eda as\u00ed <a href=\"https:\/\/enbicisinedad.org\/\" target=\"_blank\" rel=\"nofollow noopener\">\u00abCycling Without Age\u00bb (\u00abEn bici sin edad\u00bb)<\/a>, una iniciativa que, 12 a\u00f1os m\u00e1s tarde, se desarrolla en casi 3.000 localidades de 52 pa\u00edses, con la participaci\u00f3n de unas 35.000 personas voluntarias, que han paseado a m\u00e1s de 2,5 millones de personas, tanto personas mayores como personas con diversas discapacidades.<\/p>\n<p>\u00abEn bici sin edad\u00bb lleg\u00f3 a Bilbao en 2022 como <strong>\u00abAdinak Biziz \/ Bicis sin edad\u00bb<\/strong>, de la mano del Ayuntamiento, con el fin de aplicar tambi\u00e9n en la capital vizca\u00edna los beneficios de esta iniciativa: introducir un elemento de disfrute en la vida de las personas mayores, fomentar entre ellas el ocio saludable e inclusivo, darles la oportunidad de establecer relaciones sociales con la persona que les acompa\u00f1a y con otras que est\u00e1n por la calle, y as\u00ed vincularles con su entorno y con personas de generaciones diversas. Iniciativas similares vienen funcionando desde hace varios a\u00f1os en San Sebasti\u00e1n y en Vitoria-Gasteiz.<\/p>\n<p>El servicio est\u00e1 gestionado por Cruz Roja, que lo presta a trav\u00e9s de personas voluntarias. Recientemente, dos grupos de residentes de <a href=\"https:\/\/ospitalarioakfundazioaeuskadi.org\/es\/centro\/residencia-mayores-bilbao-txurdinagabarri\/\">Txurdinagabarri<\/a> han podido disfrutar de sendos paseos por el Parque Europa de Txurd\u00ednaga y por el centro de Bilbao, en animada charla con las y los conductores de los triciclos.<\/p>\n<p>Cruz Roja dispone de cuatro triciclos el\u00e9ctricos con distintas configuraciones, una de las cuales tiene plataforma para silla de ruedas. La solicitud para utilizar este servicio puede hacerse en el <strong>tel\u00e9fono <a href=\"tel:+34944193984\">944 193 984<\/a><\/strong>, <strong>por WhatsApp al <a href=\"https:\/\/wa.me\/617362013\" rel=\"nofollow noopener\" target=\"_blank\">617 362 013<\/a><\/strong> o por e-mail en <a href=\"mailto:bicissinedad@bilbao.eus\">bicissinedad@bilbao.eus<\/a>.<\/p>\n<div id='gallery-1' class='gallery galleryid-69102 gallery-columns-3 gallery-size-thumbnail'><figure class='gallery-item'>\n\t\t\t<div class='gallery-icon portrait'>\n\t\t\t\t<a href=\"https:\/\/ospitalarioakfundazioaeuskadi.org\/wp-content\/uploads\/2024\/10\/20241010-residencia-txurdinagabarri-bicis-sin-edad-1.jpg\"><img loading=\"lazy\" decoding=\"async\" width=\"200\" height=\"200\" src=\"https:\/\/ospitalarioakfundazioaeuskadi.org\/wp-content\/uploads\/2024\/10\/20241010-residencia-txurdinagabarri-bicis-sin-edad-1-200x200.jpg\" class=\"attachment-thumbnail size-thumbnail\" alt=\"\" title=\"\"><\/a>\n\t\t\t<\/div><\/figure><figure class='gallery-item'>\n\t\t\t<div class='gallery-icon landscape'>\n\t\t\t\t<a href=\"https:\/\/ospitalarioakfundazioaeuskadi.org\/wp-content\/uploads\/2024\/10\/20241010-residencia-txurdinagabarri-bicis-sin-edad-2.jpg\"><img loading=\"lazy\" decoding=\"async\" width=\"200\" height=\"200\" src=\"https:\/\/ospitalarioakfundazioaeuskadi.org\/wp-content\/uploads\/2024\/10\/20241010-residencia-txurdinagabarri-bicis-sin-edad-2-200x200.jpg\" class=\"attachment-thumbnail size-thumbnail\" alt=\"\" title=\"\"><\/a>\n\t\t\t<\/div><\/figure><figure class='gallery-item'>\n\t\t\t<div class='gallery-icon portrait'>\n\t\t\t\t<a href=\"https:\/\/ospitalarioakfundazioaeuskadi.org\/wp-content\/uploads\/2024\/10\/20241010-residencia-txurdinagabarri-bicis-sin-edad-3.jpg\"><img loading=\"lazy\" decoding=\"async\" width=\"200\" height=\"200\" src=\"https:\/\/ospitalarioakfundazioaeuskadi.org\/wp-content\/uploads\/2024\/10\/20241010-residencia-txurdinagabarri-bicis-sin-edad-3-200x200.jpg\" class=\"attachment-thumbnail size-thumbnail\" alt=\"\" title=\"\"><\/a>\n\t\t\t<\/div><\/figure><figure class='gallery-item'>\n\t\t\t<div class='gallery-icon portrait'>\n\t\t\t\t<a href=\"https:\/\/ospitalarioakfundazioaeuskadi.org\/wp-content\/uploads\/2024\/10\/20241010-residencia-txurdinagabarri-bicis-sin-edad-4.jpg\"><img loading=\"lazy\" decoding=\"async\" width=\"200\" height=\"200\" src=\"https:\/\/ospitalarioakfundazioaeuskadi.org\/wp-content\/uploads\/2024\/10\/20241010-residencia-txurdinagabarri-bicis-sin-edad-4-200x200.jpg\" class=\"attachment-thumbnail size-thumbnail\" alt=\"\" title=\"\"><\/a>\n\t\t\t<\/div><\/figure><figure class='gallery-item'>\n\t\t\t<div class='gallery-icon portrait'>\n\t\t\t\t<a href=\"https:\/\/ospitalarioakfundazioaeuskadi.org\/wp-content\/uploads\/2024\/10\/20241010-residencia-txurdinagabarri-bicis-sin-edad-5.jpg\"><img loading=\"lazy\" decoding=\"async\" width=\"200\" height=\"200\" src=\"https:\/\/ospitalarioakfundazioaeuskadi.org\/wp-content\/uploads\/2024\/10\/20241010-residencia-txurdinagabarri-bicis-sin-edad-5-200x200.jpg\" class=\"attachment-thumbnail size-thumbnail\" alt=\"\" title=\"\"><\/a>\n\t\t\t<\/div><\/figure><figure class='gallery-item'>\n\t\t\t<div class='gallery-icon portrait'>\n\t\t\t\t<a href=\"https:\/\/ospitalarioakfundazioaeuskadi.org\/wp-content\/uploads\/2024\/10\/20241010-residencia-txurdinagabarri-bicis-sin-edad-6.jpg\"><img loading=\"lazy\" decoding=\"async\" width=\"200\" height=\"200\" src=\"https:\/\/ospitalarioakfundazioaeuskadi.org\/wp-content\/uploads\/2024\/10\/20241010-residencia-txurdinagabarri-bicis-sin-edad-6-200x200.jpg\" class=\"attachment-thumbnail size-thumbnail\" alt=\"\" title=\"\"><\/a>\n\t\t\t<\/div><\/figure>\n\t\t<\/div>\n\n<p>&nbsp;<\/p>\n","protected":false},"excerpt":{"rendered":"<div class=\"entry-summary\">\nDos grupos de personas mayores de la Residencia Txurdinagabarri de Bilbao disfrutaron recientemente de sendos paseos en triciclos el\u00e9ctricos con personal voluntario de Cruz Roja, gracias a la iniciativa \u00abBicis sin edad\u00bb.\n<\/div>\n<div class=\"link-more\"><a href=\"https:\/\/ospitalarioakfundazioaeuskadi.org\/es\/en-bici-a-cualquier-edad\/\" class=\"more-link\">Seguir leyendo<span class=\"screen-reader-text\"> &ldquo;En bici a cualquier edad&rdquo;<\/span>&hellip;<\/a><\/div>\n","protected":false},"author":1,"featured_media":69299,"comment_status":"closed","ping_status":"closed","sticky":false,"template":"","format":"standard","meta":{"footnotes":""},"categories":[646,656,648],"tags":[],"linea-asistencial":[980],"class_list":["post-69102","post","type-post","status-publish","format-standard","has-post-thumbnail","hentry","category-aita-menni","category-bilbao-centro-de-dia-de-personas-mayores-txurdinagabarri-bilbao","category-residencia-txurdinagabarri-bilbao","linea-asistencial-4-persona-mayor","entry"],"_links":{"self":[{"href":"https:\/\/ospitalarioakfundazioaeuskadi.org\/es\/wp-json\/wp\/v2\/posts\/69102","targetHints":{"allow":["GET"]}}],"collection":[{"href":"https:\/\/ospitalarioakfundazioaeuskadi.org\/es\/wp-json\/wp\/v2\/posts"}],"about":[{"href":"https:\/\/ospitalarioakfundazioaeuskadi.org\/es\/wp-json\/wp\/v2\/types\/post"}],"author":[{"embeddable":true,"href":"https:\/\/ospitalarioakfundazioaeuskadi.org\/es\/wp-json\/wp\/v2\/users\/1"}],"replies":[{"embeddable":true,"href":"https:\/\/ospitalarioakfundazioaeuskadi.org\/es\/wp-json\/wp\/v2\/comments?post=69102"}],"version-history":[{"count":3,"href":"https:\/\/ospitalarioakfundazioaeuskadi.org\/es\/wp-json\/wp\/v2\/posts\/69102\/revisions"}],"predecessor-version":[{"id":69305,"href":"https:\/\/ospitalarioakfundazioaeuskadi.org\/es\/wp-json\/wp\/v2\/posts\/69102\/revisions\/69305"}],"wp:featuredmedia":[{"embeddable":true,"href":"https:\/\/ospitalarioakfundazioaeuskadi.org\/es\/wp-json\/wp\/v2\/media\/69299"}],"wp:attachment":[{"href":"https:\/\/ospitalarioakfundazioaeuskadi.org\/es\/wp-json\/wp\/v2\/media?parent=69102"}],"wp:term":[{"taxonomy":"category","embeddable":true,"href":"https:\/\/ospitalarioakfundazioaeuskadi.org\/es\/wp-json\/wp\/v2\/categories?post=69102"},{"taxonomy":"post_tag","embeddable":true,"href":"https:\/\/ospitalarioakfundazioaeuskadi.org\/es\/wp-json\/wp\/v2\/tags?post=69102"},{"taxonomy":"linea-asistencial","embeddable":true,"href":"https:\/\/ospitalarioakfundazioaeuskadi.org\/es\/wp-json\/wp\/v2\/linea-asistencial?post=69102"}],"curies":[{"name":"wp","href":"https:\/\/api.w.org\/{rel}","templated":true}]}}