{"id":70299,"date":"2024-11-25T13:51:27","date_gmt":"2024-11-25T13:51:27","guid":{"rendered":"https:\/\/www.aita-menni.org\/?p=70299"},"modified":"2024-11-25T13:51:27","modified_gmt":"2024-11-25T13:51:27","slug":"gran-recogida-banco-alimentos-bizkaia-2024","status":"publish","type":"post","link":"https:\/\/ospitalarioakfundazioaeuskadi.org\/es\/gran-recogida-banco-alimentos-bizkaia-2024\/","title":{"rendered":"Un a\u00f1o m\u00e1s, colaboramos con la Gran Recogida del Banco de Alimentos de Bizkaia"},"content":{"rendered":"<p>Como cada a\u00f1o, la <a href=\"https:\/\/ospitalarioakfundazioaeuskadi.org\/es\/centro\/residencia-mayores-bilbao-txurdinagabarri\/\">Residencia de mayores Txurdinagabarri<\/a> se ha sumado a la Gran Recogida de Alimentos organizada por el <a href=\"https:\/\/www.bancali-biz.org\/\" target=\"_blank\" rel=\"nofollow noopener\">Banco de Alimentos de Bizkaia<\/a>. La actividad tuvo lugar el 22 de noviembre en el supermercado Eroski de Bolueta, donde residentes de nuestro centro colaboraron activamente durante la ma\u00f1ana, demostrando compromiso y solidaridad.<\/p>\n<p>La jornada comenz\u00f3 a primera hora, cuando un grupo de residentes se desplaz\u00f3 andando desde nuestras instalaciones hasta el supermercado, llegando poco antes de las 9:00. Este primer equipo de voluntarios permaneci\u00f3 en el punto de recogida hasta las 11:15 horas, momento en el que un segundo grupo tom\u00f3 el relevo tras llegar en autob\u00fas. La nueva tanda de voluntarios continu\u00f3 con la labor hasta la hora de comer, asegurando as\u00ed una cobertura continua en la tarea de recepci\u00f3n y organizaci\u00f3n de donaciones.<\/p>\n<p>La participaci\u00f3n en esta iniciativa forma parte de nuestro compromiso por fomentar la implicaci\u00f3n de los residentes en actividades solidarias y promover el trabajo en equipo. A trav\u00e9s de esta acci\u00f3n, no solo contribuimos a una causa esencial como es el apoyo a personas en situaci\u00f3n de vulnerabilidad, sino que tambi\u00e9n reforzamos valores como la empat\u00eda, la cooperaci\u00f3n y el sentido de comunidad.<\/p>\n<p>Desde aqu\u00ed, queremos agradecer al Banco de Alimentos de Bizkaia la oportunidad de colaborar en esta importante campa\u00f1a y destacar el entusiasmo y dedicaci\u00f3n de nuestros residentes, que hicieron de esta jornada un verdadero ejemplo de solidaridad activa.<\/p>\n<div id='gallery-1' class='gallery galleryid-70299 gallery-columns-4 gallery-size-thumbnail'><figure class='gallery-item'>\n\t\t\t<div class='gallery-icon portrait'>\n\t\t\t\t<a href=\"https:\/\/ospitalarioakfundazioaeuskadi.org\/wp-content\/uploads\/2024\/11\/20241122-residencia-txurdinagabarri-gran-recogida-8.jpg\"><img loading=\"lazy\" decoding=\"async\" width=\"200\" height=\"200\" src=\"https:\/\/ospitalarioakfundazioaeuskadi.org\/wp-content\/uploads\/2024\/11\/20241122-residencia-txurdinagabarri-gran-recogida-8-200x200.jpg\" class=\"attachment-thumbnail size-thumbnail\" alt=\"\" title=\"\"><\/a>\n\t\t\t<\/div><\/figure><figure class='gallery-item'>\n\t\t\t<div class='gallery-icon portrait'>\n\t\t\t\t<a href=\"https:\/\/ospitalarioakfundazioaeuskadi.org\/wp-content\/uploads\/2024\/11\/20241122-residencia-txurdinagabarri-gran-recogida-7.jpg\"><img loading=\"lazy\" decoding=\"async\" width=\"200\" height=\"200\" src=\"https:\/\/ospitalarioakfundazioaeuskadi.org\/wp-content\/uploads\/2024\/11\/20241122-residencia-txurdinagabarri-gran-recogida-7-200x200.jpg\" class=\"attachment-thumbnail size-thumbnail\" alt=\"\" title=\"\"><\/a>\n\t\t\t<\/div><\/figure><figure class='gallery-item'>\n\t\t\t<div class='gallery-icon portrait'>\n\t\t\t\t<a href=\"https:\/\/ospitalarioakfundazioaeuskadi.org\/wp-content\/uploads\/2024\/11\/20241122-residencia-txurdinagabarri-gran-recogida-6.jpg\"><img loading=\"lazy\" decoding=\"async\" width=\"200\" height=\"200\" src=\"https:\/\/ospitalarioakfundazioaeuskadi.org\/wp-content\/uploads\/2024\/11\/20241122-residencia-txurdinagabarri-gran-recogida-6-200x200.jpg\" class=\"attachment-thumbnail size-thumbnail\" alt=\"\" title=\"\"><\/a>\n\t\t\t<\/div><\/figure><figure class='gallery-item'>\n\t\t\t<div class='gallery-icon portrait'>\n\t\t\t\t<a href=\"https:\/\/ospitalarioakfundazioaeuskadi.org\/wp-content\/uploads\/2024\/11\/20241122-residencia-txurdinagabarri-gran-recogida-5.jpg\"><img loading=\"lazy\" decoding=\"async\" width=\"200\" height=\"200\" src=\"https:\/\/ospitalarioakfundazioaeuskadi.org\/wp-content\/uploads\/2024\/11\/20241122-residencia-txurdinagabarri-gran-recogida-5-200x200.jpg\" class=\"attachment-thumbnail size-thumbnail\" alt=\"\" title=\"\"><\/a>\n\t\t\t<\/div><\/figure><figure class='gallery-item'>\n\t\t\t<div class='gallery-icon portrait'>\n\t\t\t\t<a href=\"https:\/\/ospitalarioakfundazioaeuskadi.org\/wp-content\/uploads\/2024\/11\/20241122-residencia-txurdinagabarri-gran-recogida-4.jpg\"><img loading=\"lazy\" decoding=\"async\" width=\"200\" height=\"200\" src=\"https:\/\/ospitalarioakfundazioaeuskadi.org\/wp-content\/uploads\/2024\/11\/20241122-residencia-txurdinagabarri-gran-recogida-4-200x200.jpg\" class=\"attachment-thumbnail size-thumbnail\" alt=\"\" title=\"\"><\/a>\n\t\t\t<\/div><\/figure><figure class='gallery-item'>\n\t\t\t<div class='gallery-icon portrait'>\n\t\t\t\t<a href=\"https:\/\/ospitalarioakfundazioaeuskadi.org\/wp-content\/uploads\/2024\/11\/20241122-residencia-txurdinagabarri-gran-recogida-3.jpg\"><img loading=\"lazy\" decoding=\"async\" width=\"200\" height=\"200\" src=\"https:\/\/ospitalarioakfundazioaeuskadi.org\/wp-content\/uploads\/2024\/11\/20241122-residencia-txurdinagabarri-gran-recogida-3-200x200.jpg\" class=\"attachment-thumbnail size-thumbnail\" alt=\"\" title=\"\"><\/a>\n\t\t\t<\/div><\/figure><figure class='gallery-item'>\n\t\t\t<div class='gallery-icon portrait'>\n\t\t\t\t<a href=\"https:\/\/ospitalarioakfundazioaeuskadi.org\/wp-content\/uploads\/2024\/11\/20241122-residencia-txurdinagabarri-gran-recogida-2.jpg\"><img loading=\"lazy\" decoding=\"async\" width=\"200\" height=\"200\" src=\"https:\/\/ospitalarioakfundazioaeuskadi.org\/wp-content\/uploads\/2024\/11\/20241122-residencia-txurdinagabarri-gran-recogida-2-200x200.jpg\" class=\"attachment-thumbnail size-thumbnail\" alt=\"\" title=\"\"><\/a>\n\t\t\t<\/div><\/figure><figure class='gallery-item'>\n\t\t\t<div class='gallery-icon portrait'>\n\t\t\t\t<a href=\"https:\/\/ospitalarioakfundazioaeuskadi.org\/wp-content\/uploads\/2024\/11\/20241122-residencia-txurdinagabarri-gran-recogida-1.jpg\"><img loading=\"lazy\" decoding=\"async\" width=\"200\" height=\"200\" src=\"https:\/\/ospitalarioakfundazioaeuskadi.org\/wp-content\/uploads\/2024\/11\/20241122-residencia-txurdinagabarri-gran-recogida-1-200x200.jpg\" class=\"attachment-thumbnail size-thumbnail\" alt=\"\" title=\"\"><\/a>\n\t\t\t<\/div><\/figure>\n\t\t<\/div>\n\n","protected":false},"excerpt":{"rendered":"<div class=\"entry-summary\">\nComo cada a\u00f1o, la Residencia de mayores Txurdinagabarri se ha sumado a la Gran Recogida de Alimentos organizada por el Banco de Alimentos de Bizkaia. La actividad tuvo lugar el 22 de noviembre en el supermercado Eroski de Bolueta, donde&hellip;\n<\/div>\n<div class=\"link-more\"><a href=\"https:\/\/ospitalarioakfundazioaeuskadi.org\/es\/gran-recogida-banco-alimentos-bizkaia-2024\/\" class=\"more-link\">Seguir leyendo<span class=\"screen-reader-text\"> &ldquo;Un a\u00f1o m\u00e1s, colaboramos con la Gran Recogida del Banco de Alimentos de Bizkaia&rdquo;<\/span>&hellip;<\/a><\/div>\n","protected":false},"author":1,"featured_media":70337,"comment_status":"closed","ping_status":"closed","sticky":false,"template":"","format":"standard","meta":{"footnotes":""},"categories":[646],"tags":[],"linea-asistencial":[],"class_list":["post-70299","post","type-post","status-publish","format-standard","has-post-thumbnail","hentry","category-aita-menni","entry"],"_links":{"self":[{"href":"https:\/\/ospitalarioakfundazioaeuskadi.org\/es\/wp-json\/wp\/v2\/posts\/70299","targetHints":{"allow":["GET"]}}],"collection":[{"href":"https:\/\/ospitalarioakfundazioaeuskadi.org\/es\/wp-json\/wp\/v2\/posts"}],"about":[{"href":"https:\/\/ospitalarioakfundazioaeuskadi.org\/es\/wp-json\/wp\/v2\/types\/post"}],"author":[{"embeddable":true,"href":"https:\/\/ospitalarioakfundazioaeuskadi.org\/es\/wp-json\/wp\/v2\/users\/1"}],"replies":[{"embeddable":true,"href":"https:\/\/ospitalarioakfundazioaeuskadi.org\/es\/wp-json\/wp\/v2\/comments?post=70299"}],"version-history":[{"count":3,"href":"https:\/\/ospitalarioakfundazioaeuskadi.org\/es\/wp-json\/wp\/v2\/posts\/70299\/revisions"}],"predecessor-version":[{"id":70340,"href":"https:\/\/ospitalarioakfundazioaeuskadi.org\/es\/wp-json\/wp\/v2\/posts\/70299\/revisions\/70340"}],"wp:featuredmedia":[{"embeddable":true,"href":"https:\/\/ospitalarioakfundazioaeuskadi.org\/es\/wp-json\/wp\/v2\/media\/70337"}],"wp:attachment":[{"href":"https:\/\/ospitalarioakfundazioaeuskadi.org\/es\/wp-json\/wp\/v2\/media?parent=70299"}],"wp:term":[{"taxonomy":"category","embeddable":true,"href":"https:\/\/ospitalarioakfundazioaeuskadi.org\/es\/wp-json\/wp\/v2\/categories?post=70299"},{"taxonomy":"post_tag","embeddable":true,"href":"https:\/\/ospitalarioakfundazioaeuskadi.org\/es\/wp-json\/wp\/v2\/tags?post=70299"},{"taxonomy":"linea-asistencial","embeddable":true,"href":"https:\/\/ospitalarioakfundazioaeuskadi.org\/es\/wp-json\/wp\/v2\/linea-asistencial?post=70299"}],"curies":[{"name":"wp","href":"https:\/\/api.w.org\/{rel}","templated":true}]}}