{"id":70460,"date":"2024-12-10T10:33:33","date_gmt":"2024-12-10T10:33:33","guid":{"rendered":"https:\/\/www.aita-menni.org\/?p=70460"},"modified":"2024-12-20T10:34:44","modified_gmt":"2024-12-20T10:34:44","slug":"demoday-innovacion-hermanas-hospitalarias","status":"publish","type":"post","link":"https:\/\/ospitalarioakfundazioaeuskadi.org\/es\/demoday-innovacion-hermanas-hospitalarias\/","title":{"rendered":"Participamos en la Jornada DemoDay de Innovaci\u00f3n de Hermanas Hospitalarias"},"content":{"rendered":"<p>Una jornada en la que referentes de innovaci\u00f3n de los distintos centros de <a href=\"https:\/\/www.hospitalarias.es\" target=\"_blank\" rel=\"noopener nofollow\">Hermanas Hospitalarias<\/a> presentaron los proyectos en los que han trabajado en los \u00faltimos meses. Fueron seis proyectos del \u00e1mbito asistencial y educativo relacionados con cada una de las l\u00edneas asistenciales de Hermanas Hospitalarias: Salud Mental, Da\u00f1o Cerebral y Neurorehabilitaci\u00f3n, Cuidados Paliativos, Discapacidad Intelectual, Geriatr\u00eda y Demencia y Medicina General.<\/p>\n<p>Iniciativas que plantean c\u00f3mo mejorar la eficiencia en la gesti\u00f3n de recursos, c\u00f3mo mejorar la comunicaci\u00f3n interdisciplinar en la atenci\u00f3n a pacientes\/usuarios, c\u00f3mo mejorar el estado emocional de los profesionales o c\u00f3mo crear entornos m\u00e1s comunitarios que promuevan la normalizaci\u00f3n e inclusi\u00f3n social plena de las personas usuarias con discapacidad intelectual, entre otros. Todos ellos, compartieron el desarrollo de sus proyectos de innovaci\u00f3n enfocados a mejorar la atenci\u00f3n y calidad de vida a usuarios y profesionales en cada uno de sus campos de acci\u00f3n, demostrando el potencial transformador de la innovaci\u00f3n en el \u00e1mbito asistencial y educativo.<\/p>\n<p>Por parte de <a href=\"https:\/\/www.ospitalarioakfundazioaeuskadi.org\/es\/\">Hermanas Hospitalarias Aita Menni<\/a> asistieron nuestro director asistencial, <strong>Jos\u00e9 Luis Gir\u00f3n<\/strong>, la responsable de Organizaci\u00f3n y Calidad, <strong>Susana Fern\u00e1ndez-Monge<\/strong>, y nuestro responsable de Tecnolog\u00edas de la Informaci\u00f3n, <strong>\u00d3scar Ortiz de Lejarazu<\/strong>.<\/p>\n<p><a href=\"https:\/\/www.ospitalarioakfundazioaeuskadi.org\/wp-content\/uploads\/2024\/12\/demoday-2.jpg\"><img loading=\"lazy\" decoding=\"async\" class=\"alignnone size-full wp-image-70546\" src=\"https:\/\/www.ospitalarioakfundazioaeuskadi.org\/wp-content\/uploads\/2024\/12\/demoday-2.jpg\" alt=\"\" width=\"744\" height=\"299\" title=\"\" srcset=\"https:\/\/ospitalarioakfundazioaeuskadi.org\/wp-content\/uploads\/2024\/12\/demoday-2.jpg 744w, https:\/\/ospitalarioakfundazioaeuskadi.org\/wp-content\/uploads\/2024\/12\/demoday-2-425x171.jpg 425w\" sizes=\"auto, (max-width: 744px) 100vw, 744px\" \/><\/a><\/p>\n<h2>La experiencia de un sanitario emprendedor en salud<\/h2>\n<p><strong>\u00c1lvaro S\u00e1nchez Ferro<\/strong>, neur\u00f3logo en el Hospital 12 de Octubre de Madrid y cofundador de Leuko, ofreci\u00f3 durante esta Jornada DemoDay de Innovaci\u00f3n una inspiradora charla titulada \u00ab<em>La experiencia de un sanitario emprendedor en salud<\/em>\u00ab. La direcci\u00f3n de la Subcomisi\u00f3n de Innovaci\u00f3n aprovech\u00f3 la ocasi\u00f3n para agradecer a todos los equipos de innovaci\u00f3n su esfuerzo y dedicaci\u00f3n, reconociendo el impacto positivo que sus proyectos tendr\u00e1n en el futuro.<\/p>\n","protected":false},"excerpt":{"rendered":"<div class=\"entry-summary\">\nEl pasado mi\u00e9rcoles 4 de diciembre, la sede central de Madrid de Hermanas Hospitalarias acogi\u00f3 la Jornada del DemoDay de Innovaci\u00f3n, un encuentro que constituye el cierre del programa pr\u00e1ctico-formativo para impulsar proyectos innovadores en Hermanas Hospitalarias con el acompa\u00f1amiento de la agencia de innovaci\u00f3n SDLI.\n<\/div>\n<div class=\"link-more\"><a href=\"https:\/\/ospitalarioakfundazioaeuskadi.org\/es\/demoday-innovacion-hermanas-hospitalarias\/\" class=\"more-link\">Seguir leyendo<span class=\"screen-reader-text\"> &ldquo;Participamos en la Jornada DemoDay de Innovaci\u00f3n de Hermanas Hospitalarias&rdquo;<\/span>&hellip;<\/a><\/div>\n","protected":false},"author":1,"featured_media":70548,"comment_status":"closed","ping_status":"closed","sticky":false,"template":"","format":"standard","meta":{"footnotes":""},"categories":[646,1041,1036],"tags":[],"linea-asistencial":[],"class_list":["post-70460","post","type-post","status-publish","format-standard","has-post-thumbnail","hentry","category-aita-menni","category-calidad","category-conocimiento","entry"],"_links":{"self":[{"href":"https:\/\/ospitalarioakfundazioaeuskadi.org\/es\/wp-json\/wp\/v2\/posts\/70460","targetHints":{"allow":["GET"]}}],"collection":[{"href":"https:\/\/ospitalarioakfundazioaeuskadi.org\/es\/wp-json\/wp\/v2\/posts"}],"about":[{"href":"https:\/\/ospitalarioakfundazioaeuskadi.org\/es\/wp-json\/wp\/v2\/types\/post"}],"author":[{"embeddable":true,"href":"https:\/\/ospitalarioakfundazioaeuskadi.org\/es\/wp-json\/wp\/v2\/users\/1"}],"replies":[{"embeddable":true,"href":"https:\/\/ospitalarioakfundazioaeuskadi.org\/es\/wp-json\/wp\/v2\/comments?post=70460"}],"version-history":[{"count":3,"href":"https:\/\/ospitalarioakfundazioaeuskadi.org\/es\/wp-json\/wp\/v2\/posts\/70460\/revisions"}],"predecessor-version":[{"id":70552,"href":"https:\/\/ospitalarioakfundazioaeuskadi.org\/es\/wp-json\/wp\/v2\/posts\/70460\/revisions\/70552"}],"wp:featuredmedia":[{"embeddable":true,"href":"https:\/\/ospitalarioakfundazioaeuskadi.org\/es\/wp-json\/wp\/v2\/media\/70548"}],"wp:attachment":[{"href":"https:\/\/ospitalarioakfundazioaeuskadi.org\/es\/wp-json\/wp\/v2\/media?parent=70460"}],"wp:term":[{"taxonomy":"category","embeddable":true,"href":"https:\/\/ospitalarioakfundazioaeuskadi.org\/es\/wp-json\/wp\/v2\/categories?post=70460"},{"taxonomy":"post_tag","embeddable":true,"href":"https:\/\/ospitalarioakfundazioaeuskadi.org\/es\/wp-json\/wp\/v2\/tags?post=70460"},{"taxonomy":"linea-asistencial","embeddable":true,"href":"https:\/\/ospitalarioakfundazioaeuskadi.org\/es\/wp-json\/wp\/v2\/linea-asistencial?post=70460"}],"curies":[{"name":"wp","href":"https:\/\/api.w.org\/{rel}","templated":true}]}}