{"id":70483,"date":"2024-12-18T17:34:56","date_gmt":"2024-12-18T17:34:56","guid":{"rendered":"https:\/\/www.aita-menni.org\/?p=70483"},"modified":"2024-12-18T17:34:56","modified_gmt":"2024-12-18T17:34:56","slug":"la-actuacion-del-coro-gospel-cada-dia-en-su-presencia-abre-nuestro-programa-de-navidad","status":"publish","type":"post","link":"https:\/\/ospitalarioakfundazioaeuskadi.org\/es\/la-actuacion-del-coro-gospel-cada-dia-en-su-presencia-abre-nuestro-programa-de-navidad\/","title":{"rendered":"La actuaci\u00f3n del coro g\u00f3spel \u2018Cada D\u00eda en su Presencia\u2019 abre nuestro programa de Navidad"},"content":{"rendered":"<p>El pasado d\u00eda 14 de diciembre el coro g\u00f3spel \u2018Cada D\u00eda en su Presencia\u2019 ofreci\u00f3 un concierto navide\u00f1o en el \u2018Juan Carlos Irizar Aretoa\u2019 del <a href=\"https:\/\/ospitalarioakfundazioaeuskadi.org\/es\/centro\/hospital-aita-menni\/\">Hospital Aita Menni<\/a>. El sal\u00f3n de actos se llen\u00f3 como pocas veces, con alrededor de 200 personas, entre pacientes, personas usuarias, familiares y profesionales del centro, que disfrutaron de la actuaci\u00f3n de 23 integrantes de dicha agrupaci\u00f3n musical.<\/p>\n<p>La palabra &#8216;g\u00f3spel&#8217; proviene del ingl\u00e9s &#8216;godspell&#8217;, que se traduce como &#8216;buena palabra\u2019 o \u2018buena noticia&#8217;, concepto relacionado con el t\u00e9rmino que procede del griego &#8216;evangelio&#8217;, que tambi\u00e9n significa \u2018buena nueva&#8217;. El coro g\u00f3spel \u2018Cada d\u00eda en su Presencia\u2019 tiene su origen en la Iglesia Evang\u00e9lica de Pamplona y ha ido creciendo por la uni\u00f3n de diferentes parroquias evang\u00e9licas del norte de Espa\u00f1a.<\/p>\n<p><a href=\"https:\/\/www.ospitalarioakfundazioaeuskadi.org\/wp-content\/uploads\/2024\/12\/Cada-Dia-en-su-Presencia1.jpg\"><img loading=\"lazy\" decoding=\"async\" class=\"alignnone wp-image-70494 size-large\" src=\"https:\/\/www.ospitalarioakfundazioaeuskadi.org\/wp-content\/uploads\/2024\/12\/Cada-Dia-en-su-Presencia1-850x638.jpg\" alt=\"\" width=\"850\" height=\"638\" title=\"\" srcset=\"https:\/\/ospitalarioakfundazioaeuskadi.org\/wp-content\/uploads\/2024\/12\/Cada-Dia-en-su-Presencia1-850x638.jpg 850w, https:\/\/ospitalarioakfundazioaeuskadi.org\/wp-content\/uploads\/2024\/12\/Cada-Dia-en-su-Presencia1-425x319.jpg 425w, https:\/\/ospitalarioakfundazioaeuskadi.org\/wp-content\/uploads\/2024\/12\/Cada-Dia-en-su-Presencia1-768x576.jpg 768w, https:\/\/ospitalarioakfundazioaeuskadi.org\/wp-content\/uploads\/2024\/12\/Cada-Dia-en-su-Presencia1.jpg 1293w\" sizes=\"auto, (max-width: 850px) 100vw, 850px\" \/><\/a><\/p>\n<p>Desde hace a\u00f1os, sus componentes vieron la necesidad de acudir a residencias de personas mayores y hospitales para transmitir con sus canciones, de diferentes estilos, un mensaje de esperanza por la llegada de Jesucristo.<\/p>\n<p>Fue un concierto estupendo, en el que cada una de las personas que asisti\u00f3 tuvo la oportunidad de disfrutar de sus voces y contagiarse de su alegr\u00eda y, adem\u00e1s, recibi\u00f3 como regalo por parte del coro de un par de calcetines y un calendario de 2025. Eskerrik asko! Gracias por vuestra generosidad y por traer la magia del g\u00f3spel a nuestra Navidad.<\/p>\n","protected":false},"excerpt":{"rendered":"<div class=\"entry-summary\">\nLa agrupaci\u00f3n musical dio inicio a nuestro programa de Navidad con un emotivo concierto en el \u2018Juan Carlos Irizar Aretoa\u2019 del Hospital Aita Menni. La m\u00fasica, las voces y el mensaje de esperanza por la llegada de Jesucristo llenaron un sal\u00f3n de actos repleto de pacientes, personas usuarias, familiares y profesionales, dando comienzo a unas fechas llenas de alegr\u00eda y conexi\u00f3n.\n<\/div>\n<div class=\"link-more\"><a href=\"https:\/\/ospitalarioakfundazioaeuskadi.org\/es\/la-actuacion-del-coro-gospel-cada-dia-en-su-presencia-abre-nuestro-programa-de-navidad\/\" class=\"more-link\">Seguir leyendo<span class=\"screen-reader-text\"> &ldquo;La actuaci\u00f3n del coro g\u00f3spel \u2018Cada D\u00eda en su Presencia\u2019 abre nuestro programa de Navidad&rdquo;<\/span>&hellip;<\/a><\/div>\n","protected":false},"author":5,"featured_media":70485,"comment_status":"closed","ping_status":"closed","sticky":false,"template":"","format":"standard","meta":{"footnotes":""},"categories":[646],"tags":[],"linea-asistencial":[],"class_list":["post-70483","post","type-post","status-publish","format-standard","has-post-thumbnail","hentry","category-aita-menni","entry"],"_links":{"self":[{"href":"https:\/\/ospitalarioakfundazioaeuskadi.org\/es\/wp-json\/wp\/v2\/posts\/70483","targetHints":{"allow":["GET"]}}],"collection":[{"href":"https:\/\/ospitalarioakfundazioaeuskadi.org\/es\/wp-json\/wp\/v2\/posts"}],"about":[{"href":"https:\/\/ospitalarioakfundazioaeuskadi.org\/es\/wp-json\/wp\/v2\/types\/post"}],"author":[{"embeddable":true,"href":"https:\/\/ospitalarioakfundazioaeuskadi.org\/es\/wp-json\/wp\/v2\/users\/5"}],"replies":[{"embeddable":true,"href":"https:\/\/ospitalarioakfundazioaeuskadi.org\/es\/wp-json\/wp\/v2\/comments?post=70483"}],"version-history":[{"count":4,"href":"https:\/\/ospitalarioakfundazioaeuskadi.org\/es\/wp-json\/wp\/v2\/posts\/70483\/revisions"}],"predecessor-version":[{"id":70812,"href":"https:\/\/ospitalarioakfundazioaeuskadi.org\/es\/wp-json\/wp\/v2\/posts\/70483\/revisions\/70812"}],"wp:featuredmedia":[{"embeddable":true,"href":"https:\/\/ospitalarioakfundazioaeuskadi.org\/es\/wp-json\/wp\/v2\/media\/70485"}],"wp:attachment":[{"href":"https:\/\/ospitalarioakfundazioaeuskadi.org\/es\/wp-json\/wp\/v2\/media?parent=70483"}],"wp:term":[{"taxonomy":"category","embeddable":true,"href":"https:\/\/ospitalarioakfundazioaeuskadi.org\/es\/wp-json\/wp\/v2\/categories?post=70483"},{"taxonomy":"post_tag","embeddable":true,"href":"https:\/\/ospitalarioakfundazioaeuskadi.org\/es\/wp-json\/wp\/v2\/tags?post=70483"},{"taxonomy":"linea-asistencial","embeddable":true,"href":"https:\/\/ospitalarioakfundazioaeuskadi.org\/es\/wp-json\/wp\/v2\/linea-asistencial?post=70483"}],"curies":[{"name":"wp","href":"https:\/\/api.w.org\/{rel}","templated":true}]}}