{"id":70811,"date":"2025-01-07T22:28:07","date_gmt":"2025-01-07T22:28:07","guid":{"rendered":"https:\/\/www.aita-menni.org\/?p=70811"},"modified":"2025-01-07T22:30:25","modified_gmt":"2025-01-07T22:30:25","slug":"en-el-hospital-aita-menni-disfrutamos-la-navidad-en-compania","status":"publish","type":"post","link":"https:\/\/ospitalarioakfundazioaeuskadi.org\/es\/en-el-hospital-aita-menni-disfrutamos-la-navidad-en-compania\/","title":{"rendered":"En Ospitalarioak Fundazioa Euskadi disfrutamos la Navidad en compa\u00f1\u00eda"},"content":{"rendered":"<p>Hasta el fin del a\u00f1o 2024, en nuestros 125 a\u00f1os de trayectoria, din-don-din\u2026 ya son 1.500 campanadas las que hemos compartido. El Servicio de Rehabilitaci\u00f3n y Dinamizaci\u00f3n social, con sus actividades, animaba a alcanzarlas 1.512 con entusiasmo en estas fiestas navide\u00f1as, para abrir las puertas como se merece al 2025.<\/p>\n<p>Como cada a\u00f1o, en el hospital de Ospitalarioak Fundazioa Euskadi dise\u00f1amos un programa navide\u00f1o especial, repleto de actividades que combinan oficios religiosos y momentos para la celebraci\u00f3n musical y la convivencia.<\/p>\n<p>El primer domingo de Adviento marc\u00f3 el inicio del tiempo de preparaci\u00f3n espiritual. El lunes 9 comenz\u00f3 la semana de decoraci\u00f3n navide\u00f1a que proporcion\u00f3 un ambiente festivo y acogedor a cada uno de los rincones del hospital.<\/p>\n<p><a href=\"https:\/\/www.ospitalarioakfundazioaeuskadi.org\/wp-content\/uploads\/2025\/01\/Mercadillo-Sto-tomas.jpg\"><img loading=\"lazy\" decoding=\"async\" class=\"alignnone wp-image-70819 size-medium\" src=\"https:\/\/www.ospitalarioakfundazioaeuskadi.org\/wp-content\/uploads\/2025\/01\/Mercadillo-Sto-tomas-425x425.jpg\" alt=\"\" width=\"425\" height=\"425\" title=\"\" srcset=\"https:\/\/ospitalarioakfundazioaeuskadi.org\/wp-content\/uploads\/2025\/01\/Mercadillo-Sto-tomas-425x425.jpg 425w, https:\/\/ospitalarioakfundazioaeuskadi.org\/wp-content\/uploads\/2025\/01\/Mercadillo-Sto-tomas-850x850.jpg 850w, https:\/\/ospitalarioakfundazioaeuskadi.org\/wp-content\/uploads\/2025\/01\/Mercadillo-Sto-tomas-200x200.jpg 200w, https:\/\/ospitalarioakfundazioaeuskadi.org\/wp-content\/uploads\/2025\/01\/Mercadillo-Sto-tomas-768x768.jpg 768w, https:\/\/ospitalarioakfundazioaeuskadi.org\/wp-content\/uploads\/2025\/01\/Mercadillo-Sto-tomas.jpg 950w\" sizes=\"auto, (max-width: 425px) 100vw, 425px\" \/><\/a><\/p>\n<p>El 14 de diciembre, la m\u00fasica gan\u00f3 protagonismo con un extraordinario <a href=\"https:\/\/ospitalarioakfundazioaeuskadi.org\/es\/la-actuacion-del-coro-gospel-cada-dia-en-su-presencia-abre-nuestro-programa-de-navidad\/\" target=\"_blank\" rel=\"noopener\">concierto de g\u00f3spel<\/a> a cargo del coro Cada d\u00eda en su Presencia, que llen\u00f3 el sal\u00f3n de actos de alegr\u00eda y conexi\u00f3n.<\/p>\n<p>Los coros de pacientes de nuestro hospital y del Hospital de San Juan de Dios protagonizaron una c\u00e1lida actuaci\u00f3n, en la que no faltaron los aplausos, el 16 diciembre.<\/p>\n<p>El 19, el sal\u00f3n de actos \u201cJuan Carlos Irizar\u201d del hospital vibr\u00f3 con el XII Certamen de Villancicos y con la entrega de premios del Certamen de Tarjetas de Navidad. El 20 de diciembre celebramos con antelaci\u00f3n Santo Tom\u00e1s junto con las familias y el s\u00e1bado 21 abrimos nuestro Mercadillo Navide\u00f1o en la galer\u00eda.<\/p>\n<p>Olentzero y Mari Domingi nos visitaron el 23 por la ma\u00f1ana. El 24 de diciembre, estuvo lleno de significado con la emotiva ceremonia de la Luz de Bel\u00e9n en la capilla, al igual que la eucarist\u00eda del d\u00eda 25 y la comida especial de Navidad. El 26 tuvimos batucada por la ma\u00f1ana; \u00a1gracias por venir a animarnos con vuestros tambores!, y cine despu\u00e9s de comer.<\/p>\n<p><a href=\"https:\/\/www.ospitalarioakfundazioaeuskadi.org\/wp-content\/uploads\/2025\/01\/Batucada.jpeg\"><img loading=\"lazy\" decoding=\"async\" class=\"alignnone wp-image-70829 size-large\" src=\"https:\/\/www.ospitalarioakfundazioaeuskadi.org\/wp-content\/uploads\/2025\/01\/Batucada-850x638.jpeg\" alt=\"\" width=\"850\" height=\"638\" title=\"\" srcset=\"https:\/\/ospitalarioakfundazioaeuskadi.org\/wp-content\/uploads\/2025\/01\/Batucada-850x638.jpeg 850w, https:\/\/ospitalarioakfundazioaeuskadi.org\/wp-content\/uploads\/2025\/01\/Batucada-425x319.jpeg 425w, https:\/\/ospitalarioakfundazioaeuskadi.org\/wp-content\/uploads\/2025\/01\/Batucada-768x576.jpeg 768w, https:\/\/ospitalarioakfundazioaeuskadi.org\/wp-content\/uploads\/2025\/01\/Batucada-1536x1152.jpeg 1536w, https:\/\/ospitalarioakfundazioaeuskadi.org\/wp-content\/uploads\/2025\/01\/Batucada.jpeg 1600w\" sizes=\"auto, (max-width: 850px) 100vw, 850px\" \/><\/a><\/p>\n<p>Queremos dar las gracias tambi\u00e9n a la Escuela de M\u00fasica de Arrasate, que nos ofreci\u00f3 el d\u00eda 30 un estupendo concierto de violines. Para cerrar el a\u00f1o, el 31 de diciembre, la galer\u00eda se convirti\u00f3 en el centro de la fiesta con el alegre Cotill\u00f3n de Nochevieja, una celebraci\u00f3n donde no faltaron las risas y los buenos deseos para 2025.<\/p>\n<p><a href=\"https:\/\/www.ospitalarioakfundazioaeuskadi.org\/wp-content\/uploads\/2025\/01\/Cabalgata-de-Reyes3.jpeg\"><img loading=\"lazy\" decoding=\"async\" class=\"alignnone wp-image-70826 size-large\" src=\"https:\/\/www.ospitalarioakfundazioaeuskadi.org\/wp-content\/uploads\/2025\/01\/Cabalgata-de-Reyes3-850x638.jpeg\" alt=\"\" width=\"850\" height=\"638\" title=\"\" srcset=\"https:\/\/ospitalarioakfundazioaeuskadi.org\/wp-content\/uploads\/2025\/01\/Cabalgata-de-Reyes3-850x638.jpeg 850w, https:\/\/ospitalarioakfundazioaeuskadi.org\/wp-content\/uploads\/2025\/01\/Cabalgata-de-Reyes3-425x319.jpeg 425w, https:\/\/ospitalarioakfundazioaeuskadi.org\/wp-content\/uploads\/2025\/01\/Cabalgata-de-Reyes3-768x576.jpeg 768w, https:\/\/ospitalarioakfundazioaeuskadi.org\/wp-content\/uploads\/2025\/01\/Cabalgata-de-Reyes3-1536x1152.jpeg 1536w, https:\/\/ospitalarioakfundazioaeuskadi.org\/wp-content\/uploads\/2025\/01\/Cabalgata-de-Reyes3.jpeg 1600w\" sizes=\"auto, (max-width: 850px) 100vw, 850px\" \/><\/a><\/p>\n<p>El 1 de enero, la comunidad celebr\u00f3 el comienzo del a\u00f1o nuevo con la misa de A\u00f1o Nuevo. Dos d\u00edas despu\u00e9s, el 3 de enero, la magia lleg\u00f3 a las unidades con la esperada Cabalgata de Reyes, un momento de ilusi\u00f3n y alegr\u00eda para pacientes y profesionales. Finalmente, el 6 de enero, la eucarist\u00eda de Reyes y el cine de A\u00f1o Nuevo pusieron fin al programa navide\u00f1o.<\/p>\n<p>Este programa lleno de actividades dise\u00f1adas para compartir momentos entra\u00f1ables y celebrar la Navidad en comunidad, reafirma el compromiso de nuestra instituci\u00f3n con la atenci\u00f3n integral a las personas enfermas.<\/p>\n<p>Zorionak eta urte berri on!<\/p>\n","protected":false},"excerpt":{"rendered":"<div class=\"entry-summary\">\nA partir de nuestro valor asistencial fundamental: la Hospitalidad, pacientes, familiares y profesionales del Hospital celebramos un a\u00f1o m\u00e1s el nacimiento del ni\u00f1o Jes\u00fas con un programa lleno de tradici\u00f3n y alegr\u00eda.\n<\/div>\n<div class=\"link-more\"><a href=\"https:\/\/ospitalarioakfundazioaeuskadi.org\/es\/en-el-hospital-aita-menni-disfrutamos-la-navidad-en-compania\/\" class=\"more-link\">Seguir leyendo<span class=\"screen-reader-text\"> &ldquo;En Ospitalarioak Fundazioa Euskadi disfrutamos la Navidad en compa\u00f1\u00eda&rdquo;<\/span>&hellip;<\/a><\/div>\n","protected":false},"author":5,"featured_media":70816,"comment_status":"closed","ping_status":"closed","sticky":false,"template":"","format":"standard","meta":{"footnotes":""},"categories":[646,1008],"tags":[],"linea-asistencial":[],"class_list":["post-70811","post","type-post","status-publish","format-standard","has-post-thumbnail","hentry","category-aita-menni","category-hospital-aita-menni","entry"],"_links":{"self":[{"href":"https:\/\/ospitalarioakfundazioaeuskadi.org\/es\/wp-json\/wp\/v2\/posts\/70811","targetHints":{"allow":["GET"]}}],"collection":[{"href":"https:\/\/ospitalarioakfundazioaeuskadi.org\/es\/wp-json\/wp\/v2\/posts"}],"about":[{"href":"https:\/\/ospitalarioakfundazioaeuskadi.org\/es\/wp-json\/wp\/v2\/types\/post"}],"author":[{"embeddable":true,"href":"https:\/\/ospitalarioakfundazioaeuskadi.org\/es\/wp-json\/wp\/v2\/users\/5"}],"replies":[{"embeddable":true,"href":"https:\/\/ospitalarioakfundazioaeuskadi.org\/es\/wp-json\/wp\/v2\/comments?post=70811"}],"version-history":[{"count":3,"href":"https:\/\/ospitalarioakfundazioaeuskadi.org\/es\/wp-json\/wp\/v2\/posts\/70811\/revisions"}],"predecessor-version":[{"id":70857,"href":"https:\/\/ospitalarioakfundazioaeuskadi.org\/es\/wp-json\/wp\/v2\/posts\/70811\/revisions\/70857"}],"wp:featuredmedia":[{"embeddable":true,"href":"https:\/\/ospitalarioakfundazioaeuskadi.org\/es\/wp-json\/wp\/v2\/media\/70816"}],"wp:attachment":[{"href":"https:\/\/ospitalarioakfundazioaeuskadi.org\/es\/wp-json\/wp\/v2\/media?parent=70811"}],"wp:term":[{"taxonomy":"category","embeddable":true,"href":"https:\/\/ospitalarioakfundazioaeuskadi.org\/es\/wp-json\/wp\/v2\/categories?post=70811"},{"taxonomy":"post_tag","embeddable":true,"href":"https:\/\/ospitalarioakfundazioaeuskadi.org\/es\/wp-json\/wp\/v2\/tags?post=70811"},{"taxonomy":"linea-asistencial","embeddable":true,"href":"https:\/\/ospitalarioakfundazioaeuskadi.org\/es\/wp-json\/wp\/v2\/linea-asistencial?post=70811"}],"curies":[{"name":"wp","href":"https:\/\/api.w.org\/{rel}","templated":true}]}}