{"id":70927,"date":"2025-01-08T10:09:36","date_gmt":"2025-01-08T10:09:36","guid":{"rendered":"https:\/\/ospitalarioakfundazioaeuskadi.org\/?p=70927"},"modified":"2025-01-14T15:53:31","modified_gmt":"2025-01-14T15:53:31","slug":"nace-fundacion-hospitalarias","status":"publish","type":"post","link":"https:\/\/ospitalarioakfundazioaeuskadi.org\/es\/nace-fundacion-hospitalarias\/","title":{"rendered":"Nace Fundaci\u00f3n Hospitalarias: un coraz\u00f3n renovado para la obra asistencial de Hermanas Hospitalarias en Espa\u00f1a"},"content":{"rendered":"<p>Con mucha ilusi\u00f3n, iniciamos una nueva etapa en nuestra historia: <strong>a partir de ahora somos <a href=\"https:\/\/fundacionhospitalarias.org\" rel=\"nofollow noopener\" target=\"_blank\">Fundaci\u00f3n Hospitalarias<\/a><\/strong>, una fundaci\u00f3n can\u00f3nica de reciente creaci\u00f3n que acoger\u00e1 toda la actividad asistencial desarrollada por Hermanas Hospitalarias en Espa\u00f1a. En la primera fase, los centros de Castilla y Le\u00f3n no se integrar\u00e1n en la Fundaci\u00f3n.<\/p>\n<p><strong>En el Pa\u00eds Vasco, seremos Ospitalarioak Fundazioa Euskadi.<\/strong><\/p>\n<p>Desde sus inicios, la Congregaci\u00f3n Hermanas Hospitalarias del Sagrado Coraz\u00f3n de Jes\u00fas opt\u00f3 por trabajar en estrecha colaboraci\u00f3n con profesionales profundamente implicados con la instituci\u00f3n, con los que compartimos valores y misi\u00f3n. En este contexto, Fundaci\u00f3n Hospitalarias nace como un proyecto lleno de ilusi\u00f3n y compromiso, que garantiza la sostenibilidad del importante trabajo que desarrollamos para mejorar la calidad de vida de miles de personas.<\/p>\n<p>La Fundaci\u00f3n nos permitir\u00e1 mantener vivos los valores que nos han guiado durante 143 a\u00f1os: hospitalidad, sensibilidad, servicio, acogida liberadora, salud integral, calidad profesional, humanidad, \u00e9tica y conciencia hist\u00f3rica. Y, a la vez, podremos dar continuidad a nuestra labor hospitalaria con las personas a las que atendemos: personas con problemas de salud mental, ni\u00f1os y adultos con da\u00f1o cerebral, con discapacidad intelectual, mayores con trastornos de salud mental y otros trastornos neurol\u00f3gicos, pacientes con necesidades de cuidados paliativos, personas con otras enfermedades\u2026<\/p>\n<p>As\u00ed, la Fundaci\u00f3n mantendr\u00e1 la misma misi\u00f3n: acompa\u00f1ar a personas vulnerables hacia la recuperaci\u00f3n de sus vidas, <strong>integr\u00e1ndolas como ciudadanos de pleno derecho en nuestra sociedad<\/strong>; y lo haremos con una imagen diferente, un coraz\u00f3n renovado con el que nos adaptamos a los nuevos tiempos.<\/p>\n<p>En el coraz\u00f3n de Jes\u00fas, s\u00edmbolo de nuestra identidad, se abre ahora un espacio central que acoge a todas las personas que nos necesitan, sin distincio\u0301n de razas, culturas, ge\u0301nero o clase social. Este lugar tambi\u00e9n re\u00fane a nuestros colaboradores, voluntarios y, por supuesto, a las Hermanas, formando una gran comunidad hospitalaria.<\/p>\n<p>A d\u00eda de hoy, Congregaci\u00f3n y Fundaci\u00f3n cuentan con m\u00e1s de 9.000 profesionales y atienden a m\u00e1s de 360.000 personas en sus centros de toda Espa\u00f1a.<\/p>\n<p>La congregaci\u00f3n Hermanas Hospitalarias en Espa\u00f1a seguir\u00e1 haciendo uso del logo anterior, al igual que lo har\u00e1 la Fundaci\u00f3n Pur\u00edsima Concepci\u00f3n de Granada. El resto de la obra hospitalaria, a excepci\u00f3n de los centros de Castilla y Le\u00f3n, pasar\u00e1 a estar bajo titularidad de la Fundaci\u00f3n Hospitalarias y utilizar\u00e1 una nueva imagen.<\/p>\n<h2>El patronato de Fundaci\u00f3n Hospitalarias<\/h2>\n<p>El patronato de Fundaci\u00f3n Hospitalarias estar\u00e1 compuesto por:<\/p>\n<ul>\n<li>Luz Divina S\u00e1nchez Rodr\u00edguez HSC \u2013 Presidenta<\/li>\n<li>Antonio G\u00f3mez Rodr\u00edguez \u2013 Vicepresidente<\/li>\n<li>Mar\u00eda Esther Berruete Lanz HSC \u2013 Vocal<\/li>\n<li>Antonio Bulbena Vilarrasa \u2013 Vocal<\/li>\n<li>Mar\u00eda Isabel Marijuan Angulo \u2013 Vocal<\/li>\n<li>Mar\u00eda del Carmen Mart\u00edn Garc\u00eda HSC \u2013 Vocal<\/li>\n<li>Fuencisla Mart\u00edn Mart\u00edn HSC \u2013 Vocal<\/li>\n<li>Mar\u00eda de los \u00c1ngeles Perdomo P\u00edo HSC \u2013 Vocal<\/li>\n<li>Paolo Pietrogrande \u2013 Vocal<\/li>\n<li>Jos\u00e9 Pablo Toquero \u2013 Secretario<\/li>\n<\/ul>\n<h2>Un futuro ilusionante<\/h2>\n<p>Desde 1881, hemos trabajado incansablemente poniendo siempre a las personas en el centro. Como Fundaci\u00f3n Hospitalarias, seguiremos acompa\u00f1ando y mejorando la salud mental y f\u00edsica de las personas a las que atendemos, que son y seguir\u00e1n siendo siempre el centro de nuestra misi\u00f3n.<\/p>\n<p>A partir de hoy somos <strong>Fundaci\u00f3n Hospitalarias<\/strong>, el coraz\u00f3n de la hospitalidad.<\/p>\n<p><iframe loading=\"lazy\" title=\"\u00a1Nace Fundaci\u00f3n Hospitalarias!\" width=\"889\" height=\"500\" src=\"https:\/\/www.youtube.com\/embed\/GD_Vlg52Ax0?feature=oembed\" frameborder=\"0\" allow=\"accelerometer; autoplay; clipboard-write; encrypted-media; gyroscope; picture-in-picture; web-share\" referrerpolicy=\"strict-origin-when-cross-origin\" allowfullscreen><\/iframe><\/p>\n","protected":false},"excerpt":{"rendered":"<div class=\"entry-summary\">\nCon mucha ilusi\u00f3n, iniciamos una nueva etapa en nuestra historia: a partir de ahora somos Fundaci\u00f3n Hospitalarias, una fundaci\u00f3n can\u00f3nica de reciente creaci\u00f3n que acoger\u00e1 toda la actividad asistencial desarrollada por Hermanas Hospitalarias en Espa\u00f1a. En la primera fase, los&hellip;\n<\/div>\n<div class=\"link-more\"><a href=\"https:\/\/ospitalarioakfundazioaeuskadi.org\/es\/nace-fundacion-hospitalarias\/\" class=\"more-link\">Seguir leyendo<span class=\"screen-reader-text\"> &ldquo;Nace Fundaci\u00f3n Hospitalarias: un coraz\u00f3n renovado para la obra asistencial de Hermanas Hospitalarias en Espa\u00f1a&rdquo;<\/span>&hellip;<\/a><\/div>\n","protected":false},"author":1,"featured_media":70943,"comment_status":"closed","ping_status":"closed","sticky":false,"template":"","format":"standard","meta":{"footnotes":""},"categories":[646,664],"tags":[],"linea-asistencial":[],"class_list":["post-70927","post","type-post","status-publish","format-standard","has-post-thumbnail","hentry","category-aita-menni","category-hermanas-hospitalarias","entry"],"_links":{"self":[{"href":"https:\/\/ospitalarioakfundazioaeuskadi.org\/es\/wp-json\/wp\/v2\/posts\/70927","targetHints":{"allow":["GET"]}}],"collection":[{"href":"https:\/\/ospitalarioakfundazioaeuskadi.org\/es\/wp-json\/wp\/v2\/posts"}],"about":[{"href":"https:\/\/ospitalarioakfundazioaeuskadi.org\/es\/wp-json\/wp\/v2\/types\/post"}],"author":[{"embeddable":true,"href":"https:\/\/ospitalarioakfundazioaeuskadi.org\/es\/wp-json\/wp\/v2\/users\/1"}],"replies":[{"embeddable":true,"href":"https:\/\/ospitalarioakfundazioaeuskadi.org\/es\/wp-json\/wp\/v2\/comments?post=70927"}],"version-history":[{"count":3,"href":"https:\/\/ospitalarioakfundazioaeuskadi.org\/es\/wp-json\/wp\/v2\/posts\/70927\/revisions"}],"predecessor-version":[{"id":71277,"href":"https:\/\/ospitalarioakfundazioaeuskadi.org\/es\/wp-json\/wp\/v2\/posts\/70927\/revisions\/71277"}],"wp:featuredmedia":[{"embeddable":true,"href":"https:\/\/ospitalarioakfundazioaeuskadi.org\/es\/wp-json\/wp\/v2\/media\/70943"}],"wp:attachment":[{"href":"https:\/\/ospitalarioakfundazioaeuskadi.org\/es\/wp-json\/wp\/v2\/media?parent=70927"}],"wp:term":[{"taxonomy":"category","embeddable":true,"href":"https:\/\/ospitalarioakfundazioaeuskadi.org\/es\/wp-json\/wp\/v2\/categories?post=70927"},{"taxonomy":"post_tag","embeddable":true,"href":"https:\/\/ospitalarioakfundazioaeuskadi.org\/es\/wp-json\/wp\/v2\/tags?post=70927"},{"taxonomy":"linea-asistencial","embeddable":true,"href":"https:\/\/ospitalarioakfundazioaeuskadi.org\/es\/wp-json\/wp\/v2\/linea-asistencial?post=70927"}],"curies":[{"name":"wp","href":"https:\/\/api.w.org\/{rel}","templated":true}]}}