{"id":70956,"date":"2025-01-06T10:18:50","date_gmt":"2025-01-06T10:18:50","guid":{"rendered":"https:\/\/ospitalarioakfundazioaeuskadi.org\/?p=70956"},"modified":"2025-01-09T10:22:01","modified_gmt":"2025-01-09T10:22:01","slug":"entramos-en-el-nuevo-ano-con-musica-y-alegria","status":"publish","type":"post","link":"https:\/\/ospitalarioakfundazioaeuskadi.org\/es\/entramos-en-el-nuevo-ano-con-musica-y-alegria\/","title":{"rendered":"Entramos en el nuevo a\u00f1o con m\u00fasica y alegr\u00eda"},"content":{"rendered":"<p>El martes 31 de diciembre, los residentes, familiares y el personal de la <a href=\"https:\/\/ospitalarioakfundazioaeuskadi.org\/es\/centro\/residencia-mayores-bilbao-txurdinagabarri\/\">Residencia Txurdinagabarri<\/a> celebraron la llegada del nuevo a\u00f1o con una jornada festiva llena de m\u00fasica, baile y buenos deseos.<\/p>\n<p>La celebraci\u00f3n comenz\u00f3 por la ma\u00f1ana, cuando el m\u00fasico y cantante Arotza nos visit\u00f3 para intrpretar un repertorio musical que contagi\u00f3 su energ\u00eda a todos quienes acudieron al sal\u00f3n. Al ritmo de sus canciones, tanto residentes como familiares disfrutaron de un momento especial, compartiendo risas y bailes.<\/p>\n<p>El punto culminante de la celebraci\u00f3n tuvo lugar a las 12 del mediod\u00eda, cuando, con copas en mano, nos reunimos para escuchar las tradicionales campanadas. Entre aplausos y sonrisas, brindamos por el nuevo a\u00f1o, dese\u00e1ndonos salud, felicidad y prosperidad.<\/p>\n<p>Gracias a la colaboraci\u00f3n de Arotza y al apoyo incondicional de las familias, la entrada del nuevo a\u00f1o se vivi\u00f3 como una aut\u00e9ntica fiesta, demostrando una vez m\u00e1s que, con cari\u00f1o y dedicaci\u00f3n, cada d\u00eda puede convertirse en una celebraci\u00f3n especial.<\/p>\n<div id='gallery-1' class='gallery galleryid-70956 gallery-columns-4 gallery-size-thumbnail'><figure class='gallery-item'>\n\t\t\t<div class='gallery-icon portrait'>\n\t\t\t\t<a href='https:\/\/ospitalarioakfundazioaeuskadi.org\/wp-content\/uploads\/2025\/01\/20241231-residencia-txurdinagabarri-nochevieja-1.jpg'><img loading=\"lazy\" decoding=\"async\" width=\"200\" height=\"200\" src=\"https:\/\/ospitalarioakfundazioaeuskadi.org\/wp-content\/uploads\/2025\/01\/20241231-residencia-txurdinagabarri-nochevieja-1-200x200.jpg\" class=\"attachment-thumbnail size-thumbnail\" alt=\"\" title=\"\"><\/a>\n\t\t\t<\/div><\/figure><figure class='gallery-item'>\n\t\t\t<div class='gallery-icon portrait'>\n\t\t\t\t<a href='https:\/\/ospitalarioakfundazioaeuskadi.org\/wp-content\/uploads\/2025\/01\/20241231-residencia-txurdinagabarri-nochevieja-2.jpg'><img loading=\"lazy\" decoding=\"async\" width=\"200\" height=\"200\" src=\"https:\/\/ospitalarioakfundazioaeuskadi.org\/wp-content\/uploads\/2025\/01\/20241231-residencia-txurdinagabarri-nochevieja-2-200x200.jpg\" class=\"attachment-thumbnail size-thumbnail\" alt=\"\" title=\"\"><\/a>\n\t\t\t<\/div><\/figure><figure class='gallery-item'>\n\t\t\t<div class='gallery-icon portrait'>\n\t\t\t\t<a href='https:\/\/ospitalarioakfundazioaeuskadi.org\/wp-content\/uploads\/2025\/01\/20241231-residencia-txurdinagabarri-nochevieja-3.jpg'><img loading=\"lazy\" decoding=\"async\" width=\"200\" height=\"200\" src=\"https:\/\/ospitalarioakfundazioaeuskadi.org\/wp-content\/uploads\/2025\/01\/20241231-residencia-txurdinagabarri-nochevieja-3-200x200.jpg\" class=\"attachment-thumbnail size-thumbnail\" alt=\"\" title=\"\"><\/a>\n\t\t\t<\/div><\/figure><figure class='gallery-item'>\n\t\t\t<div class='gallery-icon portrait'>\n\t\t\t\t<a href='https:\/\/ospitalarioakfundazioaeuskadi.org\/wp-content\/uploads\/2025\/01\/20241231-residencia-txurdinagabarri-nochevieja-4.jpg'><img loading=\"lazy\" decoding=\"async\" width=\"200\" height=\"200\" src=\"https:\/\/ospitalarioakfundazioaeuskadi.org\/wp-content\/uploads\/2025\/01\/20241231-residencia-txurdinagabarri-nochevieja-4-200x200.jpg\" class=\"attachment-thumbnail size-thumbnail\" alt=\"\" title=\"\"><\/a>\n\t\t\t<\/div><\/figure><figure class='gallery-item'>\n\t\t\t<div class='gallery-icon portrait'>\n\t\t\t\t<a href='https:\/\/ospitalarioakfundazioaeuskadi.org\/wp-content\/uploads\/2025\/01\/20241231-residencia-txurdinagabarri-nochevieja-5.jpg'><img loading=\"lazy\" decoding=\"async\" width=\"200\" height=\"200\" src=\"https:\/\/ospitalarioakfundazioaeuskadi.org\/wp-content\/uploads\/2025\/01\/20241231-residencia-txurdinagabarri-nochevieja-5-200x200.jpg\" class=\"attachment-thumbnail size-thumbnail\" alt=\"\" title=\"\"><\/a>\n\t\t\t<\/div><\/figure><figure class='gallery-item'>\n\t\t\t<div class='gallery-icon portrait'>\n\t\t\t\t<a href='https:\/\/ospitalarioakfundazioaeuskadi.org\/wp-content\/uploads\/2025\/01\/20241231-residencia-txurdinagabarri-nochevieja-6.jpg'><img loading=\"lazy\" decoding=\"async\" width=\"200\" height=\"200\" src=\"https:\/\/ospitalarioakfundazioaeuskadi.org\/wp-content\/uploads\/2025\/01\/20241231-residencia-txurdinagabarri-nochevieja-6-200x200.jpg\" class=\"attachment-thumbnail size-thumbnail\" alt=\"\" title=\"\"><\/a>\n\t\t\t<\/div><\/figure><figure class='gallery-item'>\n\t\t\t<div class='gallery-icon portrait'>\n\t\t\t\t<a href='https:\/\/ospitalarioakfundazioaeuskadi.org\/wp-content\/uploads\/2025\/01\/20241231-residencia-txurdinagabarri-nochevieja-7.jpg'><img loading=\"lazy\" decoding=\"async\" width=\"200\" height=\"200\" src=\"https:\/\/ospitalarioakfundazioaeuskadi.org\/wp-content\/uploads\/2025\/01\/20241231-residencia-txurdinagabarri-nochevieja-7-200x200.jpg\" class=\"attachment-thumbnail size-thumbnail\" alt=\"\" title=\"\"><\/a>\n\t\t\t<\/div><\/figure><figure class='gallery-item'>\n\t\t\t<div class='gallery-icon portrait'>\n\t\t\t\t<a href='https:\/\/ospitalarioakfundazioaeuskadi.org\/wp-content\/uploads\/2025\/01\/20241231-residencia-txurdinagabarri-nochevieja-8.jpg'><img loading=\"lazy\" decoding=\"async\" width=\"200\" height=\"200\" src=\"https:\/\/ospitalarioakfundazioaeuskadi.org\/wp-content\/uploads\/2025\/01\/20241231-residencia-txurdinagabarri-nochevieja-8-200x200.jpg\" class=\"attachment-thumbnail size-thumbnail\" alt=\"\" title=\"\"><\/a>\n\t\t\t<\/div><\/figure><figure class='gallery-item'>\n\t\t\t<div class='gallery-icon portrait'>\n\t\t\t\t<a href='https:\/\/ospitalarioakfundazioaeuskadi.org\/wp-content\/uploads\/2025\/01\/20241231-residencia-txurdinagabarri-nochevieja-9.jpg'><img loading=\"lazy\" decoding=\"async\" width=\"200\" height=\"200\" src=\"https:\/\/ospitalarioakfundazioaeuskadi.org\/wp-content\/uploads\/2025\/01\/20241231-residencia-txurdinagabarri-nochevieja-9-200x200.jpg\" class=\"attachment-thumbnail size-thumbnail\" alt=\"\" title=\"\"><\/a>\n\t\t\t<\/div><\/figure><figure class='gallery-item'>\n\t\t\t<div class='gallery-icon portrait'>\n\t\t\t\t<a href='https:\/\/ospitalarioakfundazioaeuskadi.org\/wp-content\/uploads\/2025\/01\/20241231-residencia-txurdinagabarri-nochevieja-10.jpg'><img loading=\"lazy\" decoding=\"async\" width=\"200\" height=\"200\" src=\"https:\/\/ospitalarioakfundazioaeuskadi.org\/wp-content\/uploads\/2025\/01\/20241231-residencia-txurdinagabarri-nochevieja-10-200x200.jpg\" class=\"attachment-thumbnail size-thumbnail\" alt=\"\" title=\"\"><\/a>\n\t\t\t<\/div><\/figure><figure class='gallery-item'>\n\t\t\t<div class='gallery-icon portrait'>\n\t\t\t\t<a href='https:\/\/ospitalarioakfundazioaeuskadi.org\/wp-content\/uploads\/2025\/01\/20241231-residencia-txurdinagabarri-nochevieja-11.jpg'><img loading=\"lazy\" decoding=\"async\" width=\"200\" height=\"200\" src=\"https:\/\/ospitalarioakfundazioaeuskadi.org\/wp-content\/uploads\/2025\/01\/20241231-residencia-txurdinagabarri-nochevieja-11-200x200.jpg\" class=\"attachment-thumbnail size-thumbnail\" alt=\"Un grupo de personas mayores bailando\" title=\"\"><\/a>\n\t\t\t<\/div><\/figure><figure class='gallery-item'>\n\t\t\t<div class='gallery-icon portrait'>\n\t\t\t\t<a href='https:\/\/ospitalarioakfundazioaeuskadi.org\/wp-content\/uploads\/2025\/01\/20241231-residencia-txurdinagabarri-nochevieja-12.jpg'><img loading=\"lazy\" decoding=\"async\" width=\"200\" height=\"200\" src=\"https:\/\/ospitalarioakfundazioaeuskadi.org\/wp-content\/uploads\/2025\/01\/20241231-residencia-txurdinagabarri-nochevieja-12-200x200.jpg\" class=\"attachment-thumbnail size-thumbnail\" alt=\"\" title=\"\"><\/a>\n\t\t\t<\/div><\/figure><figure class='gallery-item'>\n\t\t\t<div class='gallery-icon portrait'>\n\t\t\t\t<a href='https:\/\/ospitalarioakfundazioaeuskadi.org\/wp-content\/uploads\/2025\/01\/20241231-residencia-txurdinagabarri-nochevieja-13.jpg'><img loading=\"lazy\" decoding=\"async\" width=\"200\" height=\"200\" src=\"https:\/\/ospitalarioakfundazioaeuskadi.org\/wp-content\/uploads\/2025\/01\/20241231-residencia-txurdinagabarri-nochevieja-13-200x200.jpg\" class=\"attachment-thumbnail size-thumbnail\" alt=\"\" title=\"\"><\/a>\n\t\t\t<\/div><\/figure><figure class='gallery-item'>\n\t\t\t<div class='gallery-icon portrait'>\n\t\t\t\t<a href='https:\/\/ospitalarioakfundazioaeuskadi.org\/wp-content\/uploads\/2025\/01\/20241231-residencia-txurdinagabarri-nochevieja-14.jpg'><img loading=\"lazy\" decoding=\"async\" width=\"200\" height=\"200\" src=\"https:\/\/ospitalarioakfundazioaeuskadi.org\/wp-content\/uploads\/2025\/01\/20241231-residencia-txurdinagabarri-nochevieja-14-200x200.jpg\" class=\"attachment-thumbnail size-thumbnail\" alt=\"\" title=\"\"><\/a>\n\t\t\t<\/div><\/figure><figure class='gallery-item'>\n\t\t\t<div class='gallery-icon portrait'>\n\t\t\t\t<a href='https:\/\/ospitalarioakfundazioaeuskadi.org\/wp-content\/uploads\/2025\/01\/20241231-residencia-txurdinagabarri-nochevieja-15.jpg'><img loading=\"lazy\" decoding=\"async\" width=\"200\" height=\"200\" src=\"https:\/\/ospitalarioakfundazioaeuskadi.org\/wp-content\/uploads\/2025\/01\/20241231-residencia-txurdinagabarri-nochevieja-15-200x200.jpg\" class=\"attachment-thumbnail size-thumbnail\" alt=\"\" title=\"\"><\/a>\n\t\t\t<\/div><\/figure><figure class='gallery-item'>\n\t\t\t<div class='gallery-icon portrait'>\n\t\t\t\t<a href='https:\/\/ospitalarioakfundazioaeuskadi.org\/wp-content\/uploads\/2025\/01\/20241231-residencia-txurdinagabarri-nochevieja-16.jpg'><img loading=\"lazy\" decoding=\"async\" width=\"200\" height=\"200\" src=\"https:\/\/ospitalarioakfundazioaeuskadi.org\/wp-content\/uploads\/2025\/01\/20241231-residencia-txurdinagabarri-nochevieja-16-200x200.jpg\" class=\"attachment-thumbnail size-thumbnail\" alt=\"\" title=\"\"><\/a>\n\t\t\t<\/div><\/figure><figure class='gallery-item'>\n\t\t\t<div class='gallery-icon portrait'>\n\t\t\t\t<a href='https:\/\/ospitalarioakfundazioaeuskadi.org\/wp-content\/uploads\/2025\/01\/20241231-residencia-txurdinagabarri-nochevieja-17.jpg'><img loading=\"lazy\" decoding=\"async\" width=\"200\" height=\"200\" src=\"https:\/\/ospitalarioakfundazioaeuskadi.org\/wp-content\/uploads\/2025\/01\/20241231-residencia-txurdinagabarri-nochevieja-17-200x200.jpg\" class=\"attachment-thumbnail size-thumbnail\" alt=\"\" title=\"\"><\/a>\n\t\t\t<\/div><\/figure><figure class='gallery-item'>\n\t\t\t<div class='gallery-icon portrait'>\n\t\t\t\t<a href='https:\/\/ospitalarioakfundazioaeuskadi.org\/wp-content\/uploads\/2025\/01\/20241231-residencia-txurdinagabarri-nochevieja-18.jpg'><img loading=\"lazy\" decoding=\"async\" width=\"200\" height=\"200\" src=\"https:\/\/ospitalarioakfundazioaeuskadi.org\/wp-content\/uploads\/2025\/01\/20241231-residencia-txurdinagabarri-nochevieja-18-200x200.jpg\" class=\"attachment-thumbnail size-thumbnail\" alt=\"\" title=\"\"><\/a>\n\t\t\t<\/div><\/figure><figure class='gallery-item'>\n\t\t\t<div class='gallery-icon portrait'>\n\t\t\t\t<a href='https:\/\/ospitalarioakfundazioaeuskadi.org\/wp-content\/uploads\/2025\/01\/20241231-residencia-txurdinagabarri-nochevieja-19.jpg'><img loading=\"lazy\" decoding=\"async\" width=\"200\" height=\"200\" src=\"https:\/\/ospitalarioakfundazioaeuskadi.org\/wp-content\/uploads\/2025\/01\/20241231-residencia-txurdinagabarri-nochevieja-19-200x200.jpg\" class=\"attachment-thumbnail size-thumbnail\" alt=\"\" title=\"\"><\/a>\n\t\t\t<\/div><\/figure><figure class='gallery-item'>\n\t\t\t<div class='gallery-icon portrait'>\n\t\t\t\t<a href='https:\/\/ospitalarioakfundazioaeuskadi.org\/wp-content\/uploads\/2025\/01\/20241231-residencia-txurdinagabarri-nochevieja-20.jpg'><img loading=\"lazy\" decoding=\"async\" width=\"200\" height=\"200\" src=\"https:\/\/ospitalarioakfundazioaeuskadi.org\/wp-content\/uploads\/2025\/01\/20241231-residencia-txurdinagabarri-nochevieja-20-200x200.jpg\" class=\"attachment-thumbnail size-thumbnail\" alt=\"\" title=\"\"><\/a>\n\t\t\t<\/div><\/figure><figure class='gallery-item'>\n\t\t\t<div class='gallery-icon landscape'>\n\t\t\t\t<a href='https:\/\/ospitalarioakfundazioaeuskadi.org\/wp-content\/uploads\/2025\/01\/20241231-residencia-txurdinagabarri-nochevieja-21.jpg'><img loading=\"lazy\" decoding=\"async\" width=\"200\" height=\"200\" src=\"https:\/\/ospitalarioakfundazioaeuskadi.org\/wp-content\/uploads\/2025\/01\/20241231-residencia-txurdinagabarri-nochevieja-21-200x200.jpg\" class=\"attachment-thumbnail size-thumbnail\" alt=\"\" title=\"\"><\/a>\n\t\t\t<\/div><\/figure><figure class='gallery-item'>\n\t\t\t<div class='gallery-icon portrait'>\n\t\t\t\t<a href='https:\/\/ospitalarioakfundazioaeuskadi.org\/wp-content\/uploads\/2025\/01\/20241231-residencia-txurdinagabarri-nochevieja-22.jpg'><img loading=\"lazy\" decoding=\"async\" width=\"200\" height=\"200\" src=\"https:\/\/ospitalarioakfundazioaeuskadi.org\/wp-content\/uploads\/2025\/01\/20241231-residencia-txurdinagabarri-nochevieja-22-200x200.jpg\" class=\"attachment-thumbnail size-thumbnail\" alt=\"\" title=\"\"><\/a>\n\t\t\t<\/div><\/figure><figure class='gallery-item'>\n\t\t\t<div class='gallery-icon portrait'>\n\t\t\t\t<a href='https:\/\/ospitalarioakfundazioaeuskadi.org\/wp-content\/uploads\/2025\/01\/20241231-residencia-txurdinagabarri-nochevieja-23.jpg'><img loading=\"lazy\" decoding=\"async\" width=\"200\" height=\"200\" src=\"https:\/\/ospitalarioakfundazioaeuskadi.org\/wp-content\/uploads\/2025\/01\/20241231-residencia-txurdinagabarri-nochevieja-23-200x200.jpg\" class=\"attachment-thumbnail size-thumbnail\" alt=\"\" title=\"\"><\/a>\n\t\t\t<\/div><\/figure><figure class='gallery-item'>\n\t\t\t<div class='gallery-icon portrait'>\n\t\t\t\t<a href='https:\/\/ospitalarioakfundazioaeuskadi.org\/wp-content\/uploads\/2025\/01\/20241231-residencia-txurdinagabarri-nochevieja-24.jpg'><img loading=\"lazy\" decoding=\"async\" width=\"200\" height=\"200\" src=\"https:\/\/ospitalarioakfundazioaeuskadi.org\/wp-content\/uploads\/2025\/01\/20241231-residencia-txurdinagabarri-nochevieja-24-200x200.jpg\" class=\"attachment-thumbnail size-thumbnail\" alt=\"\" title=\"\"><\/a>\n\t\t\t<\/div><\/figure><figure class='gallery-item'>\n\t\t\t<div class='gallery-icon portrait'>\n\t\t\t\t<a href='https:\/\/ospitalarioakfundazioaeuskadi.org\/wp-content\/uploads\/2025\/01\/20241231-residencia-txurdinagabarri-nochevieja-25.jpg'><img loading=\"lazy\" decoding=\"async\" width=\"200\" height=\"200\" src=\"https:\/\/ospitalarioakfundazioaeuskadi.org\/wp-content\/uploads\/2025\/01\/20241231-residencia-txurdinagabarri-nochevieja-25-200x200.jpg\" class=\"attachment-thumbnail size-thumbnail\" alt=\"\" title=\"\"><\/a>\n\t\t\t<\/div><\/figure><figure class='gallery-item'>\n\t\t\t<div class='gallery-icon portrait'>\n\t\t\t\t<a href='https:\/\/ospitalarioakfundazioaeuskadi.org\/wp-content\/uploads\/2025\/01\/20241231-residencia-txurdinagabarri-nochevieja-26.jpg'><img loading=\"lazy\" decoding=\"async\" width=\"200\" height=\"200\" src=\"https:\/\/ospitalarioakfundazioaeuskadi.org\/wp-content\/uploads\/2025\/01\/20241231-residencia-txurdinagabarri-nochevieja-26-200x200.jpg\" class=\"attachment-thumbnail size-thumbnail\" alt=\"\" title=\"\"><\/a>\n\t\t\t<\/div><\/figure><figure class='gallery-item'>\n\t\t\t<div class='gallery-icon portrait'>\n\t\t\t\t<a href='https:\/\/ospitalarioakfundazioaeuskadi.org\/wp-content\/uploads\/2025\/01\/20241231-residencia-txurdinagabarri-nochevieja-27.jpg'><img loading=\"lazy\" decoding=\"async\" width=\"200\" height=\"200\" src=\"https:\/\/ospitalarioakfundazioaeuskadi.org\/wp-content\/uploads\/2025\/01\/20241231-residencia-txurdinagabarri-nochevieja-27-200x200.jpg\" class=\"attachment-thumbnail size-thumbnail\" alt=\"\" title=\"\"><\/a>\n\t\t\t<\/div><\/figure><figure class='gallery-item'>\n\t\t\t<div class='gallery-icon portrait'>\n\t\t\t\t<a href='https:\/\/ospitalarioakfundazioaeuskadi.org\/wp-content\/uploads\/2025\/01\/20241231-residencia-txurdinagabarri-nochevieja-28.jpg'><img loading=\"lazy\" decoding=\"async\" width=\"200\" height=\"200\" src=\"https:\/\/ospitalarioakfundazioaeuskadi.org\/wp-content\/uploads\/2025\/01\/20241231-residencia-txurdinagabarri-nochevieja-28-200x200.jpg\" class=\"attachment-thumbnail size-thumbnail\" alt=\"\" title=\"\"><\/a>\n\t\t\t<\/div><\/figure>\n\t\t<\/div>\n\n","protected":false},"excerpt":{"rendered":"<div class=\"entry-summary\">\nEl martes 31 de diciembre, los residentes, familiares y el personal de la Residencia Txurdinagabarri celebraron la llegada del nuevo a\u00f1o con una jornada festiva llena de m\u00fasica, baile y buenos deseos. La celebraci\u00f3n comenz\u00f3 por la ma\u00f1ana, cuando el&hellip;\n<\/div>\n<div class=\"link-more\"><a href=\"https:\/\/ospitalarioakfundazioaeuskadi.org\/es\/entramos-en-el-nuevo-ano-con-musica-y-alegria\/\" class=\"more-link\">Seguir leyendo<span class=\"screen-reader-text\"> &ldquo;Entramos en el nuevo a\u00f1o con m\u00fasica y alegr\u00eda&rdquo;<\/span>&hellip;<\/a><\/div>\n","protected":false},"author":1,"featured_media":70985,"comment_status":"closed","ping_status":"closed","sticky":false,"template":"","format":"standard","meta":{"footnotes":""},"categories":[646,656,648],"tags":[],"linea-asistencial":[980],"class_list":["post-70956","post","type-post","status-publish","format-standard","has-post-thumbnail","hentry","category-aita-menni","category-bilbao-centro-de-dia-de-personas-mayores-txurdinagabarri-bilbao","category-residencia-txurdinagabarri-bilbao","linea-asistencial-4-persona-mayor","entry"],"_links":{"self":[{"href":"https:\/\/ospitalarioakfundazioaeuskadi.org\/es\/wp-json\/wp\/v2\/posts\/70956","targetHints":{"allow":["GET"]}}],"collection":[{"href":"https:\/\/ospitalarioakfundazioaeuskadi.org\/es\/wp-json\/wp\/v2\/posts"}],"about":[{"href":"https:\/\/ospitalarioakfundazioaeuskadi.org\/es\/wp-json\/wp\/v2\/types\/post"}],"author":[{"embeddable":true,"href":"https:\/\/ospitalarioakfundazioaeuskadi.org\/es\/wp-json\/wp\/v2\/users\/1"}],"replies":[{"embeddable":true,"href":"https:\/\/ospitalarioakfundazioaeuskadi.org\/es\/wp-json\/wp\/v2\/comments?post=70956"}],"version-history":[{"count":3,"href":"https:\/\/ospitalarioakfundazioaeuskadi.org\/es\/wp-json\/wp\/v2\/posts\/70956\/revisions"}],"predecessor-version":[{"id":71023,"href":"https:\/\/ospitalarioakfundazioaeuskadi.org\/es\/wp-json\/wp\/v2\/posts\/70956\/revisions\/71023"}],"wp:featuredmedia":[{"embeddable":true,"href":"https:\/\/ospitalarioakfundazioaeuskadi.org\/es\/wp-json\/wp\/v2\/media\/70985"}],"wp:attachment":[{"href":"https:\/\/ospitalarioakfundazioaeuskadi.org\/es\/wp-json\/wp\/v2\/media?parent=70956"}],"wp:term":[{"taxonomy":"category","embeddable":true,"href":"https:\/\/ospitalarioakfundazioaeuskadi.org\/es\/wp-json\/wp\/v2\/categories?post=70956"},{"taxonomy":"post_tag","embeddable":true,"href":"https:\/\/ospitalarioakfundazioaeuskadi.org\/es\/wp-json\/wp\/v2\/tags?post=70956"},{"taxonomy":"linea-asistencial","embeddable":true,"href":"https:\/\/ospitalarioakfundazioaeuskadi.org\/es\/wp-json\/wp\/v2\/linea-asistencial?post=70956"}],"curies":[{"name":"wp","href":"https:\/\/api.w.org\/{rel}","templated":true}]}}