{"id":70961,"date":"2025-01-09T13:05:20","date_gmt":"2025-01-09T13:05:20","guid":{"rendered":"https:\/\/ospitalarioakfundazioaeuskadi.org\/?p=70961"},"modified":"2025-01-09T13:05:20","modified_gmt":"2025-01-09T13:05:20","slug":"la-visita-de-los-reyes-pone-el-broche-final-a-las-celebraciones-navidenas-en-txurdinagabarri","status":"publish","type":"post","link":"https:\/\/ospitalarioakfundazioaeuskadi.org\/es\/la-visita-de-los-reyes-pone-el-broche-final-a-las-celebraciones-navidenas-en-txurdinagabarri\/","title":{"rendered":"La visita de los Reyes pone el broche final a las celebraciones navide\u00f1as en Txurdinagabarri"},"content":{"rendered":"<p>El pasado viernes 3 de enero, la Residencia <a href=\"https:\/\/ospitalarioakfundazioaeuskadi.org\/es\/centro\/residencia-mayores-bilbao-txurdinagabarri\/\">Txurdinagabarri de Bilbao<\/a> vivi\u00f3 una ma\u00f1ana llena de magia e ilusi\u00f3n con la esperada visita de los <strong>Reyes Magos<\/strong> y sus pajes. Durante su recorrido, Melchor, Gaspar y Baltasar visitaron planta por planta a los y las residentes, repartiendo sonrisas y escuchando villancicos que acompa\u00f1aron el ambiente festivo.<\/p>\n<p>La presencia de los Reyes Magos no solo trajo alegr\u00eda, sino tambi\u00e9n un obsequio muy especial para cada residente: una mochila personalizada con el logotipo del centro y un gran coraz\u00f3n, s\u00edmbolo del cari\u00f1o y la cercan\u00eda que caracterizan a Txurdinagabarri. Este detalle, sencillo pero emotivo, fue recibido con gratitud por todos, convirti\u00e9ndose en un recuerdo entra\u00f1able de estas fiestas.<\/p>\n<p>La actividad, organizada con esmero por el personal del centro, busc\u00f3 recrear el esp\u00edritu de la tradicional llegada de los Reyes Magos, ofreciendo a los residentes una experiencia cercana a las celebraciones familiares de esta \u00e9poca. El evento permiti\u00f3 a todos disfrutar de una ma\u00f1ana diferente, llena de emoci\u00f3n y buenos momentos compartidos.<\/p>\n<p>Esta jornada especial forma parte del amplio programa navide\u00f1o desarrollado en la residencia, que ha incluido actividades solidarias, culturales y recreativas, dise\u00f1adas para fomentar el bienestar y la convivencia entre los residentes. Gracias a la colaboraci\u00f3n de todos, la visita de los Reyes Magos se convirti\u00f3 en un cierre perfecto para unas fiestas llenas de alegr\u00eda y compa\u00f1erismo.<\/p>\n<div id='gallery-1' class='gallery galleryid-70961 gallery-columns-4 gallery-size-thumbnail'><figure class='gallery-item'>\n\t\t\t<div class='gallery-icon portrait'>\n\t\t\t\t<a href='https:\/\/ospitalarioakfundazioaeuskadi.org\/es\/la-visita-de-los-reyes-pone-el-broche-final-a-las-celebraciones-navidenas-en-txurdinagabarri\/20250105-residencia-txurdinagabarri-reyes-1\/'><img loading=\"lazy\" decoding=\"async\" width=\"200\" height=\"200\" src=\"https:\/\/ospitalarioakfundazioaeuskadi.org\/wp-content\/uploads\/2025\/01\/20250105-residencia-txurdinagabarri-reyes-1-200x200.jpg\" class=\"attachment-thumbnail size-thumbnail\" alt=\"\" title=\"\"><\/a>\n\t\t\t<\/div><\/figure><figure class='gallery-item'>\n\t\t\t<div class='gallery-icon portrait'>\n\t\t\t\t<a href='https:\/\/ospitalarioakfundazioaeuskadi.org\/es\/la-visita-de-los-reyes-pone-el-broche-final-a-las-celebraciones-navidenas-en-txurdinagabarri\/20250105-residencia-txurdinagabarri-reyes-2\/'><img loading=\"lazy\" decoding=\"async\" width=\"200\" height=\"200\" src=\"https:\/\/ospitalarioakfundazioaeuskadi.org\/wp-content\/uploads\/2025\/01\/20250105-residencia-txurdinagabarri-reyes-2-200x200.jpg\" class=\"attachment-thumbnail size-thumbnail\" alt=\"\" title=\"\"><\/a>\n\t\t\t<\/div><\/figure><figure class='gallery-item'>\n\t\t\t<div class='gallery-icon portrait'>\n\t\t\t\t<a href='https:\/\/ospitalarioakfundazioaeuskadi.org\/es\/la-visita-de-los-reyes-pone-el-broche-final-a-las-celebraciones-navidenas-en-txurdinagabarri\/20250105-residencia-txurdinagabarri-reyes-3\/'><img loading=\"lazy\" decoding=\"async\" width=\"200\" height=\"200\" src=\"https:\/\/ospitalarioakfundazioaeuskadi.org\/wp-content\/uploads\/2025\/01\/20250105-residencia-txurdinagabarri-reyes-3-200x200.jpg\" class=\"attachment-thumbnail size-thumbnail\" alt=\"\" title=\"\"><\/a>\n\t\t\t<\/div><\/figure><figure class='gallery-item'>\n\t\t\t<div class='gallery-icon portrait'>\n\t\t\t\t<a href='https:\/\/ospitalarioakfundazioaeuskadi.org\/es\/la-visita-de-los-reyes-pone-el-broche-final-a-las-celebraciones-navidenas-en-txurdinagabarri\/20250105-residencia-txurdinagabarri-reyes-4\/'><img loading=\"lazy\" decoding=\"async\" width=\"200\" height=\"200\" src=\"https:\/\/ospitalarioakfundazioaeuskadi.org\/wp-content\/uploads\/2025\/01\/20250105-residencia-txurdinagabarri-reyes-4-200x200.jpg\" class=\"attachment-thumbnail size-thumbnail\" alt=\"\" title=\"\"><\/a>\n\t\t\t<\/div><\/figure><figure class='gallery-item'>\n\t\t\t<div class='gallery-icon portrait'>\n\t\t\t\t<a href='https:\/\/ospitalarioakfundazioaeuskadi.org\/es\/la-visita-de-los-reyes-pone-el-broche-final-a-las-celebraciones-navidenas-en-txurdinagabarri\/20250105-residencia-txurdinagabarri-reyes-5\/'><img loading=\"lazy\" decoding=\"async\" width=\"200\" height=\"200\" src=\"https:\/\/ospitalarioakfundazioaeuskadi.org\/wp-content\/uploads\/2025\/01\/20250105-residencia-txurdinagabarri-reyes-5-200x200.jpg\" class=\"attachment-thumbnail size-thumbnail\" alt=\"\" title=\"\"><\/a>\n\t\t\t<\/div><\/figure><figure class='gallery-item'>\n\t\t\t<div class='gallery-icon portrait'>\n\t\t\t\t<a href='https:\/\/ospitalarioakfundazioaeuskadi.org\/es\/la-visita-de-los-reyes-pone-el-broche-final-a-las-celebraciones-navidenas-en-txurdinagabarri\/20250105-residencia-txurdinagabarri-reyes-6\/'><img loading=\"lazy\" decoding=\"async\" width=\"200\" height=\"200\" src=\"https:\/\/ospitalarioakfundazioaeuskadi.org\/wp-content\/uploads\/2025\/01\/20250105-residencia-txurdinagabarri-reyes-6-200x200.jpg\" class=\"attachment-thumbnail size-thumbnail\" alt=\"\" title=\"\"><\/a>\n\t\t\t<\/div><\/figure><figure class='gallery-item'>\n\t\t\t<div class='gallery-icon portrait'>\n\t\t\t\t<a href='https:\/\/ospitalarioakfundazioaeuskadi.org\/es\/la-visita-de-los-reyes-pone-el-broche-final-a-las-celebraciones-navidenas-en-txurdinagabarri\/20250105-residencia-txurdinagabarri-reyes-7\/'><img loading=\"lazy\" decoding=\"async\" width=\"200\" height=\"200\" src=\"https:\/\/ospitalarioakfundazioaeuskadi.org\/wp-content\/uploads\/2025\/01\/20250105-residencia-txurdinagabarri-reyes-7-200x200.jpg\" class=\"attachment-thumbnail size-thumbnail\" alt=\"\" title=\"\"><\/a>\n\t\t\t<\/div><\/figure><figure class='gallery-item'>\n\t\t\t<div class='gallery-icon portrait'>\n\t\t\t\t<a href='https:\/\/ospitalarioakfundazioaeuskadi.org\/es\/la-visita-de-los-reyes-pone-el-broche-final-a-las-celebraciones-navidenas-en-txurdinagabarri\/20250105-residencia-txurdinagabarri-reyes-8\/'><img loading=\"lazy\" decoding=\"async\" width=\"200\" height=\"200\" src=\"https:\/\/ospitalarioakfundazioaeuskadi.org\/wp-content\/uploads\/2025\/01\/20250105-residencia-txurdinagabarri-reyes-8-200x200.jpg\" class=\"attachment-thumbnail size-thumbnail\" alt=\"\" title=\"\"><\/a>\n\t\t\t<\/div><\/figure><figure class='gallery-item'>\n\t\t\t<div class='gallery-icon portrait'>\n\t\t\t\t<a href='https:\/\/ospitalarioakfundazioaeuskadi.org\/es\/la-visita-de-los-reyes-pone-el-broche-final-a-las-celebraciones-navidenas-en-txurdinagabarri\/20250105-residencia-txurdinagabarri-reyes-9\/'><img loading=\"lazy\" decoding=\"async\" width=\"200\" height=\"200\" src=\"https:\/\/ospitalarioakfundazioaeuskadi.org\/wp-content\/uploads\/2025\/01\/20250105-residencia-txurdinagabarri-reyes-9-200x200.jpg\" class=\"attachment-thumbnail size-thumbnail\" alt=\"\" title=\"\"><\/a>\n\t\t\t<\/div><\/figure><figure class='gallery-item'>\n\t\t\t<div class='gallery-icon portrait'>\n\t\t\t\t<a href='https:\/\/ospitalarioakfundazioaeuskadi.org\/es\/la-visita-de-los-reyes-pone-el-broche-final-a-las-celebraciones-navidenas-en-txurdinagabarri\/20250105-residencia-txurdinagabarri-reyes-10\/'><img loading=\"lazy\" decoding=\"async\" width=\"200\" height=\"200\" src=\"https:\/\/ospitalarioakfundazioaeuskadi.org\/wp-content\/uploads\/2025\/01\/20250105-residencia-txurdinagabarri-reyes-10-200x200.jpg\" class=\"attachment-thumbnail size-thumbnail\" alt=\"\" title=\"\"><\/a>\n\t\t\t<\/div><\/figure><figure class='gallery-item'>\n\t\t\t<div class='gallery-icon portrait'>\n\t\t\t\t<a href='https:\/\/ospitalarioakfundazioaeuskadi.org\/es\/la-visita-de-los-reyes-pone-el-broche-final-a-las-celebraciones-navidenas-en-txurdinagabarri\/20250105-residencia-txurdinagabarri-reyes-11\/'><img loading=\"lazy\" decoding=\"async\" width=\"200\" height=\"200\" src=\"https:\/\/ospitalarioakfundazioaeuskadi.org\/wp-content\/uploads\/2025\/01\/20250105-residencia-txurdinagabarri-reyes-11-200x200.jpg\" class=\"attachment-thumbnail size-thumbnail\" alt=\"\" title=\"\"><\/a>\n\t\t\t<\/div><\/figure><figure class='gallery-item'>\n\t\t\t<div class='gallery-icon portrait'>\n\t\t\t\t<a href='https:\/\/ospitalarioakfundazioaeuskadi.org\/es\/la-visita-de-los-reyes-pone-el-broche-final-a-las-celebraciones-navidenas-en-txurdinagabarri\/20250105-residencia-txurdinagabarri-reyes-12\/'><img loading=\"lazy\" decoding=\"async\" width=\"200\" height=\"200\" src=\"https:\/\/ospitalarioakfundazioaeuskadi.org\/wp-content\/uploads\/2025\/01\/20250105-residencia-txurdinagabarri-reyes-12-200x200.jpg\" class=\"attachment-thumbnail size-thumbnail\" alt=\"\" title=\"\"><\/a>\n\t\t\t<\/div><\/figure><figure class='gallery-item'>\n\t\t\t<div class='gallery-icon portrait'>\n\t\t\t\t<a href='https:\/\/ospitalarioakfundazioaeuskadi.org\/es\/la-visita-de-los-reyes-pone-el-broche-final-a-las-celebraciones-navidenas-en-txurdinagabarri\/20250105-residencia-txurdinagabarri-reyes-13\/'><img loading=\"lazy\" decoding=\"async\" width=\"200\" height=\"200\" src=\"https:\/\/ospitalarioakfundazioaeuskadi.org\/wp-content\/uploads\/2025\/01\/20250105-residencia-txurdinagabarri-reyes-13-200x200.jpg\" class=\"attachment-thumbnail size-thumbnail\" alt=\"\" title=\"\"><\/a>\n\t\t\t<\/div><\/figure><figure class='gallery-item'>\n\t\t\t<div class='gallery-icon portrait'>\n\t\t\t\t<a href='https:\/\/ospitalarioakfundazioaeuskadi.org\/es\/la-visita-de-los-reyes-pone-el-broche-final-a-las-celebraciones-navidenas-en-txurdinagabarri\/20250105-residencia-txurdinagabarri-reyes-14\/'><img loading=\"lazy\" decoding=\"async\" width=\"200\" height=\"200\" src=\"https:\/\/ospitalarioakfundazioaeuskadi.org\/wp-content\/uploads\/2025\/01\/20250105-residencia-txurdinagabarri-reyes-14-200x200.jpg\" class=\"attachment-thumbnail size-thumbnail\" alt=\"\" title=\"\"><\/a>\n\t\t\t<\/div><\/figure><figure class='gallery-item'>\n\t\t\t<div class='gallery-icon portrait'>\n\t\t\t\t<a href='https:\/\/ospitalarioakfundazioaeuskadi.org\/es\/la-visita-de-los-reyes-pone-el-broche-final-a-las-celebraciones-navidenas-en-txurdinagabarri\/20250105-residencia-txurdinagabarri-reyes-15\/'><img loading=\"lazy\" decoding=\"async\" width=\"200\" height=\"200\" src=\"https:\/\/ospitalarioakfundazioaeuskadi.org\/wp-content\/uploads\/2025\/01\/20250105-residencia-txurdinagabarri-reyes-15-200x200.jpg\" class=\"attachment-thumbnail size-thumbnail\" alt=\"\" title=\"\"><\/a>\n\t\t\t<\/div><\/figure><figure class='gallery-item'>\n\t\t\t<div class='gallery-icon portrait'>\n\t\t\t\t<a href='https:\/\/ospitalarioakfundazioaeuskadi.org\/es\/la-visita-de-los-reyes-pone-el-broche-final-a-las-celebraciones-navidenas-en-txurdinagabarri\/20250105-residencia-txurdinagabarri-reyes-16\/'><img loading=\"lazy\" decoding=\"async\" width=\"200\" height=\"200\" src=\"https:\/\/ospitalarioakfundazioaeuskadi.org\/wp-content\/uploads\/2025\/01\/20250105-residencia-txurdinagabarri-reyes-16-200x200.jpg\" class=\"attachment-thumbnail size-thumbnail\" alt=\"\" title=\"\"><\/a>\n\t\t\t<\/div><\/figure><figure class='gallery-item'>\n\t\t\t<div class='gallery-icon portrait'>\n\t\t\t\t<a href='https:\/\/ospitalarioakfundazioaeuskadi.org\/es\/la-visita-de-los-reyes-pone-el-broche-final-a-las-celebraciones-navidenas-en-txurdinagabarri\/20250105-residencia-txurdinagabarri-reyes-18\/'><img loading=\"lazy\" decoding=\"async\" width=\"200\" height=\"200\" src=\"https:\/\/ospitalarioakfundazioaeuskadi.org\/wp-content\/uploads\/2025\/01\/20250105-residencia-txurdinagabarri-reyes-18-200x200.jpg\" class=\"attachment-thumbnail size-thumbnail\" alt=\"\" title=\"\"><\/a>\n\t\t\t<\/div><\/figure><figure class='gallery-item'>\n\t\t\t<div class='gallery-icon portrait'>\n\t\t\t\t<a href='https:\/\/ospitalarioakfundazioaeuskadi.org\/es\/la-visita-de-los-reyes-pone-el-broche-final-a-las-celebraciones-navidenas-en-txurdinagabarri\/20250105-residencia-txurdinagabarri-reyes-19\/'><img loading=\"lazy\" decoding=\"async\" width=\"200\" height=\"200\" src=\"https:\/\/ospitalarioakfundazioaeuskadi.org\/wp-content\/uploads\/2025\/01\/20250105-residencia-txurdinagabarri-reyes-19-200x200.jpg\" class=\"attachment-thumbnail size-thumbnail\" alt=\"\" title=\"\"><\/a>\n\t\t\t<\/div><\/figure><figure class='gallery-item'>\n\t\t\t<div class='gallery-icon portrait'>\n\t\t\t\t<a href='https:\/\/ospitalarioakfundazioaeuskadi.org\/es\/la-visita-de-los-reyes-pone-el-broche-final-a-las-celebraciones-navidenas-en-txurdinagabarri\/20250105-residencia-txurdinagabarri-reyes-20\/'><img loading=\"lazy\" decoding=\"async\" width=\"200\" height=\"200\" src=\"https:\/\/ospitalarioakfundazioaeuskadi.org\/wp-content\/uploads\/2025\/01\/20250105-residencia-txurdinagabarri-reyes-20-200x200.jpg\" class=\"attachment-thumbnail size-thumbnail\" alt=\"\" title=\"\"><\/a>\n\t\t\t<\/div><\/figure><figure class='gallery-item'>\n\t\t\t<div class='gallery-icon portrait'>\n\t\t\t\t<a href='https:\/\/ospitalarioakfundazioaeuskadi.org\/es\/la-visita-de-los-reyes-pone-el-broche-final-a-las-celebraciones-navidenas-en-txurdinagabarri\/20250105-residencia-txurdinagabarri-reyes-21\/'><img loading=\"lazy\" decoding=\"async\" width=\"200\" height=\"200\" src=\"https:\/\/ospitalarioakfundazioaeuskadi.org\/wp-content\/uploads\/2025\/01\/20250105-residencia-txurdinagabarri-reyes-21-200x200.jpg\" class=\"attachment-thumbnail size-thumbnail\" alt=\"\" title=\"\"><\/a>\n\t\t\t<\/div><\/figure><figure class='gallery-item'>\n\t\t\t<div class='gallery-icon portrait'>\n\t\t\t\t<a href='https:\/\/ospitalarioakfundazioaeuskadi.org\/es\/la-visita-de-los-reyes-pone-el-broche-final-a-las-celebraciones-navidenas-en-txurdinagabarri\/20250105-residencia-txurdinagabarri-reyes-22\/'><img loading=\"lazy\" decoding=\"async\" width=\"200\" height=\"200\" src=\"https:\/\/ospitalarioakfundazioaeuskadi.org\/wp-content\/uploads\/2025\/01\/20250105-residencia-txurdinagabarri-reyes-22-200x200.jpg\" class=\"attachment-thumbnail size-thumbnail\" alt=\"\" title=\"\"><\/a>\n\t\t\t<\/div><\/figure><figure class='gallery-item'>\n\t\t\t<div class='gallery-icon portrait'>\n\t\t\t\t<a href='https:\/\/ospitalarioakfundazioaeuskadi.org\/es\/la-visita-de-los-reyes-pone-el-broche-final-a-las-celebraciones-navidenas-en-txurdinagabarri\/20250105-residencia-txurdinagabarri-reyes-23\/'><img loading=\"lazy\" decoding=\"async\" width=\"200\" height=\"200\" src=\"https:\/\/ospitalarioakfundazioaeuskadi.org\/wp-content\/uploads\/2025\/01\/20250105-residencia-txurdinagabarri-reyes-23-200x200.jpg\" class=\"attachment-thumbnail size-thumbnail\" alt=\"\" title=\"\"><\/a>\n\t\t\t<\/div><\/figure><figure class='gallery-item'>\n\t\t\t<div class='gallery-icon portrait'>\n\t\t\t\t<a href='https:\/\/ospitalarioakfundazioaeuskadi.org\/es\/la-visita-de-los-reyes-pone-el-broche-final-a-las-celebraciones-navidenas-en-txurdinagabarri\/20250105-residencia-txurdinagabarri-reyes-24\/'><img loading=\"lazy\" decoding=\"async\" width=\"200\" height=\"200\" src=\"https:\/\/ospitalarioakfundazioaeuskadi.org\/wp-content\/uploads\/2025\/01\/20250105-residencia-txurdinagabarri-reyes-24-200x200.jpg\" class=\"attachment-thumbnail size-thumbnail\" alt=\"\" title=\"\"><\/a>\n\t\t\t<\/div><\/figure><figure class='gallery-item'>\n\t\t\t<div class='gallery-icon portrait'>\n\t\t\t\t<a href='https:\/\/ospitalarioakfundazioaeuskadi.org\/es\/la-visita-de-los-reyes-pone-el-broche-final-a-las-celebraciones-navidenas-en-txurdinagabarri\/20250105-residencia-txurdinagabarri-reyes-25\/'><img loading=\"lazy\" decoding=\"async\" width=\"200\" height=\"200\" src=\"https:\/\/ospitalarioakfundazioaeuskadi.org\/wp-content\/uploads\/2025\/01\/20250105-residencia-txurdinagabarri-reyes-25-200x200.jpg\" class=\"attachment-thumbnail size-thumbnail\" alt=\"\" title=\"\"><\/a>\n\t\t\t<\/div><\/figure><figure class='gallery-item'>\n\t\t\t<div class='gallery-icon portrait'>\n\t\t\t\t<a href='https:\/\/ospitalarioakfundazioaeuskadi.org\/es\/la-visita-de-los-reyes-pone-el-broche-final-a-las-celebraciones-navidenas-en-txurdinagabarri\/20250105-residencia-txurdinagabarri-reyes-26\/'><img loading=\"lazy\" decoding=\"async\" width=\"200\" height=\"200\" src=\"https:\/\/ospitalarioakfundazioaeuskadi.org\/wp-content\/uploads\/2025\/01\/20250105-residencia-txurdinagabarri-reyes-26-200x200.jpg\" class=\"attachment-thumbnail size-thumbnail\" alt=\"\" title=\"\"><\/a>\n\t\t\t<\/div><\/figure><figure class='gallery-item'>\n\t\t\t<div class='gallery-icon portrait'>\n\t\t\t\t<a href='https:\/\/ospitalarioakfundazioaeuskadi.org\/es\/la-visita-de-los-reyes-pone-el-broche-final-a-las-celebraciones-navidenas-en-txurdinagabarri\/20250105-residencia-txurdinagabarri-reyes-27\/'><img loading=\"lazy\" decoding=\"async\" width=\"200\" height=\"200\" src=\"https:\/\/ospitalarioakfundazioaeuskadi.org\/wp-content\/uploads\/2025\/01\/20250105-residencia-txurdinagabarri-reyes-27-200x200.jpg\" class=\"attachment-thumbnail size-thumbnail\" alt=\"\" title=\"\"><\/a>\n\t\t\t<\/div><\/figure><figure class='gallery-item'>\n\t\t\t<div class='gallery-icon portrait'>\n\t\t\t\t<a href='https:\/\/ospitalarioakfundazioaeuskadi.org\/es\/la-visita-de-los-reyes-pone-el-broche-final-a-las-celebraciones-navidenas-en-txurdinagabarri\/20250105-residencia-txurdinagabarri-reyes-28\/'><img loading=\"lazy\" decoding=\"async\" width=\"200\" height=\"200\" src=\"https:\/\/ospitalarioakfundazioaeuskadi.org\/wp-content\/uploads\/2025\/01\/20250105-residencia-txurdinagabarri-reyes-28-200x200.jpg\" class=\"attachment-thumbnail size-thumbnail\" alt=\"\" title=\"\"><\/a>\n\t\t\t<\/div><\/figure><figure class='gallery-item'>\n\t\t\t<div class='gallery-icon portrait'>\n\t\t\t\t<a href='https:\/\/ospitalarioakfundazioaeuskadi.org\/es\/la-visita-de-los-reyes-pone-el-broche-final-a-las-celebraciones-navidenas-en-txurdinagabarri\/20250105-residencia-txurdinagabarri-reyes-29\/'><img loading=\"lazy\" decoding=\"async\" width=\"200\" height=\"200\" src=\"https:\/\/ospitalarioakfundazioaeuskadi.org\/wp-content\/uploads\/2025\/01\/20250105-residencia-txurdinagabarri-reyes-29-200x200.jpg\" class=\"attachment-thumbnail size-thumbnail\" alt=\"\" title=\"\"><\/a>\n\t\t\t<\/div><\/figure><figure class='gallery-item'>\n\t\t\t<div class='gallery-icon portrait'>\n\t\t\t\t<a href='https:\/\/ospitalarioakfundazioaeuskadi.org\/es\/la-visita-de-los-reyes-pone-el-broche-final-a-las-celebraciones-navidenas-en-txurdinagabarri\/20250105-residencia-txurdinagabarri-reyes-30\/'><img loading=\"lazy\" decoding=\"async\" width=\"200\" height=\"200\" src=\"https:\/\/ospitalarioakfundazioaeuskadi.org\/wp-content\/uploads\/2025\/01\/20250105-residencia-txurdinagabarri-reyes-30-200x200.jpg\" class=\"attachment-thumbnail size-thumbnail\" alt=\"\" title=\"\"><\/a>\n\t\t\t<\/div><\/figure><figure class='gallery-item'>\n\t\t\t<div class='gallery-icon portrait'>\n\t\t\t\t<a href='https:\/\/ospitalarioakfundazioaeuskadi.org\/es\/la-visita-de-los-reyes-pone-el-broche-final-a-las-celebraciones-navidenas-en-txurdinagabarri\/20250105-residencia-txurdinagabarri-reyes-31\/'><img loading=\"lazy\" decoding=\"async\" width=\"200\" height=\"200\" src=\"https:\/\/ospitalarioakfundazioaeuskadi.org\/wp-content\/uploads\/2025\/01\/20250105-residencia-txurdinagabarri-reyes-31-200x200.jpg\" class=\"attachment-thumbnail size-thumbnail\" alt=\"\" title=\"\"><\/a>\n\t\t\t<\/div><\/figure><figure class='gallery-item'>\n\t\t\t<div class='gallery-icon portrait'>\n\t\t\t\t<a href='https:\/\/ospitalarioakfundazioaeuskadi.org\/es\/la-visita-de-los-reyes-pone-el-broche-final-a-las-celebraciones-navidenas-en-txurdinagabarri\/20250105-residencia-txurdinagabarri-reyes-32\/'><img loading=\"lazy\" decoding=\"async\" width=\"200\" height=\"200\" src=\"https:\/\/ospitalarioakfundazioaeuskadi.org\/wp-content\/uploads\/2025\/01\/20250105-residencia-txurdinagabarri-reyes-32-200x200.jpg\" class=\"attachment-thumbnail size-thumbnail\" alt=\"\" title=\"\"><\/a>\n\t\t\t<\/div><\/figure><figure class='gallery-item'>\n\t\t\t<div class='gallery-icon portrait'>\n\t\t\t\t<a href='https:\/\/ospitalarioakfundazioaeuskadi.org\/es\/la-visita-de-los-reyes-pone-el-broche-final-a-las-celebraciones-navidenas-en-txurdinagabarri\/20250105-residencia-txurdinagabarri-reyes-33\/'><img loading=\"lazy\" decoding=\"async\" width=\"200\" height=\"200\" src=\"https:\/\/ospitalarioakfundazioaeuskadi.org\/wp-content\/uploads\/2025\/01\/20250105-residencia-txurdinagabarri-reyes-33-200x200.jpg\" class=\"attachment-thumbnail size-thumbnail\" alt=\"\" title=\"\"><\/a>\n\t\t\t<\/div><\/figure><figure class='gallery-item'>\n\t\t\t<div class='gallery-icon portrait'>\n\t\t\t\t<a href='https:\/\/ospitalarioakfundazioaeuskadi.org\/es\/la-visita-de-los-reyes-pone-el-broche-final-a-las-celebraciones-navidenas-en-txurdinagabarri\/20250105-residencia-txurdinagabarri-reyes-34\/'><img loading=\"lazy\" decoding=\"async\" width=\"200\" height=\"200\" src=\"https:\/\/ospitalarioakfundazioaeuskadi.org\/wp-content\/uploads\/2025\/01\/20250105-residencia-txurdinagabarri-reyes-34-200x200.jpg\" class=\"attachment-thumbnail size-thumbnail\" alt=\"\" title=\"\"><\/a>\n\t\t\t<\/div><\/figure><figure class='gallery-item'>\n\t\t\t<div class='gallery-icon portrait'>\n\t\t\t\t<a href='https:\/\/ospitalarioakfundazioaeuskadi.org\/es\/la-visita-de-los-reyes-pone-el-broche-final-a-las-celebraciones-navidenas-en-txurdinagabarri\/20250105-residencia-txurdinagabarri-reyes-35\/'><img loading=\"lazy\" decoding=\"async\" width=\"200\" height=\"200\" src=\"https:\/\/ospitalarioakfundazioaeuskadi.org\/wp-content\/uploads\/2025\/01\/20250105-residencia-txurdinagabarri-reyes-35-200x200.jpg\" class=\"attachment-thumbnail size-thumbnail\" alt=\"\" title=\"\"><\/a>\n\t\t\t<\/div><\/figure><figure class='gallery-item'>\n\t\t\t<div class='gallery-icon portrait'>\n\t\t\t\t<a href='https:\/\/ospitalarioakfundazioaeuskadi.org\/es\/la-visita-de-los-reyes-pone-el-broche-final-a-las-celebraciones-navidenas-en-txurdinagabarri\/20250105-residencia-txurdinagabarri-reyes-36\/'><img loading=\"lazy\" decoding=\"async\" width=\"200\" height=\"200\" src=\"https:\/\/ospitalarioakfundazioaeuskadi.org\/wp-content\/uploads\/2025\/01\/20250105-residencia-txurdinagabarri-reyes-36-200x200.jpg\" class=\"attachment-thumbnail size-thumbnail\" alt=\"\" title=\"\"><\/a>\n\t\t\t<\/div><\/figure><figure class='gallery-item'>\n\t\t\t<div class='gallery-icon portrait'>\n\t\t\t\t<a href='https:\/\/ospitalarioakfundazioaeuskadi.org\/es\/la-visita-de-los-reyes-pone-el-broche-final-a-las-celebraciones-navidenas-en-txurdinagabarri\/20250105-residencia-txurdinagabarri-reyes-37\/'><img loading=\"lazy\" decoding=\"async\" width=\"200\" height=\"200\" src=\"https:\/\/ospitalarioakfundazioaeuskadi.org\/wp-content\/uploads\/2025\/01\/20250105-residencia-txurdinagabarri-reyes-37-200x200.jpg\" class=\"attachment-thumbnail size-thumbnail\" alt=\"\" title=\"\"><\/a>\n\t\t\t<\/div><\/figure><figure class='gallery-item'>\n\t\t\t<div class='gallery-icon portrait'>\n\t\t\t\t<a href='https:\/\/ospitalarioakfundazioaeuskadi.org\/es\/la-visita-de-los-reyes-pone-el-broche-final-a-las-celebraciones-navidenas-en-txurdinagabarri\/20250105-residencia-txurdinagabarri-reyes-38\/'><img loading=\"lazy\" decoding=\"async\" width=\"200\" height=\"200\" src=\"https:\/\/ospitalarioakfundazioaeuskadi.org\/wp-content\/uploads\/2025\/01\/20250105-residencia-txurdinagabarri-reyes-38-200x200.jpg\" class=\"attachment-thumbnail size-thumbnail\" alt=\"\" title=\"\"><\/a>\n\t\t\t<\/div><\/figure><figure class='gallery-item'>\n\t\t\t<div class='gallery-icon portrait'>\n\t\t\t\t<a href='https:\/\/ospitalarioakfundazioaeuskadi.org\/es\/la-visita-de-los-reyes-pone-el-broche-final-a-las-celebraciones-navidenas-en-txurdinagabarri\/20250105-residencia-txurdinagabarri-reyes-39\/'><img loading=\"lazy\" decoding=\"async\" width=\"200\" height=\"200\" src=\"https:\/\/ospitalarioakfundazioaeuskadi.org\/wp-content\/uploads\/2025\/01\/20250105-residencia-txurdinagabarri-reyes-39-200x200.jpg\" class=\"attachment-thumbnail size-thumbnail\" alt=\"\" title=\"\"><\/a>\n\t\t\t<\/div><\/figure><figure class='gallery-item'>\n\t\t\t<div class='gallery-icon portrait'>\n\t\t\t\t<a href='https:\/\/ospitalarioakfundazioaeuskadi.org\/es\/la-visita-de-los-reyes-pone-el-broche-final-a-las-celebraciones-navidenas-en-txurdinagabarri\/20250105-residencia-txurdinagabarri-reyes-40\/'><img loading=\"lazy\" decoding=\"async\" width=\"200\" height=\"200\" src=\"https:\/\/ospitalarioakfundazioaeuskadi.org\/wp-content\/uploads\/2025\/01\/20250105-residencia-txurdinagabarri-reyes-40-200x200.jpg\" class=\"attachment-thumbnail size-thumbnail\" alt=\"\" title=\"\"><\/a>\n\t\t\t<\/div><\/figure><figure class='gallery-item'>\n\t\t\t<div class='gallery-icon portrait'>\n\t\t\t\t<a href='https:\/\/ospitalarioakfundazioaeuskadi.org\/es\/la-visita-de-los-reyes-pone-el-broche-final-a-las-celebraciones-navidenas-en-txurdinagabarri\/20250105-residencia-txurdinagabarri-reyes-41\/'><img loading=\"lazy\" decoding=\"async\" width=\"200\" height=\"200\" src=\"https:\/\/ospitalarioakfundazioaeuskadi.org\/wp-content\/uploads\/2025\/01\/20250105-residencia-txurdinagabarri-reyes-41-200x200.jpg\" class=\"attachment-thumbnail size-thumbnail\" alt=\"\" title=\"\"><\/a>\n\t\t\t<\/div><\/figure><figure class='gallery-item'>\n\t\t\t<div class='gallery-icon portrait'>\n\t\t\t\t<a href='https:\/\/ospitalarioakfundazioaeuskadi.org\/es\/la-visita-de-los-reyes-pone-el-broche-final-a-las-celebraciones-navidenas-en-txurdinagabarri\/20250105-residencia-txurdinagabarri-reyes-42\/'><img loading=\"lazy\" decoding=\"async\" width=\"200\" height=\"200\" src=\"https:\/\/ospitalarioakfundazioaeuskadi.org\/wp-content\/uploads\/2025\/01\/20250105-residencia-txurdinagabarri-reyes-42-200x200.jpg\" class=\"attachment-thumbnail size-thumbnail\" alt=\"\" title=\"\"><\/a>\n\t\t\t<\/div><\/figure><figure class='gallery-item'>\n\t\t\t<div class='gallery-icon portrait'>\n\t\t\t\t<a href='https:\/\/ospitalarioakfundazioaeuskadi.org\/es\/la-visita-de-los-reyes-pone-el-broche-final-a-las-celebraciones-navidenas-en-txurdinagabarri\/20250105-residencia-txurdinagabarri-reyes-43\/'><img loading=\"lazy\" decoding=\"async\" width=\"200\" height=\"200\" src=\"https:\/\/ospitalarioakfundazioaeuskadi.org\/wp-content\/uploads\/2025\/01\/20250105-residencia-txurdinagabarri-reyes-43-200x200.jpg\" class=\"attachment-thumbnail size-thumbnail\" alt=\"\" title=\"\"><\/a>\n\t\t\t<\/div><\/figure><figure class='gallery-item'>\n\t\t\t<div class='gallery-icon portrait'>\n\t\t\t\t<a href='https:\/\/ospitalarioakfundazioaeuskadi.org\/es\/la-visita-de-los-reyes-pone-el-broche-final-a-las-celebraciones-navidenas-en-txurdinagabarri\/20250105-residencia-txurdinagabarri-reyes-44\/'><img loading=\"lazy\" decoding=\"async\" width=\"200\" height=\"200\" src=\"https:\/\/ospitalarioakfundazioaeuskadi.org\/wp-content\/uploads\/2025\/01\/20250105-residencia-txurdinagabarri-reyes-44-200x200.jpg\" class=\"attachment-thumbnail size-thumbnail\" alt=\"\" title=\"\"><\/a>\n\t\t\t<\/div><\/figure><figure class='gallery-item'>\n\t\t\t<div class='gallery-icon portrait'>\n\t\t\t\t<a href='https:\/\/ospitalarioakfundazioaeuskadi.org\/es\/la-visita-de-los-reyes-pone-el-broche-final-a-las-celebraciones-navidenas-en-txurdinagabarri\/20250105-residencia-txurdinagabarri-reyes-45\/'><img loading=\"lazy\" decoding=\"async\" width=\"200\" height=\"200\" src=\"https:\/\/ospitalarioakfundazioaeuskadi.org\/wp-content\/uploads\/2025\/01\/20250105-residencia-txurdinagabarri-reyes-45-200x200.jpg\" class=\"attachment-thumbnail size-thumbnail\" alt=\"\" title=\"\"><\/a>\n\t\t\t<\/div><\/figure><figure class='gallery-item'>\n\t\t\t<div class='gallery-icon portrait'>\n\t\t\t\t<a href='https:\/\/ospitalarioakfundazioaeuskadi.org\/es\/la-visita-de-los-reyes-pone-el-broche-final-a-las-celebraciones-navidenas-en-txurdinagabarri\/20250105-residencia-txurdinagabarri-reyes-46\/'><img loading=\"lazy\" decoding=\"async\" width=\"200\" height=\"200\" src=\"https:\/\/ospitalarioakfundazioaeuskadi.org\/wp-content\/uploads\/2025\/01\/20250105-residencia-txurdinagabarri-reyes-46-200x200.jpg\" class=\"attachment-thumbnail size-thumbnail\" alt=\"\" title=\"\"><\/a>\n\t\t\t<\/div><\/figure><figure class='gallery-item'>\n\t\t\t<div class='gallery-icon portrait'>\n\t\t\t\t<a href='https:\/\/ospitalarioakfundazioaeuskadi.org\/es\/la-visita-de-los-reyes-pone-el-broche-final-a-las-celebraciones-navidenas-en-txurdinagabarri\/20250105-residencia-txurdinagabarri-reyes-47\/'><img loading=\"lazy\" decoding=\"async\" width=\"200\" height=\"200\" src=\"https:\/\/ospitalarioakfundazioaeuskadi.org\/wp-content\/uploads\/2025\/01\/20250105-residencia-txurdinagabarri-reyes-47-200x200.jpg\" class=\"attachment-thumbnail size-thumbnail\" alt=\"\" title=\"\"><\/a>\n\t\t\t<\/div><\/figure><figure class='gallery-item'>\n\t\t\t<div class='gallery-icon portrait'>\n\t\t\t\t<a href='https:\/\/ospitalarioakfundazioaeuskadi.org\/es\/la-visita-de-los-reyes-pone-el-broche-final-a-las-celebraciones-navidenas-en-txurdinagabarri\/20250105-residencia-txurdinagabarri-reyes-48\/'><img loading=\"lazy\" decoding=\"async\" width=\"200\" height=\"200\" src=\"https:\/\/ospitalarioakfundazioaeuskadi.org\/wp-content\/uploads\/2025\/01\/20250105-residencia-txurdinagabarri-reyes-48-200x200.jpg\" class=\"attachment-thumbnail size-thumbnail\" alt=\"\" title=\"\"><\/a>\n\t\t\t<\/div><\/figure><figure class='gallery-item'>\n\t\t\t<div class='gallery-icon portrait'>\n\t\t\t\t<a href='https:\/\/ospitalarioakfundazioaeuskadi.org\/es\/la-visita-de-los-reyes-pone-el-broche-final-a-las-celebraciones-navidenas-en-txurdinagabarri\/20250105-residencia-txurdinagabarri-reyes-49\/'><img loading=\"lazy\" decoding=\"async\" width=\"200\" height=\"200\" src=\"https:\/\/ospitalarioakfundazioaeuskadi.org\/wp-content\/uploads\/2025\/01\/20250105-residencia-txurdinagabarri-reyes-49-200x200.jpg\" class=\"attachment-thumbnail size-thumbnail\" alt=\"\" title=\"\"><\/a>\n\t\t\t<\/div><\/figure>\n\t\t<\/div>\n\n","protected":false},"excerpt":{"rendered":"<div class=\"entry-summary\">\nEl pasado viernes 3 de enero, la Residencia Txurdinagabarri de Bilbao vivi\u00f3 una ma\u00f1ana llena de magia e ilusi\u00f3n con la esperada visita de los Reyes Magos y sus pajes. Durante su recorrido, Melchor, Gaspar y Baltasar visitaron planta por&hellip;\n<\/div>\n<div class=\"link-more\"><a href=\"https:\/\/ospitalarioakfundazioaeuskadi.org\/es\/la-visita-de-los-reyes-pone-el-broche-final-a-las-celebraciones-navidenas-en-txurdinagabarri\/\" class=\"more-link\">Seguir leyendo<span class=\"screen-reader-text\"> &ldquo;La visita de los Reyes pone el broche final a las celebraciones navide\u00f1as en Txurdinagabarri&rdquo;<\/span>&hellip;<\/a><\/div>\n","protected":false},"author":1,"featured_media":71196,"comment_status":"closed","ping_status":"closed","sticky":false,"template":"","format":"standard","meta":{"footnotes":""},"categories":[646,656,648],"tags":[],"linea-asistencial":[980],"class_list":["post-70961","post","type-post","status-publish","format-standard","has-post-thumbnail","hentry","category-aita-menni","category-bilbao-centro-de-dia-de-personas-mayores-txurdinagabarri-bilbao","category-residencia-txurdinagabarri-bilbao","linea-asistencial-4-persona-mayor","entry"],"_links":{"self":[{"href":"https:\/\/ospitalarioakfundazioaeuskadi.org\/es\/wp-json\/wp\/v2\/posts\/70961","targetHints":{"allow":["GET"]}}],"collection":[{"href":"https:\/\/ospitalarioakfundazioaeuskadi.org\/es\/wp-json\/wp\/v2\/posts"}],"about":[{"href":"https:\/\/ospitalarioakfundazioaeuskadi.org\/es\/wp-json\/wp\/v2\/types\/post"}],"author":[{"embeddable":true,"href":"https:\/\/ospitalarioakfundazioaeuskadi.org\/es\/wp-json\/wp\/v2\/users\/1"}],"replies":[{"embeddable":true,"href":"https:\/\/ospitalarioakfundazioaeuskadi.org\/es\/wp-json\/wp\/v2\/comments?post=70961"}],"version-history":[{"count":2,"href":"https:\/\/ospitalarioakfundazioaeuskadi.org\/es\/wp-json\/wp\/v2\/posts\/70961\/revisions"}],"predecessor-version":[{"id":71266,"href":"https:\/\/ospitalarioakfundazioaeuskadi.org\/es\/wp-json\/wp\/v2\/posts\/70961\/revisions\/71266"}],"wp:featuredmedia":[{"embeddable":true,"href":"https:\/\/ospitalarioakfundazioaeuskadi.org\/es\/wp-json\/wp\/v2\/media\/71196"}],"wp:attachment":[{"href":"https:\/\/ospitalarioakfundazioaeuskadi.org\/es\/wp-json\/wp\/v2\/media?parent=70961"}],"wp:term":[{"taxonomy":"category","embeddable":true,"href":"https:\/\/ospitalarioakfundazioaeuskadi.org\/es\/wp-json\/wp\/v2\/categories?post=70961"},{"taxonomy":"post_tag","embeddable":true,"href":"https:\/\/ospitalarioakfundazioaeuskadi.org\/es\/wp-json\/wp\/v2\/tags?post=70961"},{"taxonomy":"linea-asistencial","embeddable":true,"href":"https:\/\/ospitalarioakfundazioaeuskadi.org\/es\/wp-json\/wp\/v2\/linea-asistencial?post=70961"}],"curies":[{"name":"wp","href":"https:\/\/api.w.org\/{rel}","templated":true}]}}