{"id":71339,"date":"2025-01-20T10:17:07","date_gmt":"2025-01-20T10:17:07","guid":{"rendered":"https:\/\/ospitalarioakfundazioaeuskadi.org\/?p=71339"},"modified":"2025-01-20T10:17:07","modified_gmt":"2025-01-20T10:17:07","slug":"nevers","status":"publish","type":"post","link":"https:\/\/ospitalarioakfundazioaeuskadi.org\/es\/nevers\/","title":{"rendered":"Ayudamos a estudiantes del colegio Nevers a conocer m\u00e1s sobre el franquismo y la transici\u00f3n"},"content":{"rendered":"<p>El pasado mi\u00e9rcoles 15, en la <a href=\"https:\/\/ospitalarioakfundazioaeuskadi.org\/es\/centro\/residencia-mayores-durango-barandiaran\/\">Residencia de mayores Barandiaran<\/a> de Durango tuvimos la visita de un grupo de estudiantes del colegio Nevers, que les llev\u00f3 a conocer m\u00e1s sobre la historia de Espa\u00f1a. En un encuentro con algunos veteranos que vivieron el franquismo y la transici\u00f3n a la democracia, el grupo tuvo la oportunidad de hacer preguntas y escuchar historias de primera mano.<\/p>\n<p>Llenos de curiosidad, preguntaron c\u00f3mo era la vida en aquellos tiempos dif\u00edciles. Los mayores compartieron sus experiencias e historias sobre la represi\u00f3n, la falta de libertades y c\u00f3mo poco a poco la gente empez\u00f3 a luchar por sus derechos.<\/p>\n<p>Las alumnas y alumnos mostraron mucho inter\u00e9s por lo que escucharon, y tambi\u00e9n manifestaron su sorpresa por las diferencias entre aquella \u00e9poca y la actual: \u00abNo sab\u00eda que hab\u00eda tantas cosas que no se pod\u00edan hacer\u00bb, dijo uno de ellos.<\/p>\n<p>Al final del d\u00eda, se fueron con una nueva perspectiva y muchas ganas de seguir aprendiendo sobre su pasado. \u00a1Una experiencia que seguro no olvidar\u00e1n!<\/p>\n<div id='gallery-1' class='gallery galleryid-71339 gallery-columns-4 gallery-size-thumbnail'><figure class='gallery-item'>\n\t\t\t<div class='gallery-icon landscape'>\n\t\t\t\t<a href='https:\/\/ospitalarioakfundazioaeuskadi.org\/wp-content\/uploads\/2025\/01\/20250115-residencia-barandiaran-nevers-1.jpg'><img loading=\"lazy\" decoding=\"async\" width=\"200\" height=\"200\" src=\"https:\/\/ospitalarioakfundazioaeuskadi.org\/wp-content\/uploads\/2025\/01\/20250115-residencia-barandiaran-nevers-1-200x200.jpg\" class=\"attachment-thumbnail size-thumbnail\" alt=\"\" title=\"\"><\/a>\n\t\t\t<\/div><\/figure><figure class='gallery-item'>\n\t\t\t<div class='gallery-icon landscape'>\n\t\t\t\t<a href='https:\/\/ospitalarioakfundazioaeuskadi.org\/wp-content\/uploads\/2025\/01\/20250115-residencia-barandiaran-nevers-2.jpg'><img loading=\"lazy\" decoding=\"async\" width=\"200\" height=\"200\" src=\"https:\/\/ospitalarioakfundazioaeuskadi.org\/wp-content\/uploads\/2025\/01\/20250115-residencia-barandiaran-nevers-2-200x200.jpg\" class=\"attachment-thumbnail size-thumbnail\" alt=\"\" title=\"\"><\/a>\n\t\t\t<\/div><\/figure><figure class='gallery-item'>\n\t\t\t<div class='gallery-icon portrait'>\n\t\t\t\t<a href='https:\/\/ospitalarioakfundazioaeuskadi.org\/wp-content\/uploads\/2025\/01\/20250115-residencia-barandiaran-nevers-3.jpg'><img loading=\"lazy\" decoding=\"async\" width=\"200\" height=\"200\" src=\"https:\/\/ospitalarioakfundazioaeuskadi.org\/wp-content\/uploads\/2025\/01\/20250115-residencia-barandiaran-nevers-3-200x200.jpg\" class=\"attachment-thumbnail size-thumbnail\" alt=\"\" title=\"\"><\/a>\n\t\t\t<\/div><\/figure><figure class='gallery-item'>\n\t\t\t<div class='gallery-icon portrait'>\n\t\t\t\t<a href='https:\/\/ospitalarioakfundazioaeuskadi.org\/wp-content\/uploads\/2025\/01\/20250115-residencia-barandiaran-nevers-4.jpg'><img loading=\"lazy\" decoding=\"async\" width=\"200\" height=\"200\" src=\"https:\/\/ospitalarioakfundazioaeuskadi.org\/wp-content\/uploads\/2025\/01\/20250115-residencia-barandiaran-nevers-4-200x200.jpg\" class=\"attachment-thumbnail size-thumbnail\" alt=\"Un alumno y una alumna, sentados junto a un hombre y una mujer mayores\" title=\"\"><\/a>\n\t\t\t<\/div><\/figure>\n\t\t<\/div>\n\n<p>&nbsp;<\/p>\n","protected":false},"excerpt":{"rendered":"<div class=\"entry-summary\">\nEl pasado mi\u00e9rcoles 15, en la Residencia de mayores Barandiaran de Durango tuvimos la visita de un grupo de estudiantes del colegio Nevers, que les llev\u00f3 a conocer m\u00e1s sobre la historia de Espa\u00f1a. En un encuentro con algunos veteranos&hellip;\n<\/div>\n<div class=\"link-more\"><a href=\"https:\/\/ospitalarioakfundazioaeuskadi.org\/es\/nevers\/\" class=\"more-link\">Seguir leyendo<span class=\"screen-reader-text\"> &ldquo;Ayudamos a estudiantes del colegio Nevers a conocer m\u00e1s sobre el franquismo y la transici\u00f3n&rdquo;<\/span>&hellip;<\/a><\/div>\n","protected":false},"author":1,"featured_media":71346,"comment_status":"closed","ping_status":"closed","sticky":false,"template":"","format":"standard","meta":{"footnotes":""},"categories":[646],"tags":[],"linea-asistencial":[980],"class_list":["post-71339","post","type-post","status-publish","format-standard","has-post-thumbnail","hentry","category-aita-menni","linea-asistencial-4-persona-mayor","entry"],"_links":{"self":[{"href":"https:\/\/ospitalarioakfundazioaeuskadi.org\/es\/wp-json\/wp\/v2\/posts\/71339","targetHints":{"allow":["GET"]}}],"collection":[{"href":"https:\/\/ospitalarioakfundazioaeuskadi.org\/es\/wp-json\/wp\/v2\/posts"}],"about":[{"href":"https:\/\/ospitalarioakfundazioaeuskadi.org\/es\/wp-json\/wp\/v2\/types\/post"}],"author":[{"embeddable":true,"href":"https:\/\/ospitalarioakfundazioaeuskadi.org\/es\/wp-json\/wp\/v2\/users\/1"}],"replies":[{"embeddable":true,"href":"https:\/\/ospitalarioakfundazioaeuskadi.org\/es\/wp-json\/wp\/v2\/comments?post=71339"}],"version-history":[{"count":3,"href":"https:\/\/ospitalarioakfundazioaeuskadi.org\/es\/wp-json\/wp\/v2\/posts\/71339\/revisions"}],"predecessor-version":[{"id":71370,"href":"https:\/\/ospitalarioakfundazioaeuskadi.org\/es\/wp-json\/wp\/v2\/posts\/71339\/revisions\/71370"}],"wp:featuredmedia":[{"embeddable":true,"href":"https:\/\/ospitalarioakfundazioaeuskadi.org\/es\/wp-json\/wp\/v2\/media\/71346"}],"wp:attachment":[{"href":"https:\/\/ospitalarioakfundazioaeuskadi.org\/es\/wp-json\/wp\/v2\/media?parent=71339"}],"wp:term":[{"taxonomy":"category","embeddable":true,"href":"https:\/\/ospitalarioakfundazioaeuskadi.org\/es\/wp-json\/wp\/v2\/categories?post=71339"},{"taxonomy":"post_tag","embeddable":true,"href":"https:\/\/ospitalarioakfundazioaeuskadi.org\/es\/wp-json\/wp\/v2\/tags?post=71339"},{"taxonomy":"linea-asistencial","embeddable":true,"href":"https:\/\/ospitalarioakfundazioaeuskadi.org\/es\/wp-json\/wp\/v2\/linea-asistencial?post=71339"}],"curies":[{"name":"wp","href":"https:\/\/api.w.org\/{rel}","templated":true}]}}