{"id":71372,"date":"2025-01-22T13:53:22","date_gmt":"2025-01-22T13:53:22","guid":{"rendered":"https:\/\/ospitalarioakfundazioaeuskadi.org\/?p=71372"},"modified":"2025-01-22T13:53:22","modified_gmt":"2025-01-22T13:53:22","slug":"francisco-del-olmo-nuevo-director-corporativo-asistencial-y-educativo-de-la-fundacion-hospitalarias","status":"publish","type":"post","link":"https:\/\/ospitalarioakfundazioaeuskadi.org\/es\/francisco-del-olmo-nuevo-director-corporativo-asistencial-y-educativo-de-la-fundacion-hospitalarias\/","title":{"rendered":"Francisco del Olmo, nuevo Director Corporativo Asistencial y Educativo de la Fundaci\u00f3n Hospitalarias"},"content":{"rendered":"<p>La\u00a0<a href=\"https:\/\/fundacionhospitalarias.org\/\" target=\"_blank\" rel=\"noopener nofollow\">Fundaci\u00f3n Hospitalarias<\/a>\u00a0ha nombrado recientemente a <strong>Francisco del Olmo<\/strong> Director Corporativo Asistencial y Educativo para impulsar el modelo asistencial y la integraci\u00f3n de los modelos social y sanitario en la atenci\u00f3n a la alta complejidad y a las nuevas necesidades de la sociedad.<\/p>\n<p>Francisco del Olmo es licenciado en Medicina y Cirug\u00eda General por la Universidad Complutense de Madrid, con especialidad en Psiquiatr\u00eda en el Hospital Cl\u00ednico Universitario de San Carlos, Madrid. Comenz\u00f3 su carrera profesional en Hermanas Hospitalarias como Director M\u00e9dico del centro de Elizondo, Navarra. Posteriormente, ocup\u00f3 la misma posici\u00f3n en el centro de Ciempozuelos y en la Cl\u00ednica San Miguel, actual Fundaci\u00f3n Hospitalarias Arturo Soria. Desde 2017, compagin\u00f3 la direcci\u00f3n m\u00e9dica de ambos centros hasta su reciente nombramiento como Director Corporativo Asistencial y Educativo de Fundaci\u00f3n Hospitalarias.<\/p>\n<p>El Dr. Del Olmo ha realizado estancias formativas e investigadoras en la Universidad de Maastricht, en el Hospital Hillside-Long Island de Nueva York y en la Universidad de Cambridge. Titulado como Terapeuta Grupal. M\u00e1ster por la Universidad de Cambridge en \u201cConcepts and Methods in Psychiatric Research\u201d. M\u00e1ster Universitario en Direcci\u00f3n M\u00e9dica por la Escuela de Sanidad. M\u00e1ster en Ciencias Forenses y Derecho Sanitario por la UNED. Acreditado como Experto T\u00e9cnico en el Sector Sociosanitario.<\/p>\n<p>Desarrolla su labor tambi\u00e9n en el campo de la investigaci\u00f3n en salud mental, es miembro del Patronato y del Consejo Ejecutivo de la Fundaci\u00f3n de Investigaci\u00f3n\u00a0<a href=\"https:\/\/fidmag.org\/es\/\" target=\"_blank\" rel=\"nofollow noopener\">FIDMAG<\/a>\u00a0y del Consejo de Direcci\u00f3n de la revista \u201cInformaciones Psiqui\u00e1tricas\u201d y ha liderado diversos proyectos multic\u00e9ntricos de investigaci\u00f3n, especialmente en el campo del trastorno mental grave\u00a0y en el estudio del estigma en salud mental\u201d.<\/p>\n<p>Adem\u00e1s de sus tareas de gesti\u00f3n y de investigaci\u00f3n, ha mantenido siempre la labor cl\u00ednica en consultas ambulatorias de psiquiatr\u00eda, atendiendo a pacientes adultos con problemas de salud mental.<\/p>\n<p>Del Olmo se incorpora al consejo de direcci\u00f3n de Fundaci\u00f3n Hospitalarias para liderar la estrategia de sus seis l\u00edneas asistenciales y educativas: hospital general, psiquiatr\u00eda y salud mental, da\u00f1o cerebral, discapacidad intelectual\u200b, psicogeriatr\u00eda y atenci\u00f3n sociosanitaria\u200b y cuidados paliativos\u200b.<\/p>\n<p>\u201cTras m\u00e1s de 25 a\u00f1os en la instituci\u00f3n\u00a0asumo este reto con una enorme ilusi\u00f3n y responsabilidad. Me acompa\u00f1a en este camino un excepcional equipo de profesionales asistenciales comprometidos que trabajan en cada uno de nuestros centros, un equipo que, guiado por los valores hospitalarios que siempre han caracterizado nuestra labor, nos permitir\u00e1 afrontar los grandes desaf\u00edos de los sectores sanitario y social para dar la mejor respuesta a las necesidades de nuestros usuarios y pacientes\u201d,<em> s<\/em>e\u00f1ala el Dr. del Olmo.<\/p>\n<p>El Dr. del Olmo trabajar\u00e1 para promover un modelo asistencial, acorde con los valores de la instituci\u00f3n, que d\u00e9 respuesta a las nuevas necesidades de nuestra sociedad. A su vez, promover\u00e1 proyectos que traten de integrar lo social y lo sanitario, como la atenci\u00f3n intermedia, donde Fundaci\u00f3n Hospitalarias es ya un referente. Tambi\u00e9n, apoyado en la red de dispositivos y equipos multidisciplinares de la instituci\u00f3n, buscar\u00e1 integrar la atenci\u00f3n a la alta complejidad en Salud Mental y otras discapacidades y seguir desarrollando los Centros Especiales de Empleo, como medio para lograr la inclusi\u00f3n laboral de los colectivos que atendemos.<\/p>\n","protected":false},"excerpt":{"rendered":"<div class=\"entry-summary\">\nLa\u00a0Fundaci\u00f3n Hospitalarias\u00a0ha nombrado recientemente a Francisco del Olmo Director Corporativo Asistencial y Educativo para impulsar el modelo asistencial y la integraci\u00f3n de los modelos social y sanitario en la atenci\u00f3n a la alta complejidad y a las nuevas necesidades de&hellip;\n<\/div>\n<div class=\"link-more\"><a href=\"https:\/\/ospitalarioakfundazioaeuskadi.org\/es\/francisco-del-olmo-nuevo-director-corporativo-asistencial-y-educativo-de-la-fundacion-hospitalarias\/\" class=\"more-link\">Seguir leyendo<span class=\"screen-reader-text\"> &ldquo;Francisco del Olmo, nuevo Director Corporativo Asistencial y Educativo de la Fundaci\u00f3n Hospitalarias&rdquo;<\/span>&hellip;<\/a><\/div>\n","protected":false},"author":1,"featured_media":71374,"comment_status":"closed","ping_status":"closed","sticky":false,"template":"","format":"standard","meta":{"footnotes":""},"categories":[646],"tags":[],"linea-asistencial":[],"class_list":["post-71372","post","type-post","status-publish","format-standard","has-post-thumbnail","hentry","category-aita-menni","entry"],"_links":{"self":[{"href":"https:\/\/ospitalarioakfundazioaeuskadi.org\/es\/wp-json\/wp\/v2\/posts\/71372","targetHints":{"allow":["GET"]}}],"collection":[{"href":"https:\/\/ospitalarioakfundazioaeuskadi.org\/es\/wp-json\/wp\/v2\/posts"}],"about":[{"href":"https:\/\/ospitalarioakfundazioaeuskadi.org\/es\/wp-json\/wp\/v2\/types\/post"}],"author":[{"embeddable":true,"href":"https:\/\/ospitalarioakfundazioaeuskadi.org\/es\/wp-json\/wp\/v2\/users\/1"}],"replies":[{"embeddable":true,"href":"https:\/\/ospitalarioakfundazioaeuskadi.org\/es\/wp-json\/wp\/v2\/comments?post=71372"}],"version-history":[{"count":1,"href":"https:\/\/ospitalarioakfundazioaeuskadi.org\/es\/wp-json\/wp\/v2\/posts\/71372\/revisions"}],"predecessor-version":[{"id":71376,"href":"https:\/\/ospitalarioakfundazioaeuskadi.org\/es\/wp-json\/wp\/v2\/posts\/71372\/revisions\/71376"}],"wp:featuredmedia":[{"embeddable":true,"href":"https:\/\/ospitalarioakfundazioaeuskadi.org\/es\/wp-json\/wp\/v2\/media\/71374"}],"wp:attachment":[{"href":"https:\/\/ospitalarioakfundazioaeuskadi.org\/es\/wp-json\/wp\/v2\/media?parent=71372"}],"wp:term":[{"taxonomy":"category","embeddable":true,"href":"https:\/\/ospitalarioakfundazioaeuskadi.org\/es\/wp-json\/wp\/v2\/categories?post=71372"},{"taxonomy":"post_tag","embeddable":true,"href":"https:\/\/ospitalarioakfundazioaeuskadi.org\/es\/wp-json\/wp\/v2\/tags?post=71372"},{"taxonomy":"linea-asistencial","embeddable":true,"href":"https:\/\/ospitalarioakfundazioaeuskadi.org\/es\/wp-json\/wp\/v2\/linea-asistencial?post=71372"}],"curies":[{"name":"wp","href":"https:\/\/api.w.org\/{rel}","templated":true}]}}