{"id":71408,"date":"2025-01-26T11:12:50","date_gmt":"2025-01-26T11:12:50","guid":{"rendered":"https:\/\/ospitalarioakfundazioaeuskadi.org\/?p=71408"},"modified":"2025-02-03T11:21:34","modified_gmt":"2025-02-03T11:21:34","slug":"fundacion-hospitalarias-y-san-juan-de-dios-espana-se-reunen-en-con-responsables-de-la-oms-en-el-marco-de-quality-rights","status":"publish","type":"post","link":"https:\/\/ospitalarioakfundazioaeuskadi.org\/es\/fundacion-hospitalarias-y-san-juan-de-dios-espana-se-reunen-en-con-responsables-de-la-oms-en-el-marco-de-quality-rights\/","title":{"rendered":"Fundaci\u00f3n Hospitalarias y San Juan de Dios Espa\u00f1a se re\u00fanen en con responsables de la OMS en el marco de Quality Rights"},"content":{"rendered":"<p>Un grupo de representantes de la\u00a0<a href=\"https:\/\/fundacionhospitalarias.org\/\" target=\"_blank\" rel=\"noopener nofollow\">Fundaci\u00f3n Hospitalarias<\/a>\u00a0y de la\u00a0<a href=\"https:\/\/sjd.es\/\" target=\"_blank\" rel=\"nofollow noopener\">Orden de San Juan de Dios Espa\u00f1a<\/a>\u00a0se reunieron el pasado 22 de enero la sede de la <strong>Organizaci\u00f3n Mundial de la Salud<\/strong> (OMS) en Ginebra, Suiza, con la Jefa de Unidad del equipo de Pol\u00edtica, Derecho y Derechos Humanos de la OMS del Departamento de Salud Mental y Uso de Sustancias, la Dra. <strong>Michelle Funk<\/strong>. Adem\u00e1s, tambi\u00e9n tuvieron la oportunidad de conocer a la Directora de Salud Mental, Salud Cerebral y Uso de Sustancias de la OMS, <strong>Devora Kestel<\/strong>.<\/p>\n<p>En dicho encuentro, ambas instituciones presentaron sus valores y prop\u00f3sito; las l\u00edneas de actividad que desarrollan en las \u00e1reas de salud mental, atenci\u00f3n a la discapacidad y a las personas mayores; el enfoque en educaci\u00f3n e investigaci\u00f3n y dieron a conocer su presencia en Espa\u00f1a, Europa y el resto de pa\u00edses del mundo.<\/p>\n<p>Por parte de las instituciones participaron el director corporativo asistencial y educativo de Fundaci\u00f3n Hospitalarias <a href=\"https:\/\/ospitalarioakfundazioaeuskadi.org\/es\/francisco-del-olmo-nuevo-director-corporativo-asistencial-y-educativo-de-la-fundacion-hospitalarias\/\"><strong>Francisco del Olmo<\/strong><\/a> y el director corporativo asistencial de San Juan de Dios Espa\u00f1a, <strong>Josep Pifarr\u00e9<\/strong>; adem\u00e1s del director asistencial de la Fundaci\u00f3n Hospitalarias Barcelona Nord, <strong>Pedro Roy<\/strong>; la directora de desarrollo estrat\u00e9gico asistencial de la Fundaci\u00f3n Hospitalarias Sant Boi, <strong>Meritxell Centeno<\/strong>; la coordinadora del Grupo Europeo de Salud Mental y directora asistencial de la Unidad Territorial I de San Juan de Dios Espa\u00f1a, <strong>Cristina<\/strong> Molina; y la Project Manager de SOM360, <strong>M\u00f2nica Fidelis<\/strong>.<\/p>\n<p>Fundaci\u00f3n Hospitalarias y San Juan de Dios Espa\u00f1a contin\u00faan as\u00ed reforzando su voluntad de colaborar y trabajar por un proyecto conjunto desde la formaci\u00f3n y transformaci\u00f3n de los servicios que presentan a las personas vulnerables desde sus distintos centros y dispositivos, con un modelo de atenci\u00f3n basado en valores comunes, siendo la Hospitalidad el valor central.<\/p>\n","protected":false},"excerpt":{"rendered":"<div class=\"entry-summary\">\nUn grupo de representantes de la\u00a0Fundaci\u00f3n Hospitalarias\u00a0y de la\u00a0Orden de San Juan de Dios Espa\u00f1a\u00a0se reunieron el pasado 22 de enero la sede de la Organizaci\u00f3n Mundial de la Salud (OMS) en Ginebra, Suiza, con la Jefa de Unidad del&hellip;\n<\/div>\n<div class=\"link-more\"><a href=\"https:\/\/ospitalarioakfundazioaeuskadi.org\/es\/fundacion-hospitalarias-y-san-juan-de-dios-espana-se-reunen-en-con-responsables-de-la-oms-en-el-marco-de-quality-rights\/\" class=\"more-link\">Seguir leyendo<span class=\"screen-reader-text\"> &ldquo;Fundaci\u00f3n Hospitalarias y San Juan de Dios Espa\u00f1a se re\u00fanen en con responsables de la OMS en el marco de Quality Rights&rdquo;<\/span>&hellip;<\/a><\/div>\n","protected":false},"author":1,"featured_media":71410,"comment_status":"closed","ping_status":"closed","sticky":false,"template":"","format":"standard","meta":{"footnotes":""},"categories":[646,1111],"tags":[],"linea-asistencial":[979],"class_list":["post-71408","post","type-post","status-publish","format-standard","has-post-thumbnail","hentry","category-aita-menni","category-fundacion-hospitalarias","linea-asistencial-1-salud-mental","entry"],"_links":{"self":[{"href":"https:\/\/ospitalarioakfundazioaeuskadi.org\/es\/wp-json\/wp\/v2\/posts\/71408","targetHints":{"allow":["GET"]}}],"collection":[{"href":"https:\/\/ospitalarioakfundazioaeuskadi.org\/es\/wp-json\/wp\/v2\/posts"}],"about":[{"href":"https:\/\/ospitalarioakfundazioaeuskadi.org\/es\/wp-json\/wp\/v2\/types\/post"}],"author":[{"embeddable":true,"href":"https:\/\/ospitalarioakfundazioaeuskadi.org\/es\/wp-json\/wp\/v2\/users\/1"}],"replies":[{"embeddable":true,"href":"https:\/\/ospitalarioakfundazioaeuskadi.org\/es\/wp-json\/wp\/v2\/comments?post=71408"}],"version-history":[{"count":2,"href":"https:\/\/ospitalarioakfundazioaeuskadi.org\/es\/wp-json\/wp\/v2\/posts\/71408\/revisions"}],"predecessor-version":[{"id":71412,"href":"https:\/\/ospitalarioakfundazioaeuskadi.org\/es\/wp-json\/wp\/v2\/posts\/71408\/revisions\/71412"}],"wp:featuredmedia":[{"embeddable":true,"href":"https:\/\/ospitalarioakfundazioaeuskadi.org\/es\/wp-json\/wp\/v2\/media\/71410"}],"wp:attachment":[{"href":"https:\/\/ospitalarioakfundazioaeuskadi.org\/es\/wp-json\/wp\/v2\/media?parent=71408"}],"wp:term":[{"taxonomy":"category","embeddable":true,"href":"https:\/\/ospitalarioakfundazioaeuskadi.org\/es\/wp-json\/wp\/v2\/categories?post=71408"},{"taxonomy":"post_tag","embeddable":true,"href":"https:\/\/ospitalarioakfundazioaeuskadi.org\/es\/wp-json\/wp\/v2\/tags?post=71408"},{"taxonomy":"linea-asistencial","embeddable":true,"href":"https:\/\/ospitalarioakfundazioaeuskadi.org\/es\/wp-json\/wp\/v2\/linea-asistencial?post=71408"}],"curies":[{"name":"wp","href":"https:\/\/api.w.org\/{rel}","templated":true}]}}