{"id":71493,"date":"2025-02-17T15:02:14","date_gmt":"2025-02-17T15:02:14","guid":{"rendered":"https:\/\/ospitalarioakfundazioaeuskadi.org\/?p=71493"},"modified":"2025-03-24T08:36:50","modified_gmt":"2025-03-24T08:36:50","slug":"tertulias-literarias-dialogicas-psicosis-bmc-psychology-estudio","status":"publish","type":"post","link":"https:\/\/ospitalarioakfundazioaeuskadi.org\/es\/tertulias-literarias-dialogicas-psicosis-bmc-psychology-estudio\/","title":{"rendered":"BMC Psychology publica un estudio realizado en nuestro hospital sobre las tertulias literarias dial\u00f3gicas en el tratamiento de la psicosis"},"content":{"rendered":"<p>La prestigiosa revista de psicolog\u00eda BMC Psychology recoge en su volumen 13 el art\u00edculo \u201c<a href=\"https:\/\/bmcpsychology.biomedcentral.com\/articles\/10.1186\/s40359-025-02381-0\" target=\"_blank\" rel=\"nofollow noopener\">Avances en la capacidad de mentalizaci\u00f3n de personas con psicosis a trav\u00e9s de tertulias literarias dial\u00f3gicas<\/a>\u201d, escrito por <strong>Aitana Fern\u00e1ndez-Villard\u00f3n<\/strong>, <a href=\"https:\/\/ospitalarioakfundazioaeuskadi.org\/es\/autor\/alfonso-saez-de-ibarra-2\/\"><strong>Alfonso S\u00e1ez de Ibarra<\/strong><\/a>, <a href=\"https:\/\/ospitalarioakfundazioaeuskadi.org\/es\/autor\/ana-isabel-dominguez-panchon\/\"><strong>Ana Dom\u00ednguez-Panch\u00f3n<\/strong><\/a> y <strong>Roc\u00edo Garc\u00eda-Carri\u00f3n<\/strong>.<\/p>\n<p>Las personas con psicosis suelen experimentar una sensaci\u00f3n fragmentada de s\u00ed mismas, lo que dificulta la integraci\u00f3n de las percepciones, los recuerdos, los pensamientos y las emociones relacionadas con ellas mismas y con los dem\u00e1s. Recogido el pasado mes de enero, en esta publicaci\u00f3n que fomenta la difusi\u00f3n de la investigaci\u00f3n, el art\u00edculo en el que han colaborado profesionales del Departamento de Psicolog\u00eda de <a href=\"\/es\/\">Ospitalarioak Fundazioa Euskadi<\/a>, recuerda que mejorar los procesos de mentalizaci\u00f3n y fomentar la reflexi\u00f3n son fundamentales para la recuperaci\u00f3n de estos pacientes. Como estos procesos se desarrollan de forma natural a trav\u00e9s de interacciones y di\u00e1logos significativos, la incorporaci\u00f3n de un enfoque basado en la conversaci\u00f3n como parte del tratamiento de los trastornos psic\u00f3ticos puede contribuir significativamente a su recuperaci\u00f3n.<\/p>\n<h2>Las tertulias literarias dial\u00f3gicas en la psicoterapia<\/h2>\n<p>Este estudio destaca las tertulias literarias dial\u00f3gicas (TLD) como una herramienta valiosa para mejorar la capacidad de mentalizar en poblaciones cl\u00ednicas, ofreciendo un abordaje complementario a las intervenciones psicoterap\u00e9uticas tradicionales para personas con psicosis.<\/p>\n<p>El trabajo \u2014coordinado por <strong>Aitana Fern\u00e1ndez-Villard\u00f3n<\/strong>, profesora e investigadora de la <a href=\"https:\/\/www.deusto.es\/es\/inicio\/somos-deusto\/facultades\/educacion-deporte\" target=\"_blank\" rel=\"nofollow noopener\">Facultad de Educaci\u00f3n y Deporte en la Universidad de Deusto<\/a>\u2014 examina el impacto de las tertulias literarias dial\u00f3gicas en la capacidad de mentalizaci\u00f3n de las personas con psicosis. Se realiz\u00f3 un estudio cuasiexperimental de m\u00e9todos mixtos con 23 participantes (6 mujeres y 17 hombres) diagnosticados con psicosis. Durante cinco meses, los participantes tomaron parte en 18 sesiones de TLD. La capacidad de mentalizaci\u00f3n se evalu\u00f3 utilizando la Escala de Mentalizaci\u00f3n (MentS), y los datos cualitativos incluyeron entrevistas y grupos de discusi\u00f3n para explorar los cambios en la mentalizaci\u00f3n.<\/p>\n<p><a href=\"https:\/\/ospitalarioakfundazioaeuskadi.org\/wp-content\/uploads\/2025\/02\/tertulias-literarias-dialogicas.jpg\"><img loading=\"lazy\" decoding=\"async\" class=\"alignnone wp-image-71553 size-full\" src=\"https:\/\/ospitalarioakfundazioaeuskadi.org\/wp-content\/uploads\/2025\/02\/tertulias-literarias-dialogicas.jpg\" alt=\"\" width=\"850\" height=\"504\" title=\"\" srcset=\"https:\/\/ospitalarioakfundazioaeuskadi.org\/wp-content\/uploads\/2025\/02\/tertulias-literarias-dialogicas.jpg 850w, https:\/\/ospitalarioakfundazioaeuskadi.org\/wp-content\/uploads\/2025\/02\/tertulias-literarias-dialogicas-425x252.jpg 425w, https:\/\/ospitalarioakfundazioaeuskadi.org\/wp-content\/uploads\/2025\/02\/tertulias-literarias-dialogicas-768x455.jpg 768w\" sizes=\"auto, (max-width: 850px) 100vw, 850px\" \/><\/a><\/p>\n<p>Las personas que participaron demostraron una mayor capacidad para comprender a los dem\u00e1s y reflexionar sobre s\u00ed mismas. Las sesiones de tertulias literarias dial\u00f3gicas fomentaron la empat\u00eda, la conciencia de las diferencias individuales y un compromiso m\u00e1s profundo con las emociones de los dem\u00e1s. Adem\u00e1s, compartir sentimientos en este entorno dial\u00f3gico les permiti\u00f3 reflexionar sobre experiencias pasadas y encontrar un prop\u00f3sito en la vida. Por otro lado, aseguraron que estas tertulias tras las lecturas literarias constituyeron una plataforma para expresar emociones, reevaluar las perspectivas de vida y lograr una mayor autoconciencia.<\/p>\n<h2>Las tertulias literarias dial\u00f3gicas en Ospitalarioak Fundazioa Euskadi<\/h2>\n<p>Las tertulias literarias Dial\u00f3gicas <a href=\"https:\/\/ospitalarioakfundazioaeuskadi.org\/es\/pacientes-nuestras-unidades-larga-estancia-14418\/\" target=\"_blank\" rel=\"noopener\">comenzaron a llevarse a cabo en las unidades de larga estancia<\/a> gracias a la colaboraci\u00f3n con el proyecto de investigaci\u00f3n INTERACT de la Universidad de Deusto. Su estrategia se centra en fomentar un di\u00e1logo igualitario e interpersonal. De este modo se promueve la solidaridad y el respeto a las diferencias entre las personas.<\/p>\n<p>Se ha demostrado el potencial de las TLD para lograr transformaciones personales y sociales, as\u00ed como un impacto a nivel cognitivo, emocional y conductual. Por ello, <a href=\"https:\/\/ospitalarioakfundazioaeuskadi.org\/es\/formacion-tertulias-literarias-dialogicas\/\" target=\"_blank\" rel=\"noopener\">profesionales de nuestro Departamento de Psicolog\u00eda y del Servicio de Rehabilitaci\u00f3n Psicosocial recibieron formaci\u00f3n<\/a> para utilizar este enfoque que ha tenido resultados positivos en el tratamiento de personas con enfermedad mental grave.<\/p>\n<p>&nbsp;<\/p>\n","protected":false},"excerpt":{"rendered":"<div class=\"entry-summary\">\nEl Departamento de Psicolog\u00eda Cl\u00ednica de Ospitalarioak Fundazioa Euskadi (antes Aita Menni) ha colaborado en este trabajo dirigido por Aitana Fern\u00e1ndez-Villard\u00f3n, profesora e investigadora de la Universidad de Deusto.\n<\/div>\n<div class=\"link-more\"><a href=\"https:\/\/ospitalarioakfundazioaeuskadi.org\/es\/tertulias-literarias-dialogicas-psicosis-bmc-psychology-estudio\/\" class=\"more-link\">Seguir leyendo<span class=\"screen-reader-text\"> &ldquo;BMC Psychology publica un estudio realizado en nuestro hospital sobre las tertulias literarias dial\u00f3gicas en el tratamiento de la psicosis&rdquo;<\/span>&hellip;<\/a><\/div>\n","protected":false},"author":5,"featured_media":58640,"comment_status":"closed","ping_status":"closed","sticky":false,"template":"","format":"standard","meta":{"footnotes":""},"categories":[646],"tags":[],"linea-asistencial":[979],"class_list":["post-71493","post","type-post","status-publish","format-standard","has-post-thumbnail","hentry","category-aita-menni","linea-asistencial-1-salud-mental","entry"],"_links":{"self":[{"href":"https:\/\/ospitalarioakfundazioaeuskadi.org\/es\/wp-json\/wp\/v2\/posts\/71493","targetHints":{"allow":["GET"]}}],"collection":[{"href":"https:\/\/ospitalarioakfundazioaeuskadi.org\/es\/wp-json\/wp\/v2\/posts"}],"about":[{"href":"https:\/\/ospitalarioakfundazioaeuskadi.org\/es\/wp-json\/wp\/v2\/types\/post"}],"author":[{"embeddable":true,"href":"https:\/\/ospitalarioakfundazioaeuskadi.org\/es\/wp-json\/wp\/v2\/users\/5"}],"replies":[{"embeddable":true,"href":"https:\/\/ospitalarioakfundazioaeuskadi.org\/es\/wp-json\/wp\/v2\/comments?post=71493"}],"version-history":[{"count":3,"href":"https:\/\/ospitalarioakfundazioaeuskadi.org\/es\/wp-json\/wp\/v2\/posts\/71493\/revisions"}],"predecessor-version":[{"id":72260,"href":"https:\/\/ospitalarioakfundazioaeuskadi.org\/es\/wp-json\/wp\/v2\/posts\/71493\/revisions\/72260"}],"wp:featuredmedia":[{"embeddable":true,"href":"https:\/\/ospitalarioakfundazioaeuskadi.org\/es\/wp-json\/wp\/v2\/media\/58640"}],"wp:attachment":[{"href":"https:\/\/ospitalarioakfundazioaeuskadi.org\/es\/wp-json\/wp\/v2\/media?parent=71493"}],"wp:term":[{"taxonomy":"category","embeddable":true,"href":"https:\/\/ospitalarioakfundazioaeuskadi.org\/es\/wp-json\/wp\/v2\/categories?post=71493"},{"taxonomy":"post_tag","embeddable":true,"href":"https:\/\/ospitalarioakfundazioaeuskadi.org\/es\/wp-json\/wp\/v2\/tags?post=71493"},{"taxonomy":"linea-asistencial","embeddable":true,"href":"https:\/\/ospitalarioakfundazioaeuskadi.org\/es\/wp-json\/wp\/v2\/linea-asistencial?post=71493"}],"curies":[{"name":"wp","href":"https:\/\/api.w.org\/{rel}","templated":true}]}}