{"id":71698,"date":"2025-02-27T15:26:12","date_gmt":"2025-02-27T15:26:12","guid":{"rendered":"https:\/\/ospitalarioakfundazioaeuskadi.org\/?p=71698"},"modified":"2025-02-27T15:26:12","modified_gmt":"2025-02-27T15:26:12","slug":"cimasub-tour-acerca-la-magia-del-cine-submarino-a-nuestro-hospital","status":"publish","type":"post","link":"https:\/\/ospitalarioakfundazioaeuskadi.org\/es\/cimasub-tour-acerca-la-magia-del-cine-submarino-a-nuestro-hospital\/","title":{"rendered":"CIMASUB Tour acerca la magia del cine submarino a nuestro hospital"},"content":{"rendered":"<p>El pasado d\u00eda 25 lleg\u00f3 al sal\u00f3n de actos de nuestro hospital en Arrasate-Mondrag\u00f3n \u00ab<strong>Adinziklo Submarino\u00bb<\/strong>, un programa creado por el <a href=\"https:\/\/ciclo.subacuaticasrealsociedad.com\/\" target=\"_blank\" rel=\"nofollow noopener\">Ciclo Internacional de Cine Submarino<\/a> (CIMASUB), en colaboraci\u00f3n con la Real Sociedad Fundazioa, para acercar el mundo submarino al mayor n\u00famero de personas, sin olvidar a personas mayores o con dificultades.<\/p>\n<p>Gracias a esta experiencia audiovisual accesible, nuestros pacientes, familiares y personal del centro tuvieron la oportunidad de sumergirse en los fondos marinos, de explorar los oc\u00e9anos, conocer su biodiversidad y reflexionar sobre su conservaci\u00f3n. Este programa no solo ofrece entretenimiento y la posibilidad de vivir una jornada diferente, sino que tambi\u00e9n contribuye al bienestar emocional.<\/p>\n<p><a href=\"https:\/\/ospitalarioakfundazioaeuskadi.org\/wp-content\/uploads\/2025\/02\/Cartel-ADINZIKLO-Aita-Menni.jpg\"><img loading=\"lazy\" decoding=\"async\" class=\"alignnone wp-image-71707 size-large\" src=\"https:\/\/ospitalarioakfundazioaeuskadi.org\/wp-content\/uploads\/2025\/02\/Cartel-ADINZIKLO-Aita-Menni-850x1197.jpg\" alt=\"\" width=\"850\" height=\"1197\" title=\"\" srcset=\"https:\/\/ospitalarioakfundazioaeuskadi.org\/wp-content\/uploads\/2025\/02\/Cartel-ADINZIKLO-Aita-Menni-850x1197.jpg 850w, https:\/\/ospitalarioakfundazioaeuskadi.org\/wp-content\/uploads\/2025\/02\/Cartel-ADINZIKLO-Aita-Menni-302x425.jpg 302w, https:\/\/ospitalarioakfundazioaeuskadi.org\/wp-content\/uploads\/2025\/02\/Cartel-ADINZIKLO-Aita-Menni-768x1082.jpg 768w, https:\/\/ospitalarioakfundazioaeuskadi.org\/wp-content\/uploads\/2025\/02\/Cartel-ADINZIKLO-Aita-Menni.jpg 950w\" sizes=\"auto, (max-width: 850px) 100vw, 850px\" \/><\/a><\/p>\n<p>El Ciclo Internacional de Cine Submarino presenta obras audiovisuales que no solo capturan la belleza de los oc\u00e9anos, sino que tambi\u00e9n alertan sobre los desaf\u00edos ambientales que enfrentan. A trav\u00e9s de sus proyecciones, el p\u00fablico puede contemplar tanto la riqueza de la vida marina como los efectos del deterioro ecol\u00f3gico causado por la acci\u00f3n humana. De este modo busca generar conciencia sobre la importancia de la conservaci\u00f3n y sostenibilidad de los oc\u00e9anos para garantizar su futuro.<\/p>\n<p>En <a href=\"\/es\/\">Ospitalarioak Fundazioa Euskadi<\/a> damos fe de ello. Al finalizar la proyecci\u00f3n se pas\u00f3 el micr\u00f3fono para que quienes disfrutaron esta \u201cinmersi\u00f3n\u201d pudieran realizar comentarios, preguntas, reflexiones&#8230; Nuestro equipo asistencial nos cuenta que hubo mucho agradecimiento y felicitaciones a la entidad \u201cpor su labor para salvar el planeta\u201d. \u00bfQu\u00e9 podemos hacer para mejorar el cuidado del medio ambiente? Las preguntas fueron dirigidas hacia \u00e1mbitos concretos, como la gesti\u00f3n del turismo, de la construcci\u00f3n o la prevenci\u00f3n de vertidos. El coloquio discurri\u00f3 en un ambiente muy agradable y enriquecedor.<\/p>\n<p><iframe loading=\"lazy\" title=\"CIMASUB TOUR 24\/25 - Trailer promocional\" width=\"889\" height=\"500\" src=\"https:\/\/www.youtube.com\/embed\/ZnjZyY9narU?feature=oembed\" frameborder=\"0\" allow=\"accelerometer; autoplay; clipboard-write; encrypted-media; gyroscope; picture-in-picture; web-share\" referrerpolicy=\"strict-origin-when-cross-origin\" allowfullscreen><\/iframe><\/p>\n<p>La proyecci\u00f3n en el Hospital tendr\u00e1 continuidad en el mes de marzo en nuestro centro de <a href=\"https:\/\/ospitalarioakfundazioaeuskadi.org\/es\/centro\/centro-musakola\/\">Musakola<\/a>, tambi\u00e9n en Arrasate-Mondrag\u00f3n, el d\u00eda 19 de marzo a las 11 de la ma\u00f1ana, y en el <a href=\"https:\/\/ospitalarioakfundazioaeuskadi.org\/es\/centro\/centro-dano-cerebral-aita-menni-san-sebastian\/\">Centro de D\u00eda de Da\u00f1o Cerebral de Zuatzu<\/a>, en San Sebasti\u00e1n, el d\u00eda 21 de ese mes a las 10.30 de la ma\u00f1ana.<\/p>\n<p>Aprovechamos estas l\u00edneas para reiterar las gracias a la organizaci\u00f3n y a las personas voluntarias que la sostienen por su acercarnos su trabajo de divulgaci\u00f3n y protecci\u00f3n del entorno marino, y por su compromiso continuo con el mar. Especialmente a <strong>David S\u00e1nchez Carretero<\/strong> y <strong>Lourdes Anza Larrea<\/strong>, que fueron quienes se acercaron hasta nuestras instalaciones en el barrio de Gesalibar.<\/p>\n","protected":false},"excerpt":{"rendered":"<div class=\"entry-summary\">\nGracias al Ciclo de Cine Submarino de la Secci\u00f3n de Subacu\u00e1ticas de la Real Sociedad, nuestro sal\u00f3n de actos se convirti\u00f3 en un escenario inmersivo que transport\u00f3 a los asistentes a la proyecci\u00f3n a las profundidades marinas.\n<\/div>\n<div class=\"link-more\"><a href=\"https:\/\/ospitalarioakfundazioaeuskadi.org\/es\/cimasub-tour-acerca-la-magia-del-cine-submarino-a-nuestro-hospital\/\" class=\"more-link\">Seguir leyendo<span class=\"screen-reader-text\"> &ldquo;CIMASUB Tour acerca la magia del cine submarino a nuestro hospital&rdquo;<\/span>&hellip;<\/a><\/div>\n","protected":false},"author":5,"featured_media":71700,"comment_status":"closed","ping_status":"closed","sticky":false,"template":"","format":"standard","meta":{"footnotes":""},"categories":[646,1008],"tags":[],"linea-asistencial":[],"class_list":["post-71698","post","type-post","status-publish","format-standard","has-post-thumbnail","hentry","category-aita-menni","category-hospital-aita-menni","entry"],"_links":{"self":[{"href":"https:\/\/ospitalarioakfundazioaeuskadi.org\/es\/wp-json\/wp\/v2\/posts\/71698","targetHints":{"allow":["GET"]}}],"collection":[{"href":"https:\/\/ospitalarioakfundazioaeuskadi.org\/es\/wp-json\/wp\/v2\/posts"}],"about":[{"href":"https:\/\/ospitalarioakfundazioaeuskadi.org\/es\/wp-json\/wp\/v2\/types\/post"}],"author":[{"embeddable":true,"href":"https:\/\/ospitalarioakfundazioaeuskadi.org\/es\/wp-json\/wp\/v2\/users\/5"}],"replies":[{"embeddable":true,"href":"https:\/\/ospitalarioakfundazioaeuskadi.org\/es\/wp-json\/wp\/v2\/comments?post=71698"}],"version-history":[{"count":3,"href":"https:\/\/ospitalarioakfundazioaeuskadi.org\/es\/wp-json\/wp\/v2\/posts\/71698\/revisions"}],"predecessor-version":[{"id":71784,"href":"https:\/\/ospitalarioakfundazioaeuskadi.org\/es\/wp-json\/wp\/v2\/posts\/71698\/revisions\/71784"}],"wp:featuredmedia":[{"embeddable":true,"href":"https:\/\/ospitalarioakfundazioaeuskadi.org\/es\/wp-json\/wp\/v2\/media\/71700"}],"wp:attachment":[{"href":"https:\/\/ospitalarioakfundazioaeuskadi.org\/es\/wp-json\/wp\/v2\/media?parent=71698"}],"wp:term":[{"taxonomy":"category","embeddable":true,"href":"https:\/\/ospitalarioakfundazioaeuskadi.org\/es\/wp-json\/wp\/v2\/categories?post=71698"},{"taxonomy":"post_tag","embeddable":true,"href":"https:\/\/ospitalarioakfundazioaeuskadi.org\/es\/wp-json\/wp\/v2\/tags?post=71698"},{"taxonomy":"linea-asistencial","embeddable":true,"href":"https:\/\/ospitalarioakfundazioaeuskadi.org\/es\/wp-json\/wp\/v2\/linea-asistencial?post=71698"}],"curies":[{"name":"wp","href":"https:\/\/api.w.org\/{rel}","templated":true}]}}