{"id":71793,"date":"2025-03-06T12:25:24","date_gmt":"2025-03-06T12:25:24","guid":{"rendered":"https:\/\/ospitalarioakfundazioaeuskadi.org\/?p=71793"},"modified":"2025-03-06T12:25:24","modified_gmt":"2025-03-06T12:25:24","slug":"museo-cristobal-balenciaga-2025","status":"publish","type":"post","link":"https:\/\/ospitalarioakfundazioaeuskadi.org\/es\/museo-cristobal-balenciaga-2025\/","title":{"rendered":"La actividad \u00abEl Museo Crist\u00f3bal Balenciaga se acerca\u00bb, por segunda vez en nuestro hospital"},"content":{"rendered":"<p>El pasado mi\u00e9rcoles, 26 de febrero, el <a href=\"https:\/\/www.cristobalbalenciagamuseoa.com\/\" target=\"_blank\" rel=\"noopener nofollow\">Museo Balenciaga<\/a> volvi\u00f3 a recrearse a trav\u00e9s de la tecnolog\u00eda 360\u00ba HD en el <a href=\"https:\/\/ospitalarioakfundazioaeuskadi.org\/es\/centro\/hospital-aita-menni\/\">Hospital<\/a> de <a href=\"\/es\/\">Ospitalarioak Fundazioa Euskadi<\/a>, en Arrasate-Mondrag\u00f3n. <a href=\"https:\/\/ospitalarioakfundazioaeuskadi.org\/es\/museo-balenciaga-tecnologia-360\/\" target=\"_blank\" rel=\"noopener\">Por segundo a\u00f1o consecutivo<\/a>, el equipo del museo ofreci\u00f3 una experiencia inmersiva a un grupo de 20 participantes de distintas unidades. El programa \u00abEl Museo Crist\u00f3bal Balenciaga se acerca\u00bb, gracias a la tecnolog\u00eda 360\u00ba HD, hizo posible que nuestros pacientes pudieron recorrer virtualmente las salas del museo en Getaria y admirar las creaciones de Crist\u00f3bal Balenciaga con un nivel de detalle sorprendente.<\/p>\n<h2>Un viaje virtual al legado de Balenciaga<\/h2>\n<p>La din\u00e1mica fue como la del a\u00f1o pasado, una primera hora de \u201cviaje\u201d a trav\u00e9s de la pantalla del cine por el Museo Balenciaga y una segunda en la que el grupo realiza un taller de telar colaborativo. Tras la visita virtual, se estableci\u00f3 un espacio de di\u00e1logo sobre la vida y obra del modisto con los profesionales del museo que custodia su obra. El taller de telar cobra un car\u00e1cter m\u00e1s pr\u00e1ctico, donde se invita a las personas participantes a realizar un taller a elecci\u00f3n que favorezca la estimulaci\u00f3n, la toma de decisiones, y capacidad motriz. Las personas asistentes tejieron piezas de colores que luego pudieron llevarse como recuerdo.<\/p>\n<p>Tanto en la primera como en la segunda parte de la sesi\u00f3n, se cre\u00f3 un ambiente acogedor, en el que result\u00f3 f\u00e1cil y agradable compartir experiencias y conocimientos acerca de la costura y la moda.<\/p>\n<p>El prop\u00f3sito del Museo Balenciaga con esta iniciativa \u2014dirigida a mayores de 65 a\u00f1os\u2014 es democratizar el acceso a sus fondos expositivos a trav\u00e9s de exposiciones digitales. Las personas de esa edad han sido part\u00edcipes de una cultura de la costura que hoy ha desaparecido. La sesi\u00f3n, una edici\u00f3n m\u00e1s, ha resultado ser una muy buena y efectiva herramienta para conversar, recordar y rememorar.<\/p>\n<div id='gallery-1' class='gallery galleryid-71793 gallery-columns-3 gallery-size-thumbnail'><figure class='gallery-item'>\n\t\t\t<div class='gallery-icon portrait'>\n\t\t\t\t<a href=\"https:\/\/ospitalarioakfundazioaeuskadi.org\/wp-content\/uploads\/2025\/03\/Museo-Balenciaga-360-1.jpg\"><img loading=\"lazy\" decoding=\"async\" width=\"200\" height=\"200\" src=\"https:\/\/ospitalarioakfundazioaeuskadi.org\/wp-content\/uploads\/2025\/03\/Museo-Balenciaga-360-1-200x200.jpg\" class=\"attachment-thumbnail size-thumbnail\" alt=\"\" title=\"\"><\/a>\n\t\t\t<\/div><\/figure><figure class='gallery-item'>\n\t\t\t<div class='gallery-icon portrait'>\n\t\t\t\t<a href=\"https:\/\/ospitalarioakfundazioaeuskadi.org\/wp-content\/uploads\/2025\/03\/Museo-Balenciaga-360-2.jpg\"><img loading=\"lazy\" decoding=\"async\" width=\"200\" height=\"200\" src=\"https:\/\/ospitalarioakfundazioaeuskadi.org\/wp-content\/uploads\/2025\/03\/Museo-Balenciaga-360-2-200x200.jpg\" class=\"attachment-thumbnail size-thumbnail\" alt=\"\" title=\"\"><\/a>\n\t\t\t<\/div><\/figure><figure class='gallery-item'>\n\t\t\t<div class='gallery-icon portrait'>\n\t\t\t\t<a href=\"https:\/\/ospitalarioakfundazioaeuskadi.org\/wp-content\/uploads\/2025\/03\/Museo-Balenciaga-360.jpg\"><img loading=\"lazy\" decoding=\"async\" width=\"200\" height=\"200\" src=\"https:\/\/ospitalarioakfundazioaeuskadi.org\/wp-content\/uploads\/2025\/03\/Museo-Balenciaga-360-200x200.jpg\" class=\"attachment-thumbnail size-thumbnail\" alt=\"\" title=\"\"><\/a>\n\t\t\t<\/div><\/figure>\n\t\t<\/div>\n\n<h2>Espacio de di\u00e1logo compartido<\/h2>\n<p>\u00bfQui\u00e9n fue Balenciaga, en qu\u00e9 \u00e9poca vivi\u00f3, cu\u00e1les son las caracter\u00edsticas principales de su trabajo\u2026? La observaci\u00f3n de im\u00e1genes del museo favorece la conexi\u00f3n con aquello que se est\u00e1 comentando y, muy especialmente, con vivencias personales. Durante la din\u00e1mica se trabajan procesos cognitivos, se aumentan las relaciones interpersonales, se vive una experiencia est\u00e9tica que favorece el disfrute y la salud, y, a su vez, se propicia una mejora del estado de \u00e1nimo.<\/p>\n<p>El arte y la cultura ayudan a prevenir o retrasar aspectos que normalmente se relacionan con personas de edad avanzada como la soledad no deseada, el deterioro cognitivo, la p\u00e9rdida de memoria o el sentimiento de no encajar en la sociedad. A trav\u00e9s de proyectos de este tipo, se trabajan aspectos tan importantes como: mantener y mejorar la capacidad cognitiva y las habilidades sociales, favorecer el desarrollo personal y mantener en contacto a las personas mayores con su entorno.<\/p>\n<p>Desde Ospitalarioak Fundazioa Euskadi, queremos agradecer al Museo Balenciaga sus ganas de acercar sus contenidos expositivos a nuestros pacientes, brindando una experiencia enriquecedora y significativa.<\/p>\n","protected":false},"excerpt":{"rendered":"<div class=\"entry-summary\">\nProfesionales del Museo Crist\u00f3bal Balenciaga visitan de nuevo nuestro hospital con su innovadora experiencia inmersiva \u00abEl Museo Crist\u00f3bal Balenciaga se acerca\u00bb. En esta ocasi\u00f3n, un grupo compuesto por 20 pacientes ha podido recorrer virtualmente sus salas y admirar la obra del dise\u00f1ador gracias a la tecnolog\u00eda 360\u00ba HD. La visita guiada en formato digital se combin\u00f3 con un taller de telar colaborativo, en el que se propici\u00f3 el di\u00e1logo, la creatividad y la estimulaci\u00f3n cognitiva. Esta iniciativa \u2014dirigida a mayores de 65 a\u00f1os\u2014 busca democratizar el acceso al arte y la cultura, a la vez que reclama la conexi\u00f3n con la moda y la costura como parte del patrimonio colectivo.\n<\/div>\n<div class=\"link-more\"><a href=\"https:\/\/ospitalarioakfundazioaeuskadi.org\/es\/museo-cristobal-balenciaga-2025\/\" class=\"more-link\">Seguir leyendo<span class=\"screen-reader-text\"> &ldquo;La actividad \u00abEl Museo Crist\u00f3bal Balenciaga se acerca\u00bb, por segunda vez en nuestro hospital&rdquo;<\/span>&hellip;<\/a><\/div>\n","protected":false},"author":5,"featured_media":71808,"comment_status":"closed","ping_status":"closed","sticky":false,"template":"","format":"standard","meta":{"footnotes":""},"categories":[646,1008],"tags":[],"linea-asistencial":[979],"class_list":["post-71793","post","type-post","status-publish","format-standard","has-post-thumbnail","hentry","category-aita-menni","category-hospital-aita-menni","linea-asistencial-1-salud-mental","entry"],"_links":{"self":[{"href":"https:\/\/ospitalarioakfundazioaeuskadi.org\/es\/wp-json\/wp\/v2\/posts\/71793","targetHints":{"allow":["GET"]}}],"collection":[{"href":"https:\/\/ospitalarioakfundazioaeuskadi.org\/es\/wp-json\/wp\/v2\/posts"}],"about":[{"href":"https:\/\/ospitalarioakfundazioaeuskadi.org\/es\/wp-json\/wp\/v2\/types\/post"}],"author":[{"embeddable":true,"href":"https:\/\/ospitalarioakfundazioaeuskadi.org\/es\/wp-json\/wp\/v2\/users\/5"}],"replies":[{"embeddable":true,"href":"https:\/\/ospitalarioakfundazioaeuskadi.org\/es\/wp-json\/wp\/v2\/comments?post=71793"}],"version-history":[{"count":3,"href":"https:\/\/ospitalarioakfundazioaeuskadi.org\/es\/wp-json\/wp\/v2\/posts\/71793\/revisions"}],"predecessor-version":[{"id":71825,"href":"https:\/\/ospitalarioakfundazioaeuskadi.org\/es\/wp-json\/wp\/v2\/posts\/71793\/revisions\/71825"}],"wp:featuredmedia":[{"embeddable":true,"href":"https:\/\/ospitalarioakfundazioaeuskadi.org\/es\/wp-json\/wp\/v2\/media\/71808"}],"wp:attachment":[{"href":"https:\/\/ospitalarioakfundazioaeuskadi.org\/es\/wp-json\/wp\/v2\/media?parent=71793"}],"wp:term":[{"taxonomy":"category","embeddable":true,"href":"https:\/\/ospitalarioakfundazioaeuskadi.org\/es\/wp-json\/wp\/v2\/categories?post=71793"},{"taxonomy":"post_tag","embeddable":true,"href":"https:\/\/ospitalarioakfundazioaeuskadi.org\/es\/wp-json\/wp\/v2\/tags?post=71793"},{"taxonomy":"linea-asistencial","embeddable":true,"href":"https:\/\/ospitalarioakfundazioaeuskadi.org\/es\/wp-json\/wp\/v2\/linea-asistencial?post=71793"}],"curies":[{"name":"wp","href":"https:\/\/api.w.org\/{rel}","templated":true}]}}