{"id":71821,"date":"2025-03-07T09:52:05","date_gmt":"2025-03-07T09:52:05","guid":{"rendered":"https:\/\/ospitalarioakfundazioaeuskadi.org\/?p=71821"},"modified":"2025-03-07T09:52:05","modified_gmt":"2025-03-07T09:52:05","slug":"visitamos-el-museo-maritimo-de-bilbao","status":"publish","type":"post","link":"https:\/\/ospitalarioakfundazioaeuskadi.org\/es\/visitamos-el-museo-maritimo-de-bilbao\/","title":{"rendered":"Visitamos el Museo Mar\u00edtimo de Bilbao"},"content":{"rendered":"<p data-start=\"91\" data-end=\"453\">El pasado martes 25 de febrero, un grupo de residentes de la <a href=\"https:\/\/ospitalarioakfundazioaeuskadi.org\/es\/centro\/residencia-mayores-bilbao-txurdinagabarri\/\">Residencia Txurdinagabarri<\/a> disfrut\u00f3 de una visita a Itsas Museum \u2013 Museo Mar\u00edtimo de Bilbao. Acompa\u00f1ados por monitoras, pasaron la ma\u00f1ana explorando la historia mar\u00edtima de la ciudad, recorriendo sus exposiciones y sumergi\u00e9ndose en la cultura y tradiciones ligadas a la r\u00eda de Bilbao.<\/p>\n<p data-start=\"455\" data-end=\"833\">Durante el recorrido, los residentes pudieron conocer de cerca el pasado naval de la Villa, admirando maquetas de embarcaciones, objetos hist\u00f3ricos y testimonios que reflejan la estrecha relaci\u00f3n de Bilbao con el mar. La visita fue una oportunidad no solo para aprender, sino tambi\u00e9n para evocar recuerdos y compartir experiencias personales ligadas al mar y a la navegaci\u00f3n.<\/p>\n<p data-start=\"835\" data-end=\"1176\">Al finalizar el recorrido, el grupo se detuvo en la cafeter\u00eda del museo, donde disfrutaron de un peque\u00f1o descanso mientras compart\u00edan impresiones sobre la experiencia. Entre sorbos de caf\u00e9 y charlas animadas, comentaron qu\u00e9 fue lo que m\u00e1s les hab\u00eda llamado la atenci\u00f3n y c\u00f3mo la visita les permiti\u00f3 conocer mejor la historia de su entorno.<\/p>\n<p data-start=\"1178\" data-end=\"1499\" data-is-last-node=\"\" data-is-only-node=\"\">Estas salidas culturales forman parte del compromiso de <a href=\"\/es\/\">Ospitalarioak Fundazioa Euskadi<\/a> por el <a href=\"https:\/\/ospitalarioakfundazioaeuskadi.org\/es\/que-hacemos\/persona-mayor\/nuestro-modelo-asistencial\/\">envejecimiento activo<\/a>, ofreciendo a nuestros residentes actividades que estimulen su curiosidad, fomenten la socializaci\u00f3n y contribuyan a su bienestar emocional.<\/p>\n<div id='gallery-1' class='gallery galleryid-71821 gallery-columns-3 gallery-size-thumbnail'><figure class='gallery-item'>\n\t\t\t<div class='gallery-icon portrait'>\n\t\t\t\t<a href='https:\/\/ospitalarioakfundazioaeuskadi.org\/wp-content\/uploads\/2025\/03\/20250225-museo-maritimo-9.jpg'><img loading=\"lazy\" decoding=\"async\" width=\"200\" height=\"200\" src=\"https:\/\/ospitalarioakfundazioaeuskadi.org\/wp-content\/uploads\/2025\/03\/20250225-museo-maritimo-9-200x200.jpg\" class=\"attachment-thumbnail size-thumbnail\" alt=\"\" title=\"\"><\/a>\n\t\t\t<\/div><\/figure><figure class='gallery-item'>\n\t\t\t<div class='gallery-icon landscape'>\n\t\t\t\t<a href='https:\/\/ospitalarioakfundazioaeuskadi.org\/wp-content\/uploads\/2025\/03\/20250225-museo-maritimo-8.jpg'><img loading=\"lazy\" decoding=\"async\" width=\"200\" height=\"200\" src=\"https:\/\/ospitalarioakfundazioaeuskadi.org\/wp-content\/uploads\/2025\/03\/20250225-museo-maritimo-8-200x200.jpg\" class=\"attachment-thumbnail size-thumbnail\" alt=\"\" title=\"\"><\/a>\n\t\t\t<\/div><\/figure><figure class='gallery-item'>\n\t\t\t<div class='gallery-icon landscape'>\n\t\t\t\t<a href='https:\/\/ospitalarioakfundazioaeuskadi.org\/wp-content\/uploads\/2025\/03\/20250225-museo-maritimo-7.jpg'><img loading=\"lazy\" decoding=\"async\" width=\"200\" height=\"200\" src=\"https:\/\/ospitalarioakfundazioaeuskadi.org\/wp-content\/uploads\/2025\/03\/20250225-museo-maritimo-7-200x200.jpg\" class=\"attachment-thumbnail size-thumbnail\" alt=\"\" title=\"\"><\/a>\n\t\t\t<\/div><\/figure><figure class='gallery-item'>\n\t\t\t<div class='gallery-icon landscape'>\n\t\t\t\t<a href='https:\/\/ospitalarioakfundazioaeuskadi.org\/wp-content\/uploads\/2025\/03\/20250225-museo-maritimo-6.jpg'><img loading=\"lazy\" decoding=\"async\" width=\"200\" height=\"200\" src=\"https:\/\/ospitalarioakfundazioaeuskadi.org\/wp-content\/uploads\/2025\/03\/20250225-museo-maritimo-6-200x200.jpg\" class=\"attachment-thumbnail size-thumbnail\" alt=\"\" title=\"\"><\/a>\n\t\t\t<\/div><\/figure><figure class='gallery-item'>\n\t\t\t<div class='gallery-icon portrait'>\n\t\t\t\t<a href='https:\/\/ospitalarioakfundazioaeuskadi.org\/wp-content\/uploads\/2025\/03\/20250225-museo-maritimo-5.jpg'><img loading=\"lazy\" decoding=\"async\" width=\"200\" height=\"200\" src=\"https:\/\/ospitalarioakfundazioaeuskadi.org\/wp-content\/uploads\/2025\/03\/20250225-museo-maritimo-5-200x200.jpg\" class=\"attachment-thumbnail size-thumbnail\" alt=\"\" title=\"\"><\/a>\n\t\t\t<\/div><\/figure><figure class='gallery-item'>\n\t\t\t<div class='gallery-icon portrait'>\n\t\t\t\t<a href='https:\/\/ospitalarioakfundazioaeuskadi.org\/wp-content\/uploads\/2025\/03\/20250225-museo-maritimo-4.jpg'><img loading=\"lazy\" decoding=\"async\" width=\"200\" height=\"200\" src=\"https:\/\/ospitalarioakfundazioaeuskadi.org\/wp-content\/uploads\/2025\/03\/20250225-museo-maritimo-4-200x200.jpg\" class=\"attachment-thumbnail size-thumbnail\" alt=\"\" title=\"\"><\/a>\n\t\t\t<\/div><\/figure><figure class='gallery-item'>\n\t\t\t<div class='gallery-icon portrait'>\n\t\t\t\t<a href='https:\/\/ospitalarioakfundazioaeuskadi.org\/wp-content\/uploads\/2025\/03\/20250225-museo-maritimo-3.jpg'><img loading=\"lazy\" decoding=\"async\" width=\"200\" height=\"200\" src=\"https:\/\/ospitalarioakfundazioaeuskadi.org\/wp-content\/uploads\/2025\/03\/20250225-museo-maritimo-3-200x200.jpg\" class=\"attachment-thumbnail size-thumbnail\" alt=\"\" title=\"\"><\/a>\n\t\t\t<\/div><\/figure><figure class='gallery-item'>\n\t\t\t<div class='gallery-icon portrait'>\n\t\t\t\t<a href='https:\/\/ospitalarioakfundazioaeuskadi.org\/wp-content\/uploads\/2025\/03\/20250225-museo-maritimo-2.jpg'><img loading=\"lazy\" decoding=\"async\" width=\"200\" height=\"200\" src=\"https:\/\/ospitalarioakfundazioaeuskadi.org\/wp-content\/uploads\/2025\/03\/20250225-museo-maritimo-2-200x200.jpg\" class=\"attachment-thumbnail size-thumbnail\" alt=\"\" title=\"\"><\/a>\n\t\t\t<\/div><\/figure><figure class='gallery-item'>\n\t\t\t<div class='gallery-icon portrait'>\n\t\t\t\t<a href='https:\/\/ospitalarioakfundazioaeuskadi.org\/wp-content\/uploads\/2025\/03\/20250225-museo-maritimo-1.jpg'><img loading=\"lazy\" decoding=\"async\" width=\"200\" height=\"200\" src=\"https:\/\/ospitalarioakfundazioaeuskadi.org\/wp-content\/uploads\/2025\/03\/20250225-museo-maritimo-1-200x200.jpg\" class=\"attachment-thumbnail size-thumbnail\" alt=\"\" title=\"\"><\/a>\n\t\t\t<\/div><\/figure>\n\t\t<\/div>\n\n","protected":false},"excerpt":{"rendered":"<div class=\"entry-summary\">\nEl pasado martes 25 de febrero, un grupo de residentes de la Residencia Txurdinagabarri disfrut\u00f3 de una visita a Itsas Museum \u2013 Museo Mar\u00edtimo de Bilbao. Acompa\u00f1ados por monitoras, pasaron la ma\u00f1ana explorando la historia mar\u00edtima de la ciudad, recorriendo&hellip;\n<\/div>\n<div class=\"link-more\"><a href=\"https:\/\/ospitalarioakfundazioaeuskadi.org\/es\/visitamos-el-museo-maritimo-de-bilbao\/\" class=\"more-link\">Seguir leyendo<span class=\"screen-reader-text\"> &ldquo;Visitamos el Museo Mar\u00edtimo de Bilbao&rdquo;<\/span>&hellip;<\/a><\/div>\n","protected":false},"author":1,"featured_media":71848,"comment_status":"closed","ping_status":"closed","sticky":false,"template":"","format":"standard","meta":{"footnotes":""},"categories":[646,648],"tags":[],"linea-asistencial":[980],"class_list":["post-71821","post","type-post","status-publish","format-standard","has-post-thumbnail","hentry","category-aita-menni","category-residencia-txurdinagabarri-bilbao","linea-asistencial-4-persona-mayor","entry"],"_links":{"self":[{"href":"https:\/\/ospitalarioakfundazioaeuskadi.org\/es\/wp-json\/wp\/v2\/posts\/71821","targetHints":{"allow":["GET"]}}],"collection":[{"href":"https:\/\/ospitalarioakfundazioaeuskadi.org\/es\/wp-json\/wp\/v2\/posts"}],"about":[{"href":"https:\/\/ospitalarioakfundazioaeuskadi.org\/es\/wp-json\/wp\/v2\/types\/post"}],"author":[{"embeddable":true,"href":"https:\/\/ospitalarioakfundazioaeuskadi.org\/es\/wp-json\/wp\/v2\/users\/1"}],"replies":[{"embeddable":true,"href":"https:\/\/ospitalarioakfundazioaeuskadi.org\/es\/wp-json\/wp\/v2\/comments?post=71821"}],"version-history":[{"count":3,"href":"https:\/\/ospitalarioakfundazioaeuskadi.org\/es\/wp-json\/wp\/v2\/posts\/71821\/revisions"}],"predecessor-version":[{"id":71856,"href":"https:\/\/ospitalarioakfundazioaeuskadi.org\/es\/wp-json\/wp\/v2\/posts\/71821\/revisions\/71856"}],"wp:featuredmedia":[{"embeddable":true,"href":"https:\/\/ospitalarioakfundazioaeuskadi.org\/es\/wp-json\/wp\/v2\/media\/71848"}],"wp:attachment":[{"href":"https:\/\/ospitalarioakfundazioaeuskadi.org\/es\/wp-json\/wp\/v2\/media?parent=71821"}],"wp:term":[{"taxonomy":"category","embeddable":true,"href":"https:\/\/ospitalarioakfundazioaeuskadi.org\/es\/wp-json\/wp\/v2\/categories?post=71821"},{"taxonomy":"post_tag","embeddable":true,"href":"https:\/\/ospitalarioakfundazioaeuskadi.org\/es\/wp-json\/wp\/v2\/tags?post=71821"},{"taxonomy":"linea-asistencial","embeddable":true,"href":"https:\/\/ospitalarioakfundazioaeuskadi.org\/es\/wp-json\/wp\/v2\/linea-asistencial?post=71821"}],"curies":[{"name":"wp","href":"https:\/\/api.w.org\/{rel}","templated":true}]}}