{"id":72401,"date":"2025-04-07T11:26:08","date_gmt":"2025-04-07T11:26:08","guid":{"rendered":"https:\/\/ospitalarioakfundazioaeuskadi.org\/?p=72401"},"modified":"2025-04-07T11:26:08","modified_gmt":"2025-04-07T11:26:08","slug":"txurdinagabarri-2025-fiesta-primavera","status":"publish","type":"post","link":"https:\/\/ospitalarioakfundazioaeuskadi.org\/es\/txurdinagabarri-2025-fiesta-primavera\/","title":{"rendered":"Celebramos la llegada de la primavera en la azotea de Txurdinagabarri"},"content":{"rendered":"<p>El pasado martes 1 de abril, en la <a href=\"https:\/\/ospitalarioakfundazioaeuskadi.org\/es\/centro\/residencia-mayores-bilbao-txurdinagabarri\/\">Residencia de mayores Txurdinagabarri<\/a> subimos todas las plantas a la azotea para dar la bienvenida a la primavera con una fiesta al aire libre. La jornada, que se prolong\u00f3 durante toda la ma\u00f1ana, estuvo acompa\u00f1ada por un radiante sol que contribuy\u00f3 a crear un ambiente especialmente alegre y participativo.<\/p>\n<p>La celebraci\u00f3n incluy\u00f3 un picoteo, durante el cual conversamos sobre los cambios que trae consigo esta estaci\u00f3n: la transformaci\u00f3n del paisaje, el aumento de las horas de luz y la aparici\u00f3n de frutas t\u00edpicamente primaverales. Fue un momento propicio para conectar con la naturaleza y con los recuerdos asociados a esta \u00e9poca del a\u00f1o.<\/p>\n<p>No faltaron tampoco la m\u00fasica, el canto y el baile, elementos esenciales en nuestras actividades festivas. La azotea, decorada con las plantas del centro, se convirti\u00f3 en un espacio de encuentro y disfrute, donde pudimos compartir risas, an\u00e9cdotas y canciones.<\/p>\n<div id='gallery-1' class='gallery galleryid-72401 gallery-columns-4 gallery-size-thumbnail'><figure class='gallery-item'>\n\t\t\t<div class='gallery-icon portrait'>\n\t\t\t\t<a href='https:\/\/ospitalarioakfundazioaeuskadi.org\/wp-content\/uploads\/2025\/04\/20250401-residencia-txurdinagabarri-primavera-1.jpg'><img loading=\"lazy\" decoding=\"async\" width=\"200\" height=\"200\" src=\"https:\/\/ospitalarioakfundazioaeuskadi.org\/wp-content\/uploads\/2025\/04\/20250401-residencia-txurdinagabarri-primavera-1-200x200.jpg\" class=\"attachment-thumbnail size-thumbnail\" alt=\"\" title=\"\"><\/a>\n\t\t\t<\/div><\/figure><figure class='gallery-item'>\n\t\t\t<div class='gallery-icon landscape'>\n\t\t\t\t<a href='https:\/\/ospitalarioakfundazioaeuskadi.org\/wp-content\/uploads\/2025\/04\/20250401-residencia-txurdinagabarri-primavera-2.jpg'><img loading=\"lazy\" decoding=\"async\" width=\"200\" height=\"200\" src=\"https:\/\/ospitalarioakfundazioaeuskadi.org\/wp-content\/uploads\/2025\/04\/20250401-residencia-txurdinagabarri-primavera-2-200x200.jpg\" class=\"attachment-thumbnail size-thumbnail\" alt=\"\" title=\"\"><\/a>\n\t\t\t<\/div><\/figure><figure class='gallery-item'>\n\t\t\t<div class='gallery-icon portrait'>\n\t\t\t\t<a href='https:\/\/ospitalarioakfundazioaeuskadi.org\/wp-content\/uploads\/2025\/04\/20250401-residencia-txurdinagabarri-primavera-3.jpg'><img loading=\"lazy\" decoding=\"async\" width=\"200\" height=\"200\" src=\"https:\/\/ospitalarioakfundazioaeuskadi.org\/wp-content\/uploads\/2025\/04\/20250401-residencia-txurdinagabarri-primavera-3-200x200.jpg\" class=\"attachment-thumbnail size-thumbnail\" alt=\"\" title=\"\"><\/a>\n\t\t\t<\/div><\/figure><figure class='gallery-item'>\n\t\t\t<div class='gallery-icon portrait'>\n\t\t\t\t<a href='https:\/\/ospitalarioakfundazioaeuskadi.org\/wp-content\/uploads\/2025\/04\/20250401-residencia-txurdinagabarri-primavera-4.jpg'><img loading=\"lazy\" decoding=\"async\" width=\"200\" height=\"200\" src=\"https:\/\/ospitalarioakfundazioaeuskadi.org\/wp-content\/uploads\/2025\/04\/20250401-residencia-txurdinagabarri-primavera-4-200x200.jpg\" class=\"attachment-thumbnail size-thumbnail\" alt=\"\" title=\"\"><\/a>\n\t\t\t<\/div><\/figure><figure class='gallery-item'>\n\t\t\t<div class='gallery-icon portrait'>\n\t\t\t\t<a href='https:\/\/ospitalarioakfundazioaeuskadi.org\/wp-content\/uploads\/2025\/04\/20250401-residencia-txurdinagabarri-primavera-5.jpg'><img loading=\"lazy\" decoding=\"async\" width=\"200\" height=\"200\" src=\"https:\/\/ospitalarioakfundazioaeuskadi.org\/wp-content\/uploads\/2025\/04\/20250401-residencia-txurdinagabarri-primavera-5-200x200.jpg\" class=\"attachment-thumbnail size-thumbnail\" alt=\"\" title=\"\"><\/a>\n\t\t\t<\/div><\/figure><figure class='gallery-item'>\n\t\t\t<div class='gallery-icon portrait'>\n\t\t\t\t<a href='https:\/\/ospitalarioakfundazioaeuskadi.org\/wp-content\/uploads\/2025\/04\/20250401-residencia-txurdinagabarri-primavera-6.jpg'><img loading=\"lazy\" decoding=\"async\" width=\"200\" height=\"200\" src=\"https:\/\/ospitalarioakfundazioaeuskadi.org\/wp-content\/uploads\/2025\/04\/20250401-residencia-txurdinagabarri-primavera-6-200x200.jpg\" class=\"attachment-thumbnail size-thumbnail\" alt=\"\" title=\"\"><\/a>\n\t\t\t<\/div><\/figure><figure class='gallery-item'>\n\t\t\t<div class='gallery-icon portrait'>\n\t\t\t\t<a href='https:\/\/ospitalarioakfundazioaeuskadi.org\/wp-content\/uploads\/2025\/04\/20250401-residencia-txurdinagabarri-primavera-7.jpg'><img loading=\"lazy\" decoding=\"async\" width=\"200\" height=\"200\" src=\"https:\/\/ospitalarioakfundazioaeuskadi.org\/wp-content\/uploads\/2025\/04\/20250401-residencia-txurdinagabarri-primavera-7-200x200.jpg\" class=\"attachment-thumbnail size-thumbnail\" alt=\"\" title=\"\"><\/a>\n\t\t\t<\/div><\/figure><figure class='gallery-item'>\n\t\t\t<div class='gallery-icon portrait'>\n\t\t\t\t<a href='https:\/\/ospitalarioakfundazioaeuskadi.org\/wp-content\/uploads\/2025\/04\/20250401-residencia-txurdinagabarri-primavera-8.jpg'><img loading=\"lazy\" decoding=\"async\" width=\"200\" height=\"200\" src=\"https:\/\/ospitalarioakfundazioaeuskadi.org\/wp-content\/uploads\/2025\/04\/20250401-residencia-txurdinagabarri-primavera-8-200x200.jpg\" class=\"attachment-thumbnail size-thumbnail\" alt=\"\" title=\"\"><\/a>\n\t\t\t<\/div><\/figure><figure class='gallery-item'>\n\t\t\t<div class='gallery-icon landscape'>\n\t\t\t\t<a href='https:\/\/ospitalarioakfundazioaeuskadi.org\/wp-content\/uploads\/2025\/04\/20250401-residencia-txurdinagabarri-primavera-9.jpg'><img loading=\"lazy\" decoding=\"async\" width=\"200\" height=\"200\" src=\"https:\/\/ospitalarioakfundazioaeuskadi.org\/wp-content\/uploads\/2025\/04\/20250401-residencia-txurdinagabarri-primavera-9-200x200.jpg\" class=\"attachment-thumbnail size-thumbnail\" alt=\"\" title=\"\"><\/a>\n\t\t\t<\/div><\/figure><figure class='gallery-item'>\n\t\t\t<div class='gallery-icon portrait'>\n\t\t\t\t<a href='https:\/\/ospitalarioakfundazioaeuskadi.org\/wp-content\/uploads\/2025\/04\/20250401-residencia-txurdinagabarri-primavera-10.jpg'><img loading=\"lazy\" decoding=\"async\" width=\"200\" height=\"200\" src=\"https:\/\/ospitalarioakfundazioaeuskadi.org\/wp-content\/uploads\/2025\/04\/20250401-residencia-txurdinagabarri-primavera-10-200x200.jpg\" class=\"attachment-thumbnail size-thumbnail\" alt=\"\" title=\"\"><\/a>\n\t\t\t<\/div><\/figure><figure class='gallery-item'>\n\t\t\t<div class='gallery-icon portrait'>\n\t\t\t\t<a href='https:\/\/ospitalarioakfundazioaeuskadi.org\/wp-content\/uploads\/2025\/04\/20250401-residencia-txurdinagabarri-primavera-11.jpg'><img loading=\"lazy\" decoding=\"async\" width=\"200\" height=\"200\" src=\"https:\/\/ospitalarioakfundazioaeuskadi.org\/wp-content\/uploads\/2025\/04\/20250401-residencia-txurdinagabarri-primavera-11-200x200.jpg\" class=\"attachment-thumbnail size-thumbnail\" alt=\"\" title=\"\"><\/a>\n\t\t\t<\/div><\/figure><figure class='gallery-item'>\n\t\t\t<div class='gallery-icon portrait'>\n\t\t\t\t<a href='https:\/\/ospitalarioakfundazioaeuskadi.org\/wp-content\/uploads\/2025\/04\/20250401-residencia-txurdinagabarri-primavera-12.jpg'><img loading=\"lazy\" decoding=\"async\" width=\"200\" height=\"200\" src=\"https:\/\/ospitalarioakfundazioaeuskadi.org\/wp-content\/uploads\/2025\/04\/20250401-residencia-txurdinagabarri-primavera-12-200x200.jpg\" class=\"attachment-thumbnail size-thumbnail\" alt=\"\" title=\"\"><\/a>\n\t\t\t<\/div><\/figure><figure class='gallery-item'>\n\t\t\t<div class='gallery-icon landscape'>\n\t\t\t\t<a href='https:\/\/ospitalarioakfundazioaeuskadi.org\/wp-content\/uploads\/2025\/04\/20250401-residencia-txurdinagabarri-primavera-13.jpg'><img loading=\"lazy\" decoding=\"async\" width=\"200\" height=\"200\" src=\"https:\/\/ospitalarioakfundazioaeuskadi.org\/wp-content\/uploads\/2025\/04\/20250401-residencia-txurdinagabarri-primavera-13-200x200.jpg\" class=\"attachment-thumbnail size-thumbnail\" alt=\"\" title=\"\"><\/a>\n\t\t\t<\/div><\/figure><figure class='gallery-item'>\n\t\t\t<div class='gallery-icon landscape'>\n\t\t\t\t<a href='https:\/\/ospitalarioakfundazioaeuskadi.org\/wp-content\/uploads\/2025\/04\/20250401-residencia-txurdinagabarri-primavera-14.jpg'><img loading=\"lazy\" decoding=\"async\" width=\"200\" height=\"200\" src=\"https:\/\/ospitalarioakfundazioaeuskadi.org\/wp-content\/uploads\/2025\/04\/20250401-residencia-txurdinagabarri-primavera-14-200x200.jpg\" class=\"attachment-thumbnail size-thumbnail\" alt=\"\" title=\"\"><\/a>\n\t\t\t<\/div><\/figure><figure class='gallery-item'>\n\t\t\t<div class='gallery-icon landscape'>\n\t\t\t\t<a href='https:\/\/ospitalarioakfundazioaeuskadi.org\/wp-content\/uploads\/2025\/04\/20250401-residencia-txurdinagabarri-primavera-15.jpg'><img loading=\"lazy\" decoding=\"async\" width=\"200\" height=\"200\" src=\"https:\/\/ospitalarioakfundazioaeuskadi.org\/wp-content\/uploads\/2025\/04\/20250401-residencia-txurdinagabarri-primavera-15-200x200.jpg\" class=\"attachment-thumbnail size-thumbnail\" alt=\"\" title=\"\"><\/a>\n\t\t\t<\/div><\/figure><figure class='gallery-item'>\n\t\t\t<div class='gallery-icon portrait'>\n\t\t\t\t<a href='https:\/\/ospitalarioakfundazioaeuskadi.org\/wp-content\/uploads\/2025\/04\/20250401-residencia-txurdinagabarri-primavera-16.jpg'><img loading=\"lazy\" decoding=\"async\" width=\"200\" height=\"200\" src=\"https:\/\/ospitalarioakfundazioaeuskadi.org\/wp-content\/uploads\/2025\/04\/20250401-residencia-txurdinagabarri-primavera-16-200x200.jpg\" class=\"attachment-thumbnail size-thumbnail\" alt=\"\" title=\"\"><\/a>\n\t\t\t<\/div><\/figure><figure class='gallery-item'>\n\t\t\t<div class='gallery-icon portrait'>\n\t\t\t\t<a href='https:\/\/ospitalarioakfundazioaeuskadi.org\/wp-content\/uploads\/2025\/04\/20250401-residencia-txurdinagabarri-primavera-17.jpg'><img loading=\"lazy\" decoding=\"async\" width=\"200\" height=\"200\" src=\"https:\/\/ospitalarioakfundazioaeuskadi.org\/wp-content\/uploads\/2025\/04\/20250401-residencia-txurdinagabarri-primavera-17-200x200.jpg\" class=\"attachment-thumbnail size-thumbnail\" alt=\"\" title=\"\"><\/a>\n\t\t\t<\/div><\/figure><figure class='gallery-item'>\n\t\t\t<div class='gallery-icon landscape'>\n\t\t\t\t<a href='https:\/\/ospitalarioakfundazioaeuskadi.org\/wp-content\/uploads\/2025\/04\/20250401-residencia-txurdinagabarri-primavera-18.jpg'><img loading=\"lazy\" decoding=\"async\" width=\"200\" height=\"200\" src=\"https:\/\/ospitalarioakfundazioaeuskadi.org\/wp-content\/uploads\/2025\/04\/20250401-residencia-txurdinagabarri-primavera-18-200x200.jpg\" class=\"attachment-thumbnail size-thumbnail\" alt=\"\" title=\"\"><\/a>\n\t\t\t<\/div><\/figure><figure class='gallery-item'>\n\t\t\t<div class='gallery-icon landscape'>\n\t\t\t\t<a href='https:\/\/ospitalarioakfundazioaeuskadi.org\/wp-content\/uploads\/2025\/04\/20250401-residencia-txurdinagabarri-primavera-19.jpg'><img loading=\"lazy\" decoding=\"async\" width=\"200\" height=\"200\" src=\"https:\/\/ospitalarioakfundazioaeuskadi.org\/wp-content\/uploads\/2025\/04\/20250401-residencia-txurdinagabarri-primavera-19-200x200.jpg\" class=\"attachment-thumbnail size-thumbnail\" alt=\"Dos mujeres mayores en silla de ruedas y una monnitora, junto a una mesa con un picoteo y un cartel alusivo a la primavera\" title=\"\"><\/a>\n\t\t\t<\/div><\/figure><figure class='gallery-item'>\n\t\t\t<div class='gallery-icon landscape'>\n\t\t\t\t<a href='https:\/\/ospitalarioakfundazioaeuskadi.org\/wp-content\/uploads\/2025\/04\/20250401-residencia-txurdinagabarri-primavera-20.jpg'><img loading=\"lazy\" decoding=\"async\" width=\"200\" height=\"200\" src=\"https:\/\/ospitalarioakfundazioaeuskadi.org\/wp-content\/uploads\/2025\/04\/20250401-residencia-txurdinagabarri-primavera-20-200x200.jpg\" class=\"attachment-thumbnail size-thumbnail\" alt=\"\" title=\"\"><\/a>\n\t\t\t<\/div><\/figure>\n\t\t<\/div>\n\n","protected":false},"excerpt":{"rendered":"<div class=\"entry-summary\">\nEl pasado martes 1 de abril, en la Residencia de mayores Txurdinagabarri subimos todas las plantas a la azotea para dar la bienvenida a la primavera con una fiesta al aire libre. La jornada, que se prolong\u00f3 durante toda la&hellip;\n<\/div>\n<div class=\"link-more\"><a href=\"https:\/\/ospitalarioakfundazioaeuskadi.org\/es\/txurdinagabarri-2025-fiesta-primavera\/\" class=\"more-link\">Seguir leyendo<span class=\"screen-reader-text\"> &ldquo;Celebramos la llegada de la primavera en la azotea de Txurdinagabarri&rdquo;<\/span>&hellip;<\/a><\/div>\n","protected":false},"author":1,"featured_media":72445,"comment_status":"closed","ping_status":"closed","sticky":false,"template":"","format":"standard","meta":{"footnotes":""},"categories":[646,656,648],"tags":[],"linea-asistencial":[980],"class_list":["post-72401","post","type-post","status-publish","format-standard","has-post-thumbnail","hentry","category-aita-menni","category-bilbao-centro-de-dia-de-personas-mayores-txurdinagabarri-bilbao","category-residencia-txurdinagabarri-bilbao","linea-asistencial-4-persona-mayor","entry"],"_links":{"self":[{"href":"https:\/\/ospitalarioakfundazioaeuskadi.org\/es\/wp-json\/wp\/v2\/posts\/72401","targetHints":{"allow":["GET"]}}],"collection":[{"href":"https:\/\/ospitalarioakfundazioaeuskadi.org\/es\/wp-json\/wp\/v2\/posts"}],"about":[{"href":"https:\/\/ospitalarioakfundazioaeuskadi.org\/es\/wp-json\/wp\/v2\/types\/post"}],"author":[{"embeddable":true,"href":"https:\/\/ospitalarioakfundazioaeuskadi.org\/es\/wp-json\/wp\/v2\/users\/1"}],"replies":[{"embeddable":true,"href":"https:\/\/ospitalarioakfundazioaeuskadi.org\/es\/wp-json\/wp\/v2\/comments?post=72401"}],"version-history":[{"count":2,"href":"https:\/\/ospitalarioakfundazioaeuskadi.org\/es\/wp-json\/wp\/v2\/posts\/72401\/revisions"}],"predecessor-version":[{"id":72455,"href":"https:\/\/ospitalarioakfundazioaeuskadi.org\/es\/wp-json\/wp\/v2\/posts\/72401\/revisions\/72455"}],"wp:featuredmedia":[{"embeddable":true,"href":"https:\/\/ospitalarioakfundazioaeuskadi.org\/es\/wp-json\/wp\/v2\/media\/72445"}],"wp:attachment":[{"href":"https:\/\/ospitalarioakfundazioaeuskadi.org\/es\/wp-json\/wp\/v2\/media?parent=72401"}],"wp:term":[{"taxonomy":"category","embeddable":true,"href":"https:\/\/ospitalarioakfundazioaeuskadi.org\/es\/wp-json\/wp\/v2\/categories?post=72401"},{"taxonomy":"post_tag","embeddable":true,"href":"https:\/\/ospitalarioakfundazioaeuskadi.org\/es\/wp-json\/wp\/v2\/tags?post=72401"},{"taxonomy":"linea-asistencial","embeddable":true,"href":"https:\/\/ospitalarioakfundazioaeuskadi.org\/es\/wp-json\/wp\/v2\/linea-asistencial?post=72401"}],"curies":[{"name":"wp","href":"https:\/\/api.w.org\/{rel}","templated":true}]}}