{"id":73572,"date":"2025-06-05T14:59:29","date_gmt":"2025-06-05T14:59:29","guid":{"rendered":"https:\/\/ospitalarioakfundazioaeuskadi.org\/?p=73572"},"modified":"2025-06-13T16:56:38","modified_gmt":"2025-06-13T16:56:38","slug":"dia-medio-ambiente-2025","status":"publish","type":"post","link":"https:\/\/ospitalarioakfundazioaeuskadi.org\/es\/dia-medio-ambiente-2025\/","title":{"rendered":"Junio, un mes para reforzar nuestro compromiso con el medio ambiente y la sostenibilidad"},"content":{"rendered":"<p>Con motivo del <strong>D\u00eda Mundial del Medio Ambiente<\/strong>, que se conmemora cada 5 de junio, <a href=\"\/es\/\">Ospitalarioak Fundazioa Euskadi<\/a> (antes Hermanas Hospitalarias Aita Menni) ha preparado una programaci\u00f3n especial de actividades a lo largo del mes de junio que buscan promover pr\u00e1cticas sostenibles y el respeto por el entorno natural.<\/p>\n<p>Este a\u00f1o 2025, <a href=\"https:\/\/www.un.org\/es\/observances\/environment-day\" target=\"_blank\" rel=\"nofollow noopener\">la ONU incide en que la contaminaci\u00f3n por pl\u00e1sticos se extiende por todos los rincones del planeta<\/a> \u2014incluso en el cuerpo humano\u2014 en forma de micropl\u00e1sticos. Nuestra instituci\u00f3n trabaja por la naturaleza y quiere subrayar los efectos de la contaminaci\u00f3n, no solo pl\u00e1stica, a la vez que nos invita a reducir el consumo, a reutilizar y reciclar para construir un futuro m\u00e1s limpio y sostenible.<\/p>\n<p>Detallamos a continuaci\u00f3n el programa que nuestro equipo de Rehabilitaci\u00f3n y Dinamizaci\u00f3n Social del hospital en Arrasate, coordinado por <strong>Amaia Segovia<\/strong>, ha dise\u00f1ado:<\/p>\n<p><a href=\"https:\/\/ospitalarioakfundazioaeuskadi.org\/wp-content\/uploads\/2025\/06\/Reciclaje_Garbigune_Arrasate.jpg\"><img loading=\"lazy\" decoding=\"async\" class=\"alignleft wp-image-73580 size-large\" src=\"https:\/\/ospitalarioakfundazioaeuskadi.org\/wp-content\/uploads\/2025\/06\/Reciclaje_Garbigune_Arrasate-850x850.jpg\" alt=\"Una mujer, delante de varios contenedores para separar residuos\" width=\"850\" height=\"850\" title=\"\" srcset=\"https:\/\/ospitalarioakfundazioaeuskadi.org\/wp-content\/uploads\/2025\/06\/Reciclaje_Garbigune_Arrasate-850x850.jpg 850w, https:\/\/ospitalarioakfundazioaeuskadi.org\/wp-content\/uploads\/2025\/06\/Reciclaje_Garbigune_Arrasate-425x425.jpg 425w, https:\/\/ospitalarioakfundazioaeuskadi.org\/wp-content\/uploads\/2025\/06\/Reciclaje_Garbigune_Arrasate-200x200.jpg 200w, https:\/\/ospitalarioakfundazioaeuskadi.org\/wp-content\/uploads\/2025\/06\/Reciclaje_Garbigune_Arrasate-768x768.jpg 768w, https:\/\/ospitalarioakfundazioaeuskadi.org\/wp-content\/uploads\/2025\/06\/Reciclaje_Garbigune_Arrasate.jpg 950w\" sizes=\"auto, (max-width: 850px) 100vw, 850px\" \/><\/a><\/p>\n<p>&nbsp;<\/p>\n<p>&nbsp;<\/p>\n<p>&nbsp;<\/p>\n<h2>2 de junio \u2013 Visita al Garbigune de Arrasate<\/h2>\n<p>Un grupo de pacientes particip\u00f3 en una visita educativa al Garbigune de Arrasate, donde pudieron observar de primera mano el proceso de reciclaje. Un trabajador del centro ofreci\u00f3 explicaciones detalladas sobre el proceso de gesti\u00f3n de residuos y, a continuaci\u00f3n, los asistentes pudieron llevar a la pr\u00e1ctica los conocimientos aprendidos.<\/p>\n<h2>3 de junio \u2013 Concurso de arte reciclado y cine ambiental<\/h2>\n<ul>\n<li><strong>Concurso de arte reciclado<\/strong>: Las distintas Unidades del hospital presentaron obras de arte elaboradas con materiales reciclados que se exhibieron en el vest\u00edbulo principal. El jurado, compuesto por miembros del equipo de Mantenimiento, premi\u00f3 a la Unidad ganadora con una planta para su botiqu\u00edn, una merienda especial para los pacientes y un diploma conmemorativo.<\/li>\n<li><strong>Proyecci\u00f3n de cine ambiental<\/strong>: se proyect\u00f3 la pel\u00edcula \u00abWall-E (Batall\u00f3n de limpieza)\u00bb, una historia de animaci\u00f3n que invita a reflexionar sobre el impacto de nuestros h\u00e1bitos de consumo en la salud del planeta. Una experiencia educativa y entretenida que valor\u00f3 muy positivamente el p\u00fablico asistente.<\/li>\n<\/ul>\n<h2>5 de junio \u2013 Gincana por el D\u00eda Mundial del Medio Ambiente<\/h2>\n<p>En conmemoraci\u00f3n del D\u00eda Mundial del Medio Ambiente, se ha organizado una gincana en el patio general del hospital con la participaci\u00f3n de todas las Unidades. Las actividades incluir\u00e1n:<\/p>\n<ul>\n<li><strong>Carrera de reciclaje \u00abLokotsak\u00bb<\/strong>, en la que los equipos competir\u00e1n utilizando materiales reciclados y clasificando correctamente los residuos en sus contenedores correspondientes.<\/li>\n<li><strong>Bingo ecol\u00f3gico por equipos<\/strong>, un juego interactivo que promueve el aprendizaje sobre pr\u00e1cticas sostenibles.<\/li>\n<li><strong>Trivial ambiental<\/strong>, con preguntas relacionadas con el medio ambiente para fomentar el conocimiento y la reflexi\u00f3n.<\/li>\n<li><strong>Sesi\u00f3n de zumba<\/strong>: actividad f\u00edsica al ritmo de canciones como \u201cMadre Tierra\u201d, de Chayanne, para promover la salud y la conexi\u00f3n con la naturaleza.<\/li>\n<\/ul>\n<h2>7 de junio \u2013 Plantaci\u00f3n de flores<\/h2>\n<p>Pacientes y profesionales colaborar\u00e1n en la plantaci\u00f3n de flores en los jardines del patio general del hospital, para embellecer el entorno y promover la participaci\u00f3n activa en el cuidado del espacio com\u00fan.<\/p>\n<h2>10 de junio \u2013 Cine por el D\u00eda Mundial de los Oc\u00e9anos<\/h2>\n<p>Se proyectar\u00e1 la pel\u00edcula \u00abAvatar: El sentido del agua\u00bb, cuyo argumento pone en valor la conservaci\u00f3n de los ecosistemas marinos y la defensa del equilibrio natural.<\/p>\n<div id='gallery-1' class='gallery galleryid-73572 gallery-columns-2 gallery-size-thumbnail'><figure class='gallery-item'>\n\t\t\t<div class='gallery-icon portrait'>\n\t\t\t\t<a href=\"https:\/\/ospitalarioakfundazioaeuskadi.org\/es\/dia-medio-ambiente-2025\/agua\/\"><img loading=\"lazy\" decoding=\"async\" width=\"200\" height=\"200\" src=\"https:\/\/ospitalarioakfundazioaeuskadi.org\/wp-content\/uploads\/2025\/06\/Agua-200x200.jpg\" class=\"attachment-thumbnail size-thumbnail\" alt=\"\" srcset=\"https:\/\/ospitalarioakfundazioaeuskadi.org\/wp-content\/uploads\/2025\/06\/Agua-200x200.jpg 200w, https:\/\/ospitalarioakfundazioaeuskadi.org\/wp-content\/uploads\/2025\/06\/Agua-1080x1080.jpg 1080w\" sizes=\"auto, (max-width: 200px) 100vw, 200px\" title=\"\"><\/a>\n\t\t\t<\/div><\/figure><figure class='gallery-item'>\n\t\t\t<div class='gallery-icon portrait'>\n\t\t\t\t<a href=\"https:\/\/ospitalarioakfundazioaeuskadi.org\/es\/dia-medio-ambiente-2025\/ahorro-de-energia\/\"><img loading=\"lazy\" decoding=\"async\" width=\"200\" height=\"200\" src=\"https:\/\/ospitalarioakfundazioaeuskadi.org\/wp-content\/uploads\/2025\/06\/Ahorro-de-energia-200x200.jpg\" class=\"attachment-thumbnail size-thumbnail\" alt=\"\" srcset=\"https:\/\/ospitalarioakfundazioaeuskadi.org\/wp-content\/uploads\/2025\/06\/Ahorro-de-energia-200x200.jpg 200w, https:\/\/ospitalarioakfundazioaeuskadi.org\/wp-content\/uploads\/2025\/06\/Ahorro-de-energia-1080x1080.jpg 1080w\" sizes=\"auto, (max-width: 200px) 100vw, 200px\" title=\"\"><\/a>\n\t\t\t<\/div><\/figure><figure class='gallery-item'>\n\t\t\t<div class='gallery-icon portrait'>\n\t\t\t\t<a href=\"https:\/\/ospitalarioakfundazioaeuskadi.org\/es\/dia-medio-ambiente-2025\/reciclaje\/\"><img loading=\"lazy\" decoding=\"async\" width=\"200\" height=\"200\" src=\"https:\/\/ospitalarioakfundazioaeuskadi.org\/wp-content\/uploads\/2025\/06\/Reciclaje-200x200.jpg\" class=\"attachment-thumbnail size-thumbnail\" alt=\"\" srcset=\"https:\/\/ospitalarioakfundazioaeuskadi.org\/wp-content\/uploads\/2025\/06\/Reciclaje-200x200.jpg 200w, https:\/\/ospitalarioakfundazioaeuskadi.org\/wp-content\/uploads\/2025\/06\/Reciclaje-1080x1080.jpg 1080w\" sizes=\"auto, (max-width: 200px) 100vw, 200px\" title=\"\"><\/a>\n\t\t\t<\/div><\/figure><figure class='gallery-item'>\n\t\t\t<div class='gallery-icon portrait'>\n\t\t\t\t<a href=\"https:\/\/ospitalarioakfundazioaeuskadi.org\/es\/dia-medio-ambiente-2025\/uso-ascensor\/\"><img loading=\"lazy\" decoding=\"async\" width=\"200\" height=\"200\" src=\"https:\/\/ospitalarioakfundazioaeuskadi.org\/wp-content\/uploads\/2025\/06\/Uso-ascensor-200x200.jpg\" class=\"attachment-thumbnail size-thumbnail\" alt=\"\" srcset=\"https:\/\/ospitalarioakfundazioaeuskadi.org\/wp-content\/uploads\/2025\/06\/Uso-ascensor-200x200.jpg 200w, https:\/\/ospitalarioakfundazioaeuskadi.org\/wp-content\/uploads\/2025\/06\/Uso-ascensor-1080x1080.jpg 1080w\" sizes=\"auto, (max-width: 200px) 100vw, 200px\" title=\"\"><\/a>\n\t\t\t<\/div><\/figure>\n\t\t<\/div>\n\n<h2>Compromiso medioambiental todo el a\u00f1o<\/h2>\n<p>Adem\u00e1s de las acciones mencionadas, se han colocado carteles de concienciaci\u00f3n ambiental en ubicaciones estrat\u00e9gicas dentro del hospital. Estos materiales informativos buscan reforzar el mensaje de sostenibilidad y responsabilidad ecol\u00f3gica entre todos los miembros de la comunidad hospitalaria.<\/p>\n<p>El programa anual incluye plantaci\u00f3n de semillas tambi\u00e9n en enero y la celebraci\u00f3n de un mercadillo sostenible el s\u00e1bado 20 de septiembre.<\/p>\n<p>Para potenciar la concienciaci\u00f3n y puesta en pr\u00e1ctica de acciones dirigidas a la conservaci\u00f3n del medio ambiente, colaboramos con entidades externas de car\u00e1cter local, <a href=\"https:\/\/ospitalarioakfundazioaeuskadi.org\/es\/cimasub-tour-acerca-la-magia-del-cine-submarino-a-nuestro-hospital\/\" target=\"_blank\" rel=\"nofollow noopener\">como CIMASUB<\/a>, u otras que reciben a nuestros pacientes en sus instalaciones para visibilizar el impacto ambiental y las alternativas para evitarlo.<\/p>\n<p>Mencionar tambi\u00e9n que cada Unidad trabaja una de las siguientes tem\u00e1ticas concretas de forma mensual:<\/p>\n<ul>\n<li>concienciaci\u00f3n del reciclaje<\/li>\n<li>conocimiento del entorno natural m\u00e1s cercano<\/li>\n<li>consumo y residuo textil<\/li>\n<li>conservaci\u00f3n de la biodiversidad y los oceanos<\/li>\n<li>movilidad sostenible<\/li>\n<li>deforestaci\u00f3n<\/li>\n<\/ul>\n<p>En Ospitalarioak Fundazioa Euskadi creemos que cuidar del planeta tambi\u00e9n es una forma de cuidar de las personas; que la participaci\u00f3n de cada cual es clave para hacer realidad un mundo m\u00e1s verde y sostenible. Por ello seguimos elaborando programas y materiales que nos ayuden a construir un futuro m\u00e1s verde y m\u00e1s humano.<\/p>\n","protected":false},"excerpt":{"rendered":"<div class=\"entry-summary\">\nCon motivo del D\u00eda Mundial del Medio Ambiente, que se conmemora cada 5 de junio, Ospitalarioak Fundazioa Euskadi (antes Hermanas Hospitalarias Aita Menni) ha preparado una programaci\u00f3n especial de actividades a lo largo del mes de junio que buscan promover&hellip;\n<\/div>\n<div class=\"link-more\"><a href=\"https:\/\/ospitalarioakfundazioaeuskadi.org\/es\/dia-medio-ambiente-2025\/\" class=\"more-link\">Seguir leyendo<span class=\"screen-reader-text\"> &ldquo;Junio, un mes para reforzar nuestro compromiso con el medio ambiente y la sostenibilidad&rdquo;<\/span>&hellip;<\/a><\/div>\n","protected":false},"author":5,"featured_media":73573,"comment_status":"closed","ping_status":"closed","sticky":false,"template":"","format":"standard","meta":{"footnotes":""},"categories":[646,1044],"tags":[],"linea-asistencial":[982,979],"class_list":["post-73572","post","type-post","status-publish","format-standard","has-post-thumbnail","hentry","category-aita-menni","category-medio-ambiente","linea-asistencial-2-discapacidad-intelectual","linea-asistencial-1-salud-mental","entry"],"_links":{"self":[{"href":"https:\/\/ospitalarioakfundazioaeuskadi.org\/es\/wp-json\/wp\/v2\/posts\/73572","targetHints":{"allow":["GET"]}}],"collection":[{"href":"https:\/\/ospitalarioakfundazioaeuskadi.org\/es\/wp-json\/wp\/v2\/posts"}],"about":[{"href":"https:\/\/ospitalarioakfundazioaeuskadi.org\/es\/wp-json\/wp\/v2\/types\/post"}],"author":[{"embeddable":true,"href":"https:\/\/ospitalarioakfundazioaeuskadi.org\/es\/wp-json\/wp\/v2\/users\/5"}],"replies":[{"embeddable":true,"href":"https:\/\/ospitalarioakfundazioaeuskadi.org\/es\/wp-json\/wp\/v2\/comments?post=73572"}],"version-history":[{"count":3,"href":"https:\/\/ospitalarioakfundazioaeuskadi.org\/es\/wp-json\/wp\/v2\/posts\/73572\/revisions"}],"predecessor-version":[{"id":73666,"href":"https:\/\/ospitalarioakfundazioaeuskadi.org\/es\/wp-json\/wp\/v2\/posts\/73572\/revisions\/73666"}],"wp:featuredmedia":[{"embeddable":true,"href":"https:\/\/ospitalarioakfundazioaeuskadi.org\/es\/wp-json\/wp\/v2\/media\/73573"}],"wp:attachment":[{"href":"https:\/\/ospitalarioakfundazioaeuskadi.org\/es\/wp-json\/wp\/v2\/media?parent=73572"}],"wp:term":[{"taxonomy":"category","embeddable":true,"href":"https:\/\/ospitalarioakfundazioaeuskadi.org\/es\/wp-json\/wp\/v2\/categories?post=73572"},{"taxonomy":"post_tag","embeddable":true,"href":"https:\/\/ospitalarioakfundazioaeuskadi.org\/es\/wp-json\/wp\/v2\/tags?post=73572"},{"taxonomy":"linea-asistencial","embeddable":true,"href":"https:\/\/ospitalarioakfundazioaeuskadi.org\/es\/wp-json\/wp\/v2\/linea-asistencial?post=73572"}],"curies":[{"name":"wp","href":"https:\/\/api.w.org\/{rel}","templated":true}]}}