{"id":73632,"date":"2025-06-05T10:37:03","date_gmt":"2025-06-05T10:37:03","guid":{"rendered":"https:\/\/ospitalarioakfundazioaeuskadi.org\/?p=73632"},"modified":"2025-06-05T11:30:49","modified_gmt":"2025-06-05T11:30:49","slug":"jornadas-enfermeria-fundacion-hospitalarias","status":"publish","type":"post","link":"https:\/\/ospitalarioakfundazioaeuskadi.org\/es\/jornadas-enfermeria-fundacion-hospitalarias\/","title":{"rendered":"Participamos en las I Jornadas Nacionales de Enfermer\u00eda de Fundaci\u00f3n Hospitalarias"},"content":{"rendered":"<p>Una representaci\u00f3n del personal de enfermer\u00eda de <a href=\"\/es\/\">Ospitalarioak Fundazioa Euskadi<\/a> tom\u00f3 parte ayer en las <strong>I Jornadas Nacionales de Enfermer\u00eda <\/strong>de la <a href=\"https:\/\/fundacionhospitalarias.org\" rel=\"nofollow noopener\" target=\"_blank\">Fundaci\u00f3n Hospitalarias<\/a>, celebradas en Barcelona bajo el lema <strong>\u201cCuidando desde el coraz\u00f3n\u201d. <\/strong>Concebido como un encuentro que pone en valor el papel fundamental de las enfermeras y enfermeros en el sistema sanitario, especialmente en \u00e1reas como la gesti\u00f3n, la humanizaci\u00f3n y la innovaci\u00f3n, la sesi\u00f3n reuni\u00f3 a 125 profesionales de distintas sedes de la Fundaci\u00f3n Hospitalarias, que compartieron iniciativas orientadas a la eficiencia y la calidad asistencial que se vienen aplicando en sus centros.<\/p>\n<p>Adem\u00e1s de un grupo de 14 enfermeras de nuestros centros, asisti\u00f3 al encuentro en Barcelona nuestro director asistencial, <strong>Jos\u00e9 Luis Gir\u00f3n<\/strong>, integrante del Comit\u00e9 Cient\u00edfico de las Jornadas.<\/p>\n<p><strong>Beatriz Urdangarin<\/strong>, enfermera de la Unidad de Psiquiatr\u00eda Legal de Ospitalarioak Fundazioa Euskadi, particip\u00f3 por la tarde en la mesa \u00abAdapt\u00e1ndonos a nuevos retos\u00bb, y desarroll\u00f3 la ponencia \u00abSistema de video-anal\u00edtica basado en IA para la mejora de los procesos de seguridad del paciente\u00bb. En su intervenci\u00f3n, explic\u00f3 a los asistentes a la Jornada las caracter\u00edsticas y funcionamiento del novedoso sistema implantado en la UPL y que, a trav\u00e9s de c\u00e1maras de 360 grados con an\u00e1lisis de patrones personalizados de movimientos, es capaz de enviar avisos al personal cuando se registran ca\u00eddas y otro tipo de incidencias en las habitaciones de la Unidad.<\/p>\n<p>El acto hab\u00eda comenzado por la ma\u00f1ana con las palabras de bienvenida de <strong>Miriam Algarra<\/strong>, directora de Enfermer\u00eda de la <a href=\"https:\/\/www.fundaciohospitalariesbarcelona.org\/\" rel=\"nofollow noopener\" target=\"_blank\">Fundaci\u00f3 Hospital\u00e0ries Barcelona<\/a>, y de\u00a0<strong>Josep Tristany<\/strong>, director del Plan Director de Salud Mental y Adicciones de Catalu\u00f1a. Posteriormente, tuvo lugar la conferencia inaugural titulada <strong>\u201cLiderazgo enfermero orientado al desarrollo cient\u00edfico de la enfermer\u00eda\u201d<\/strong>, a cargo de <strong>M. Teresa Lluch<\/strong>, decana de la Facultad de Enfermer\u00eda de la Universidad de Barcelona. En su intervenci\u00f3n, Lluch ha destacado la importancia de la formaci\u00f3n continua de l\u00edderes y de la motivaci\u00f3n del colectivo enfermero.<\/p>\n<p>A continuaci\u00f3n, tuvo lugar la <strong>Mesa 1: \u00abLiderazgo de Enfermer\u00eda y Gesti\u00f3n Sanitaria\u00bb<\/strong>, moderada por\u00a0<strong>Isabel Haro<\/strong>, directora de Enfermer\u00eda de la <a href=\"https:\/\/fundaciohospitalariesbarcelonanord.org\/\" rel=\"nofollow noopener\" target=\"_blank\">Fundaci\u00f3 Hospital\u00e0ries Barcelona Nord<\/a>.<\/p>\n<p>Entre las ponencias, <strong>Luc\u00eda Carton<\/strong>, supervisora de Enfermer\u00eda del \u00e1rea de Hospitalizaci\u00f3n de la Fundaci\u00f3n en Madrid, abord\u00f3 la integraci\u00f3n de la enfermer\u00eda freelance como herramienta innovadora dentro de los equipos hospitalarios. Por su parte, <strong>Carlos M\u00e9ndez<\/strong>, responsable de Calidad y Procesos en la <a href=\"https:\/\/fundaciohospitalariesbarcelonanord.org\/\" rel=\"nofollow noopener\" target=\"_blank\">Fundaci\u00f3 Hospital\u00e0ries Barcelona Nord<\/a>, explic\u00f3 c\u00f3mo la cultura de seguridad del paciente se ha consolidado como un eje transversal desde el a\u00f1o 2010 con grandes resultados.<\/p>\n<p><a href=\"https:\/\/ospitalarioakfundazioaeuskadi.org\/wp-content\/uploads\/2025\/06\/20250604-ospitalarioak-fundazioa-jornada-enfermeria-1.jpg\"><img loading=\"lazy\" decoding=\"async\" class=\"alignnone wp-image-73638 size-full\" src=\"https:\/\/ospitalarioakfundazioaeuskadi.org\/wp-content\/uploads\/2025\/06\/20250604-ospitalarioak-fundazioa-jornada-enfermeria-1.jpg\" alt=\"Vista de un auditorio con p\u00fablico y dos personas en una mesa en el escenario\" width=\"850\" height=\"637\" title=\"\" srcset=\"https:\/\/ospitalarioakfundazioaeuskadi.org\/wp-content\/uploads\/2025\/06\/20250604-ospitalarioak-fundazioa-jornada-enfermeria-1.jpg 850w, https:\/\/ospitalarioakfundazioaeuskadi.org\/wp-content\/uploads\/2025\/06\/20250604-ospitalarioak-fundazioa-jornada-enfermeria-1-425x319.jpg 425w, https:\/\/ospitalarioakfundazioaeuskadi.org\/wp-content\/uploads\/2025\/06\/20250604-ospitalarioak-fundazioa-jornada-enfermeria-1-768x576.jpg 768w\" sizes=\"auto, (max-width: 850px) 100vw, 850px\" \/><\/a><\/p>\n<p>Tambi\u00e9n se expuso el impacto positivo del <strong>modelo LEAN<\/strong>\u00a0en la gesti\u00f3n sanitaria, basado en eliminar los desperdicios existentes durante los procesos, en una presentaci\u00f3n a cargo de <strong>Juan Manuel P\u00e9rez<\/strong>, coordinador de Enfermer\u00eda del \u00e1rea de hospitalizaci\u00f3n en salud mental de la <a href=\"https:\/\/fundaciohospitalariesmartorell.org\/\" rel=\"nofollow noopener\" target=\"_blank\">Fundaci\u00f3 Hospital\u00e0ries Martorell<\/a>.\u00a0<strong>Carmen Castro<\/strong>, supervisora del \u00e1rea quir\u00fargica de la <a href=\"https:\/\/www.fundaciohospitalariesbarcelona.org\/\" rel=\"nofollow noopener\" target=\"_blank\">Fundaci\u00f3 Hospital\u00e0ries Barcelona<\/a>, centr\u00f3 su intervenci\u00f3n en el papel estrat\u00e9gico de la enfermera gestora dentro del \u00e1rea quir\u00fargica, subrayando su rol fundamental para garantizar el funcionamiento eficiente, seguro y organizado del proceso asistencial.<\/p>\n<p>La jornada continu\u00f3 con la <strong>Mesa 2<\/strong>, dedicada a la <strong>\u00abHumanizaci\u00f3n y valores en el modelo de cuidados\u00bb<\/strong>, y por la tarde fue el turno de la <strong>Mesa 3 \u00abAdapt\u00e1ndonos a los nuevos retos\u00bb<\/strong>.<\/p>\n<p>En la primera de ellas, moderada por el Director de Enfermer\u00eda de Fundaci\u00f3n Hospitalarias en Palencia y Burgos, <strong>Emilio Negro<\/strong>, intervinieron Carmen Sanz, supervisora de Enfermer\u00eda\u00a0 de <a href=\"https:\/\/www.hospitalariaszaragoza.es\/inicio\/\" rel=\"nofollow noopener\" target=\"_blank\">Fundaci\u00f3n Hospitalarias Zaragoza<\/a>, y <strong>Sara Garro<\/strong>, enfermera de la Unidad de Cuidados Paliativos del <a href=\"http:\/\/www.benitomenni.org\/\" rel=\"nofollow noopener\" target=\"_blank\">Centro Hospitalario Benito Menni de Valladolid<\/a>, quienes abordaron aspectos de humanizaci\u00f3n de los cuidados en las l\u00edneas asistenciales de salud mental y cuidados paliativos.<\/p>\n<p>Por su parte, <strong>Roc\u00edo Jim\u00e9nez<\/strong>, enfermera espacialista en geriatr\u00eda y supervisora en la <a href=\"https:\/\/fundacionhospitalariasmalaga.org\/\" rel=\"nofollow noopener\" target=\"_blank\">Fundaci\u00f3n Hospitalarias M\u00e1laga<\/a>, habl\u00f3 de los \u00abNuevos espacios terap\u00e9uticos alternativos a las medidas coercitivas\u00bb, y <strong>Gloria Gonz\u00e1lez<\/strong>, responsable del Centro de D\u00eda de personas mayores del <a href=\"https:\/\/fundacionhospitalariaspalencia.org\/\" rel=\"nofollow noopener\" target=\"_blank\">Centro Sociosanitario de Hermanas Hospitalarias en Palencia<\/a>, expuso una serie de interesantes reflexiones acerca del modelo de atenci\u00f3n centrada en la persona.<\/p>\n<p>En la Mesa 3, la moderaci\u00f3n corri\u00f3 a cargo de <strong>Zenaida Boza<\/strong>, directora de Enfermer\u00eda del <a href=\"http:\/\/www.benitomenni.org\/\" rel=\"nofollow noopener\" target=\"_blank\">Centro Hospitalario Benito Menni de Valladolid<\/a>, y en ella, adem\u00e1s de la ponencia de nuestra compa\u00f1era <strong>Beatriz Urdangarin<\/strong>, pudimos escuchar a <strong>Pedro Lucena<\/strong> y <strong>Blas Bl\u00e1zquez<\/strong>. El primero, supervisor de Enfermer\u00eda en la residencia de discapacidad intelectual de <a href=\"https:\/\/fundacionhospitalariasciempozuelos.org\/\" rel=\"nofollow noopener\" target=\"_blank\">Fundaci\u00f3n Hospitalarias Ciempozuelos<\/a>, nos habl\u00f3 de la adaptaci\u00f3n a las personas con trastornos del espectro autista; el segundo nos introdujo en el modelo Safewards de cuidados en unidades de salud mental, modelo implantado en la <a href=\"https:\/\/www.fundaciohospitalariessantboi.org\/\" rel=\"nofollow noopener\" target=\"_blank\">Fundaci\u00f3 Hospitalari\u00e8s Sant Boi<\/a>.<\/p>\n<p>La Jornada cont\u00f3 con una ponencia de clausura centrada en la generaci\u00f3n de equipos excelentes y la orientaci\u00f3n al paciente como valores fundamentales del liderazgo enfermero, a cargo de <strong>Soledad Gallardo<\/strong>, directora gerente del Hospital Universitario Son Ll\u00e0tzer del Servicio de Salud de las Islas Baleares, que subray\u00f3 la importancia de construir entornos de trabajo cohesionados, liderados con empat\u00eda y enfocados a la excelencia asistencial, y reflexion\u00f3 sobre un futuro marcado por la inteligencia artificial y las nuevas tecnolog\u00edas.<\/p>\n<p>Subray\u00f3 la importancia de construir entornos de trabajo cohesionados, liderados con empat\u00eda y enfocados a la excelencia asistencial, y reflexion\u00f3 sobre un futuro marcado por la inteligencia artificial y las nuevas tecnolog\u00edas.<\/p>\n<p>Con esta Jornada, la <strong>Fundaci\u00f3n Hospitalarias<\/strong>\u00a0reafirma su compromiso con el desarrollo cient\u00edfico, \u00e9tico y humano de la enfermer\u00eda, consolidando estas jornadas como un punto de encuentro imprescindible para compartir conocimiento e impulsar una enfermer\u00eda que cuida desde el coraz\u00f3n.<\/p>\n","protected":false},"excerpt":{"rendered":"<div class=\"entry-summary\">\nUna representaci\u00f3n del personal de enfermer\u00eda de Ospitalarioak Fundazioa Euskadi tom\u00f3 parte ayer en las I Jornadas Nacionales de Enfermer\u00eda de la Fundaci\u00f3n Hospitalarias, celebradas en Barcelona bajo el lema \u201cCuidando desde el coraz\u00f3n\u201d. Concebido como un encuentro que pone&hellip;\n<\/div>\n<div class=\"link-more\"><a href=\"https:\/\/ospitalarioakfundazioaeuskadi.org\/es\/jornadas-enfermeria-fundacion-hospitalarias\/\" class=\"more-link\">Seguir leyendo<span class=\"screen-reader-text\"> &ldquo;Participamos en las I Jornadas Nacionales de Enfermer\u00eda de Fundaci\u00f3n Hospitalarias&rdquo;<\/span>&hellip;<\/a><\/div>\n","protected":false},"author":1,"featured_media":73640,"comment_status":"closed","ping_status":"closed","sticky":false,"template":"","format":"standard","meta":{"footnotes":""},"categories":[646,1041,1036,1111],"tags":[],"linea-asistencial":[],"class_list":["post-73632","post","type-post","status-publish","format-standard","has-post-thumbnail","hentry","category-aita-menni","category-calidad","category-conocimiento","category-fundacion-hospitalarias","entry"],"_links":{"self":[{"href":"https:\/\/ospitalarioakfundazioaeuskadi.org\/es\/wp-json\/wp\/v2\/posts\/73632","targetHints":{"allow":["GET"]}}],"collection":[{"href":"https:\/\/ospitalarioakfundazioaeuskadi.org\/es\/wp-json\/wp\/v2\/posts"}],"about":[{"href":"https:\/\/ospitalarioakfundazioaeuskadi.org\/es\/wp-json\/wp\/v2\/types\/post"}],"author":[{"embeddable":true,"href":"https:\/\/ospitalarioakfundazioaeuskadi.org\/es\/wp-json\/wp\/v2\/users\/1"}],"replies":[{"embeddable":true,"href":"https:\/\/ospitalarioakfundazioaeuskadi.org\/es\/wp-json\/wp\/v2\/comments?post=73632"}],"version-history":[{"count":3,"href":"https:\/\/ospitalarioakfundazioaeuskadi.org\/es\/wp-json\/wp\/v2\/posts\/73632\/revisions"}],"predecessor-version":[{"id":73657,"href":"https:\/\/ospitalarioakfundazioaeuskadi.org\/es\/wp-json\/wp\/v2\/posts\/73632\/revisions\/73657"}],"wp:featuredmedia":[{"embeddable":true,"href":"https:\/\/ospitalarioakfundazioaeuskadi.org\/es\/wp-json\/wp\/v2\/media\/73640"}],"wp:attachment":[{"href":"https:\/\/ospitalarioakfundazioaeuskadi.org\/es\/wp-json\/wp\/v2\/media?parent=73632"}],"wp:term":[{"taxonomy":"category","embeddable":true,"href":"https:\/\/ospitalarioakfundazioaeuskadi.org\/es\/wp-json\/wp\/v2\/categories?post=73632"},{"taxonomy":"post_tag","embeddable":true,"href":"https:\/\/ospitalarioakfundazioaeuskadi.org\/es\/wp-json\/wp\/v2\/tags?post=73632"},{"taxonomy":"linea-asistencial","embeddable":true,"href":"https:\/\/ospitalarioakfundazioaeuskadi.org\/es\/wp-json\/wp\/v2\/linea-asistencial?post=73632"}],"curies":[{"name":"wp","href":"https:\/\/api.w.org\/{rel}","templated":true}]}}