{"id":73672,"date":"2025-06-09T08:43:14","date_gmt":"2025-06-09T08:43:14","guid":{"rendered":"https:\/\/ospitalarioakfundazioaeuskadi.org\/?p=73672"},"modified":"2025-06-09T08:43:14","modified_gmt":"2025-06-09T08:43:14","slug":"pacientes-larga-estancia-vacaciones-salou","status":"publish","type":"post","link":"https:\/\/ospitalarioakfundazioaeuskadi.org\/es\/pacientes-larga-estancia-vacaciones-salou\/","title":{"rendered":"Vacaciones en Salou para nuestros pacientes de larga estancia"},"content":{"rendered":"<p>Del 26 de mayo al 1 de junio, un grupo de veinte pacientes de las unidades de larga estancia de <a href=\"\/es\/\">Ospitalarioak Fundazioa Euskadi<\/a> ha disfrutado de unas bonitas vacaciones en la costa mediterr\u00e1nea. Si <a href=\"https:\/\/ospitalarioakfundazioaeuskadi.org\/es\/pacientes-larga-estancia-vacaciones-peniscola\/\">el a\u00f1o pasado fueron a Pe\u00f1\u00edscola<\/a>, esta vez el destino elegido ha sido <strong>Salou<\/strong>, donde han podido desconectar de la rutina del hospital, disfrutar del mar y compartir momentos especiales en un entorno diferente.<\/p>\n<p>Durante la estancia, han estado acompa\u00f1ados por las auxiliares de larga estancia <strong>Zaida Del R\u00edo<\/strong> y <strong>Nora Khaldoun<\/strong>, que han viajado con ellos junto con la enfermera de la <a href=\"https:\/\/ospitalarioakfundazioaeuskadi.org\/es\/unidad\/unidad-psiquiatria-legal-mondragon\/\">Unidad de Psiquiatr\u00eda Legal<\/a> <strong>Loli Herrero <\/strong>y la supervisora de dicha unidad y del resto de <a href=\"https:\/\/ospitalarioakfundazioaeuskadi.org\/es\/que-hacemos\/salud-mental\/\">dispositivos de media y larga estancia<\/a>, <strong>Mercedes Go\u00f1i<\/strong>. El grupo al completo ha compartido una semana llena de actividades, ocio y bienestar, en un ambiente de convivencia distendido y alegre.<\/p>\n<h2>Excursi\u00f3n a Port Aventura<\/h2>\n<p>Aparte de ir a la playa y aprovechar las piscinas y magn\u00edficas instalaciones del hotel, hubo tres d\u00edas destacables. El 28 de mayo realizaron una visita al Parc Sam\u00e0, de Cambrils, un jard\u00edn hist\u00f3rico privado declarado Bien Cultural de Inter\u00e9s Nacional, donde disfrutaron del entorno natural y los animales. Un plan tranquilo antes de uno de los momentos m\u00e1s esperados del viaje: la excursi\u00f3n a Port Aventura. El 30 de mayo, en el parque tem\u00e1tico vivieron una jornada de emoci\u00f3n, de risas y diversi\u00f3n dif\u00edcil de olvidar, al igual que la celebraci\u00f3n, el d\u00eda 29, del 55 cumplea\u00f1os de una de las pacientes integrantes del grupo.<\/p>\n<div id='gallery-1' class='gallery galleryid-73672 gallery-columns-3 gallery-size-thumbnail'><figure class='gallery-item'>\n\t\t\t<div class='gallery-icon landscape'>\n\t\t\t\t<a href='https:\/\/ospitalarioakfundazioaeuskadi.org\/wp-content\/uploads\/2025\/06\/Pacientes-ULE_SALOU.jpg'><img loading=\"lazy\" decoding=\"async\" width=\"200\" height=\"200\" src=\"https:\/\/ospitalarioakfundazioaeuskadi.org\/wp-content\/uploads\/2025\/06\/Pacientes-ULE_SALOU-200x200.jpg\" class=\"attachment-thumbnail size-thumbnail\" alt=\"\" title=\"\"><\/a>\n\t\t\t<\/div><\/figure><figure class='gallery-item'>\n\t\t\t<div class='gallery-icon landscape'>\n\t\t\t\t<a href='https:\/\/ospitalarioakfundazioaeuskadi.org\/wp-content\/uploads\/2025\/06\/Equipo-OFE_Salou.jpg'><img loading=\"lazy\" decoding=\"async\" width=\"200\" height=\"200\" src=\"https:\/\/ospitalarioakfundazioaeuskadi.org\/wp-content\/uploads\/2025\/06\/Equipo-OFE_Salou-200x200.jpg\" class=\"attachment-thumbnail size-thumbnail\" alt=\"\" title=\"\"><\/a>\n\t\t\t<\/div><\/figure><figure class='gallery-item'>\n\t\t\t<div class='gallery-icon landscape'>\n\t\t\t\t<a href='https:\/\/ospitalarioakfundazioaeuskadi.org\/wp-content\/uploads\/2025\/06\/Pacientes-Salou-ULE.jpg'><img loading=\"lazy\" decoding=\"async\" width=\"200\" height=\"200\" src=\"https:\/\/ospitalarioakfundazioaeuskadi.org\/wp-content\/uploads\/2025\/06\/Pacientes-Salou-ULE-200x200.jpg\" class=\"attachment-thumbnail size-thumbnail\" alt=\"\" title=\"\"><\/a>\n\t\t\t<\/div><\/figure>\n\t\t<\/div>\n\n<p>Como ocurre cada a\u00f1o, estos d\u00edas fuera del entorno hospitalario tienen un valor terap\u00e9utico a\u00f1adido y constituyen una experiencia gratificante, lejos de la rutina diaria. Favorecen las relaciones personales, permiten la pr\u00e1ctica de habilidades sociales en otros contextos, refuerzan la autoestima y promueven la autonom\u00eda. \u201cEl sol, el mar, el rato en los hidropedales, la visita a Salou en el tren tur\u00edstico, las atracciones, los espect\u00e1culos&#8230; hicieron que todos disfrut\u00e1ramos como ni\u00f1os\u201d, relata <strong>Mercedes Go\u00f1i<\/strong>, subrayando que las vacaciones contribuyen a la buena salud.<\/p>\n","protected":false},"excerpt":{"rendered":"<div class=\"entry-summary\">\nDel 26 de mayo al 1 de junio, un grupo de veinte pacientes de las unidades de larga estancia de Ospitalarioak Fundazioa Euskadi ha disfrutado de unas bonitas vacaciones en la costa mediterr\u00e1nea. Si el a\u00f1o pasado fueron a Pe\u00f1\u00edscola,&hellip;\n<\/div>\n<div class=\"link-more\"><a href=\"https:\/\/ospitalarioakfundazioaeuskadi.org\/es\/pacientes-larga-estancia-vacaciones-salou\/\" class=\"more-link\">Seguir leyendo<span class=\"screen-reader-text\"> &ldquo;Vacaciones en Salou para nuestros pacientes de larga estancia&rdquo;<\/span>&hellip;<\/a><\/div>\n","protected":false},"author":5,"featured_media":73673,"comment_status":"closed","ping_status":"closed","sticky":false,"template":"","format":"standard","meta":{"footnotes":""},"categories":[646],"tags":[],"linea-asistencial":[979],"class_list":["post-73672","post","type-post","status-publish","format-standard","has-post-thumbnail","hentry","category-aita-menni","linea-asistencial-1-salud-mental","entry"],"_links":{"self":[{"href":"https:\/\/ospitalarioakfundazioaeuskadi.org\/es\/wp-json\/wp\/v2\/posts\/73672","targetHints":{"allow":["GET"]}}],"collection":[{"href":"https:\/\/ospitalarioakfundazioaeuskadi.org\/es\/wp-json\/wp\/v2\/posts"}],"about":[{"href":"https:\/\/ospitalarioakfundazioaeuskadi.org\/es\/wp-json\/wp\/v2\/types\/post"}],"author":[{"embeddable":true,"href":"https:\/\/ospitalarioakfundazioaeuskadi.org\/es\/wp-json\/wp\/v2\/users\/5"}],"replies":[{"embeddable":true,"href":"https:\/\/ospitalarioakfundazioaeuskadi.org\/es\/wp-json\/wp\/v2\/comments?post=73672"}],"version-history":[{"count":3,"href":"https:\/\/ospitalarioakfundazioaeuskadi.org\/es\/wp-json\/wp\/v2\/posts\/73672\/revisions"}],"predecessor-version":[{"id":73713,"href":"https:\/\/ospitalarioakfundazioaeuskadi.org\/es\/wp-json\/wp\/v2\/posts\/73672\/revisions\/73713"}],"wp:featuredmedia":[{"embeddable":true,"href":"https:\/\/ospitalarioakfundazioaeuskadi.org\/es\/wp-json\/wp\/v2\/media\/73673"}],"wp:attachment":[{"href":"https:\/\/ospitalarioakfundazioaeuskadi.org\/es\/wp-json\/wp\/v2\/media?parent=73672"}],"wp:term":[{"taxonomy":"category","embeddable":true,"href":"https:\/\/ospitalarioakfundazioaeuskadi.org\/es\/wp-json\/wp\/v2\/categories?post=73672"},{"taxonomy":"post_tag","embeddable":true,"href":"https:\/\/ospitalarioakfundazioaeuskadi.org\/es\/wp-json\/wp\/v2\/tags?post=73672"},{"taxonomy":"linea-asistencial","embeddable":true,"href":"https:\/\/ospitalarioakfundazioaeuskadi.org\/es\/wp-json\/wp\/v2\/linea-asistencial?post=73672"}],"curies":[{"name":"wp","href":"https:\/\/api.w.org\/{rel}","templated":true}]}}