{"id":73730,"date":"2025-06-11T13:05:44","date_gmt":"2025-06-11T13:05:44","guid":{"rendered":"https:\/\/ospitalarioakfundazioaeuskadi.org\/?p=73730"},"modified":"2025-06-11T13:05:44","modified_gmt":"2025-06-11T13:05:44","slug":"conducta-suicida-terapia-contextual-formacion","status":"publish","type":"post","link":"https:\/\/ospitalarioakfundazioaeuskadi.org\/es\/conducta-suicida-terapia-contextual-formacion\/","title":{"rendered":"Formaci\u00f3n sobre el abordaje psicol\u00f3gico de la conducta suicida desde la terapia contextual"},"content":{"rendered":"<p>Nuestro <a href=\"https:\/\/ospitalarioakfundazioaeuskadi.org\/es\/centro\/hospital-aita-menni\/\">hospital de Mondrag\u00f3n<\/a> acogi\u00f3 el pasado viernes, d\u00eda 6, una acci\u00f3n formativa especialmente relevante para los profesionales de la salud mental de <a href=\"\/es\/\">Ospitalarioak Fundazioa Euskadi<\/a>: el curso \u201cAbordaje psicol\u00f3gico de la conducta suicida desde la terapia contextual\u201d. En esta jornada \u2014impartida por la doctora <strong>Flor Zald\u00edvar Basurto<\/strong>, especialista en el comportamiento suicida desde el enfoque contextual y autora de publicaciones de referencia en la materia\u2014 participaron 20 profesionales de nuestra \u00e1rea de Psicolog\u00eda junto a cinco estudiantes del M\u00e1ster General Sanitario.<\/p>\n<p>El estudio de la conducta suicida, en su dimensi\u00f3n explicativa y predictiva, sigue siendo uno retos m\u00e1s complejos de la de la investigaci\u00f3n psicol\u00f3gica. La perspectiva contextual no considera el suicidio como s\u00edntoma de una enfermedad mental, sino como una \u201cpseudosoluci\u00f3n\u201d a un sufrimiento humano extremo, en el que interact\u00faan m\u00faltiples variables personales y contextuales.<\/p>\n<p>Organizada dentro del plan de formaci\u00f3n continua de Ospitalarioak Fundazioa Euskadi y coordinada por la responsable del Departamento de Psicolog\u00eda, <a href=\"https:\/\/ospitalarioakfundazioaeuskadi.org\/es\/autor\/ana-isabel-dominguez-panchon\/\"><strong>Ana I. Dom\u00ednguez Panch\u00f3n<\/strong><\/a>, esta acci\u00f3n formativa tuvo una duraci\u00f3n de cinco horas y estuvo dirigida a profesionales del \u00e1mbito sanitario y psicosocial. Su objetivo: proporcionar herramientas actualizadas y basadas en la evidencia para comprender, analizar e intervenir cl\u00ednicamente en los distintos momentos del comportamiento suicida.<\/p>\n<h2>Conducta suicida: formaci\u00f3n para la prevenci\u00f3n e intervenci\u00f3n<\/h2>\n<p>Este curso aporta un grado de especializaci\u00f3n significativo en una tem\u00e1tica compleja, sensible y muy presente en nuestros entornos cl\u00ednicos y comunitarios. Entre los contenidos abordados, adem\u00e1s de aspectos te\u00f3ricos y terminol\u00f3gicos, destacan:<\/p>\n<ul>\n<li>Mitos sobre el suicidio, sus factores de riesgo y protecci\u00f3n.<\/li>\n<li>La perspectiva contextual en la conducta suicida.<\/li>\n<li>El an\u00e1lisis funcional-contextual de la conducta suicida: antecedentes y factores contextuales; las dimensiones de personalidad y vulnerabilidad; caracterizaci\u00f3n de la conducta suicida, y consecuentes.<\/li>\n<li>Las bases y aplicaciones cl\u00ednicas de las terapias contextuales.<\/li>\n<li>Claves para la pr\u00e1ctica cl\u00ednica desde el modelo contextual.<\/li>\n<li>La importancia de la relaci\u00f3n terap\u00e9utica y el v\u00ednculo como elementos centrales de la intervenci\u00f3n.<\/li>\n<\/ul>\n<p>Uno de los aspectos m\u00e1s valorados por el grupo de psic\u00f3logas y psic\u00f3logos asistentes fue la claridad de la profesora invitada y en el enfoque pr\u00e1ctico de la formaci\u00f3n, que combin\u00f3 la comprensi\u00f3n te\u00f3rica rigurosa del fen\u00f3meno suicida con orientaciones pr\u00e1cticas para su abordaje cl\u00ednico. La ponente subray\u00f3 que, seg\u00fan el modelo contextual, la conducta suicida no debe entenderse de forma aislada o exclusivamente sintom\u00e1tica, sino como una respuesta que adquiere sentido dentro de la historia y el contexto vital de cada persona.<\/p>\n<p><a href=\"https:\/\/ospitalarioakfundazioaeuskadi.org\/wp-content\/uploads\/2025\/06\/Formacion-conducta-suicida06062025.jpg\"><img loading=\"lazy\" decoding=\"async\" class=\"alignnone wp-image-73738 size-large\" src=\"https:\/\/ospitalarioakfundazioaeuskadi.org\/wp-content\/uploads\/2025\/06\/Formacion-conducta-suicida06062025-850x478.jpg\" alt=\"Una diapositiva sobre la conducta suicida en la pantalla de un ordenador\" width=\"850\" height=\"478\" title=\"\" srcset=\"https:\/\/ospitalarioakfundazioaeuskadi.org\/wp-content\/uploads\/2025\/06\/Formacion-conducta-suicida06062025-850x478.jpg 850w, https:\/\/ospitalarioakfundazioaeuskadi.org\/wp-content\/uploads\/2025\/06\/Formacion-conducta-suicida06062025-425x239.jpg 425w, https:\/\/ospitalarioakfundazioaeuskadi.org\/wp-content\/uploads\/2025\/06\/Formacion-conducta-suicida06062025-768x432.jpg 768w, https:\/\/ospitalarioakfundazioaeuskadi.org\/wp-content\/uploads\/2025\/06\/Formacion-conducta-suicida06062025.jpg 950w\" sizes=\"auto, (max-width: 850px) 100vw, 850px\" \/><\/a><\/p>\n<p>Este enfoque contextual sit\u00faa en el centro la funcionalidad de la conducta, considerando los antecedentes, las vulnerabilidades personales y los consecuentes que la mantienen, y subraya el papel clave de la relaci\u00f3n terap\u00e9utica como herramienta de validaci\u00f3n, acompa\u00f1amiento y cambio.<\/p>\n<p>Las terapias contextuales tratan de comprender al paciente como un ser humano que lucha por sobrevivir emocionalmente y cuya conducta, incluso en sus formas m\u00e1s extremas, tiene una funci\u00f3n. El modelo contextual subraya la importancia de entender el significado del acto suicida para cada persona, sin reducirlo a etiquetas diagn\u00f3sticas, as\u00ed como la importancia de establecer una relaci\u00f3n terap\u00e9utica que ofrezca un espacio seguro al paciente, desde el respeto, la aceptaci\u00f3n y la comprensi\u00f3n del sufrimiento.<\/p>\n<p>Esta acci\u00f3n formativa de Ospitalarioak Fundazioa Euskadi remarca la importancia de la formaci\u00f3n continua, la supervisi\u00f3n y el desarrollo programas especializados para abordar problem\u00e1ticas complejas de la salud mental.<\/p>\n","protected":false},"excerpt":{"rendered":"<div class=\"entry-summary\">\nNuestro hospital de Mondrag\u00f3n acogi\u00f3 el pasado viernes, d\u00eda 6, una acci\u00f3n formativa especialmente relevante para los profesionales de la salud mental de Ospitalarioak Fundazioa Euskadi: el curso \u201cAbordaje psicol\u00f3gico de la conducta suicida desde la terapia contextual\u201d. En esta&hellip;\n<\/div>\n<div class=\"link-more\"><a href=\"https:\/\/ospitalarioakfundazioaeuskadi.org\/es\/conducta-suicida-terapia-contextual-formacion\/\" class=\"more-link\">Seguir leyendo<span class=\"screen-reader-text\"> &ldquo;Formaci\u00f3n sobre el abordaje psicol\u00f3gico de la conducta suicida desde la terapia contextual&rdquo;<\/span>&hellip;<\/a><\/div>\n","protected":false},"author":5,"featured_media":73731,"comment_status":"closed","ping_status":"closed","sticky":false,"template":"","format":"standard","meta":{"footnotes":""},"categories":[646,1036,1008],"tags":[],"linea-asistencial":[979],"class_list":["post-73730","post","type-post","status-publish","format-standard","has-post-thumbnail","hentry","category-aita-menni","category-conocimiento","category-hospital-aita-menni","linea-asistencial-1-salud-mental","entry"],"_links":{"self":[{"href":"https:\/\/ospitalarioakfundazioaeuskadi.org\/es\/wp-json\/wp\/v2\/posts\/73730","targetHints":{"allow":["GET"]}}],"collection":[{"href":"https:\/\/ospitalarioakfundazioaeuskadi.org\/es\/wp-json\/wp\/v2\/posts"}],"about":[{"href":"https:\/\/ospitalarioakfundazioaeuskadi.org\/es\/wp-json\/wp\/v2\/types\/post"}],"author":[{"embeddable":true,"href":"https:\/\/ospitalarioakfundazioaeuskadi.org\/es\/wp-json\/wp\/v2\/users\/5"}],"replies":[{"embeddable":true,"href":"https:\/\/ospitalarioakfundazioaeuskadi.org\/es\/wp-json\/wp\/v2\/comments?post=73730"}],"version-history":[{"count":3,"href":"https:\/\/ospitalarioakfundazioaeuskadi.org\/es\/wp-json\/wp\/v2\/posts\/73730\/revisions"}],"predecessor-version":[{"id":73766,"href":"https:\/\/ospitalarioakfundazioaeuskadi.org\/es\/wp-json\/wp\/v2\/posts\/73730\/revisions\/73766"}],"wp:featuredmedia":[{"embeddable":true,"href":"https:\/\/ospitalarioakfundazioaeuskadi.org\/es\/wp-json\/wp\/v2\/media\/73731"}],"wp:attachment":[{"href":"https:\/\/ospitalarioakfundazioaeuskadi.org\/es\/wp-json\/wp\/v2\/media?parent=73730"}],"wp:term":[{"taxonomy":"category","embeddable":true,"href":"https:\/\/ospitalarioakfundazioaeuskadi.org\/es\/wp-json\/wp\/v2\/categories?post=73730"},{"taxonomy":"post_tag","embeddable":true,"href":"https:\/\/ospitalarioakfundazioaeuskadi.org\/es\/wp-json\/wp\/v2\/tags?post=73730"},{"taxonomy":"linea-asistencial","embeddable":true,"href":"https:\/\/ospitalarioakfundazioaeuskadi.org\/es\/wp-json\/wp\/v2\/linea-asistencial?post=73730"}],"curies":[{"name":"wp","href":"https:\/\/api.w.org\/{rel}","templated":true}]}}