{"id":73814,"date":"2025-06-13T12:11:00","date_gmt":"2025-06-13T12:11:00","guid":{"rendered":"https:\/\/ospitalarioakfundazioaeuskadi.org\/?p=73814"},"modified":"2025-06-13T12:12:16","modified_gmt":"2025-06-13T12:12:16","slug":"inaki-madariaga-jornada-salud-mental-penitenciaria-sant-joan-de-deu","status":"publish","type":"post","link":"https:\/\/ospitalarioakfundazioaeuskadi.org\/es\/inaki-madariaga-jornada-salud-mental-penitenciaria-sant-joan-de-deu\/","title":{"rendered":"Nuestro psiquiatra I\u00f1aki Madariaga alerta sobre la vulnerabilidad de los presos con enfermedad mental grave"},"content":{"rendered":"<p>El psiquiatra <strong>I\u00f1aki Madariaga<\/strong>, responsable de la <a href=\"https:\/\/ospitalarioakfundazioaeuskadi.org\/es\/unidad\/unidad-psiquiatria-legal-mondragon\/\">Unidad de Psiquiatr\u00eda Legal<\/a> de <a href=\"\/es\/\">Ospitalarioak Fundazioa Euskadi<\/a>, alert\u00f3 ayer de la situaci\u00f3n de vulnerabilidad que sufren las personas recluidas en prisiones con trastornos mentales graves. \u201cSi hay alguien socialmente desfavorecido, son ellos\u201d, afirm\u00f3 en la I Jornada de Salud Mental Penitenciaria, organizada por el <a href=\"https:\/\/www.pssjd.org\/\" target=\"_blank\" rel=\"nofollow noopener\">Parc Sanitari Sant Joan de D\u00e9u<\/a> en Sant Boi de Llobregat (Barcelona).<\/p>\n<p>Durante su intervenci\u00f3n en la mesa titulada <strong>\u201cTrastorno mental grave en el \u00e1mbito penal: retos y realidades del modelo de atenci\u00f3n sanitaria y judicial\u201d<\/strong>, el doctor <strong>Madariaga<\/strong> se\u00f1al\u00f3 que la atenci\u00f3n que reciben estos internos en prisi\u00f3n \u201cno es especialmente favorable\u201d y cifr\u00f3 en unas 59.000 las personas privadas de libertad con alguna patolog\u00eda mental, de las cuales alrededor de 4.000 sufren enfermedades psiqui\u00e1tricas graves.<\/p>\n<p>Nuestro psiquiatra explic\u00f3 que la Unidad de Psiquiatr\u00eda Legal, con 20 camas y en funcionamiento desde 2013, acoge a pacientes que han cometido delitos graves en el contexto de su enfermedad mental y que cumplen una medida de seguridad impuesta por sentencia judicial. En estos casos, el objetivo es la estabilizaci\u00f3n cl\u00ednica del paciente en un entorno hospitalario, para su posterior traslado a una unidad convencional o, si persiste la inestabilidad, a un centro civil.<\/p>\n<p>El doctor<strong> Madariaga<\/strong> destac\u00f3 que el personal sanitario gestiona \u00edntegramente a los pacientes y que no ha sido necesario recurrir a la intervenci\u00f3n de cuerpos policiales como la Ertzaintza: \u201cNunca han tenido que entrar\u201d.<\/p>\n<h2>Salud mental penitenciaria: entre lo legal y lo m\u00e9dico<\/h2>\n<p>En la misma mesa redonda, <strong>Susana L\u00f3pez<\/strong>, fiscal del Servicio de Vigilancia Penitenciaria de la Fiscal\u00eda de Barcelona, incidi\u00f3 en la existencia de dos v\u00edas jur\u00eddicas tras un delito: las penas y las medidas de seguridad. Estas \u00faltimas, explic\u00f3, est\u00e1n orientadas a la \u201ccuraci\u00f3n o inocuizaci\u00f3n\u201d de personas que cometen delitos en el contexto de una enfermedad mental y presentan riesgos en caso de no recibir tratamiento adecuado.<\/p>\n<p>Record\u00f3 que las medidas de seguridad pueden implicar internamientos \u2014ya sea en centros psiqui\u00e1tricos, educativos especiales o de deshabituaci\u00f3n\u2014 y est\u00e1n destinadas a personas declaradas exentas de responsabilidad criminal. En Espa\u00f1a solo hay tres unidades psiqui\u00e1tricas penitenciarias: en Alicante, Sevilla y Catalu\u00f1a (Brians 1), aunque L\u00f3pez subray\u00f3 que el Defensor del Pueblo ha recomendado que esta \u00faltima se ubique fuera del recinto carcelario para primar su car\u00e1cter asistencial.<\/p>\n<p>La fiscal concluy\u00f3 que \u201clos m\u00e9dicos son quienes entienden de salud mental, no los juristas\u201d, y lament\u00f3 que, en ocasiones, lo m\u00e1s adecuado desde el punto de vista cl\u00ednico \u201cno puede aplicarse legalmente\u201d.<\/p>\n<h2>El papel de la medicina forense<\/h2>\n<p>Tambi\u00e9n intervino el doctor <strong>Luis Mar\u00eda Planchat<\/strong>, m\u00e9dico forense del Institut de Medicina Legal i Ci\u00e8ncies Forenses de Catalunya (IMLC), quien explic\u00f3 su labor en la evaluaci\u00f3n de personas con enfermedades mentales vinculadas al \u00e1mbito penal. A petici\u00f3n de jueces o fiscales, elabora informes sobre su estado de salud, autonom\u00eda funcional, peligrosidad, o la compatibilidad de su patolog\u00eda con la vida en prisi\u00f3n.<\/p>\n<p><strong>Planchat<\/strong> defendi\u00f3 la entrevista cl\u00ednica como herramienta fundamental de diagn\u00f3stico y record\u00f3 que su trabajo tambi\u00e9n incluye valorar si una enfermedad mental impide al recluso comprender el sentido de la pena que cumple.<\/p>\n","protected":false},"excerpt":{"rendered":"<div class=\"entry-summary\">\nEl psiquiatra I\u00f1aki Madariaga, responsable de la Unidad de Psiquiatr\u00eda Legal de Ospitalarioak Fundazioa Euskadi, alert\u00f3 ayer de la situaci\u00f3n de vulnerabilidad que sufren las personas recluidas en prisiones con trastornos mentales graves. \u201cSi hay alguien socialmente desfavorecido, son ellos\u201d,&hellip;\n<\/div>\n<div class=\"link-more\"><a href=\"https:\/\/ospitalarioakfundazioaeuskadi.org\/es\/inaki-madariaga-jornada-salud-mental-penitenciaria-sant-joan-de-deu\/\" class=\"more-link\">Seguir leyendo<span class=\"screen-reader-text\"> &ldquo;Nuestro psiquiatra I\u00f1aki Madariaga alerta sobre la vulnerabilidad de los presos con enfermedad mental grave&rdquo;<\/span>&hellip;<\/a><\/div>\n","protected":false},"author":1,"featured_media":73821,"comment_status":"closed","ping_status":"closed","sticky":false,"template":"","format":"standard","meta":{"footnotes":""},"categories":[646,1045],"tags":[],"linea-asistencial":[979],"class_list":["post-73814","post","type-post","status-publish","format-standard","has-post-thumbnail","hentry","category-aita-menni","category-psiquiatria-legal","linea-asistencial-1-salud-mental","entry"],"_links":{"self":[{"href":"https:\/\/ospitalarioakfundazioaeuskadi.org\/es\/wp-json\/wp\/v2\/posts\/73814","targetHints":{"allow":["GET"]}}],"collection":[{"href":"https:\/\/ospitalarioakfundazioaeuskadi.org\/es\/wp-json\/wp\/v2\/posts"}],"about":[{"href":"https:\/\/ospitalarioakfundazioaeuskadi.org\/es\/wp-json\/wp\/v2\/types\/post"}],"author":[{"embeddable":true,"href":"https:\/\/ospitalarioakfundazioaeuskadi.org\/es\/wp-json\/wp\/v2\/users\/1"}],"replies":[{"embeddable":true,"href":"https:\/\/ospitalarioakfundazioaeuskadi.org\/es\/wp-json\/wp\/v2\/comments?post=73814"}],"version-history":[{"count":3,"href":"https:\/\/ospitalarioakfundazioaeuskadi.org\/es\/wp-json\/wp\/v2\/posts\/73814\/revisions"}],"predecessor-version":[{"id":73825,"href":"https:\/\/ospitalarioakfundazioaeuskadi.org\/es\/wp-json\/wp\/v2\/posts\/73814\/revisions\/73825"}],"wp:featuredmedia":[{"embeddable":true,"href":"https:\/\/ospitalarioakfundazioaeuskadi.org\/es\/wp-json\/wp\/v2\/media\/73821"}],"wp:attachment":[{"href":"https:\/\/ospitalarioakfundazioaeuskadi.org\/es\/wp-json\/wp\/v2\/media?parent=73814"}],"wp:term":[{"taxonomy":"category","embeddable":true,"href":"https:\/\/ospitalarioakfundazioaeuskadi.org\/es\/wp-json\/wp\/v2\/categories?post=73814"},{"taxonomy":"post_tag","embeddable":true,"href":"https:\/\/ospitalarioakfundazioaeuskadi.org\/es\/wp-json\/wp\/v2\/tags?post=73814"},{"taxonomy":"linea-asistencial","embeddable":true,"href":"https:\/\/ospitalarioakfundazioaeuskadi.org\/es\/wp-json\/wp\/v2\/linea-asistencial?post=73814"}],"curies":[{"name":"wp","href":"https:\/\/api.w.org\/{rel}","templated":true}]}}