{"id":75007,"date":"2025-09-10T17:43:41","date_gmt":"2025-09-10T17:43:41","guid":{"rendered":"https:\/\/ospitalarioakfundazioaeuskadi.org\/?p=75007"},"modified":"2025-09-12T09:25:51","modified_gmt":"2025-09-12T09:25:51","slug":"residencia-txurdinagabarri-fin-verano-2025","status":"publish","type":"post","link":"https:\/\/ospitalarioakfundazioaeuskadi.org\/es\/residencia-txurdinagabarri-fin-verano-2025\/","title":{"rendered":"Un final de verano intenso en Txurdinagabarri"},"content":{"rendered":"<p>Este final de verano hemos vivido momentos muy especiales. En la <a href=\"https:\/\/ospitalarioakfundazioaeuskadi.org\/es\/centro\/residencia-mayores-bilbao-txurdinagabarri\/\">Residencia de personas mayores Txurdinagabarri<\/a>, en Bilbao, hemos realizado tres salidas a la playa: dos a Ereaga (Getxo) y una a La Arena (Zierbena).<\/p>\n<p>En todas ellas, hemos contado con el servicio de ba\u00f1o adaptado que ofrece la Diputaci\u00f3n Foral de Bizkaia, lo que permiti\u00f3 a nuestros y nuestras residentes disfrutar del agua con total seguridad y comodidad. El personal encargado del ba\u00f1o adaptado fue especialmente amable y atento, algo que tanto residentes como acompa\u00f1antes agradecieron mucho.<\/p>\n<p>Adem\u00e1s del ba\u00f1o, aprovechamos cada jornada para pasear, tomar algo y comer alg\u00fan pintxo que otro en alguno de los bares cercanos. Fue una manera estupenda de compartir tiempo, re\u00edrnos y disfrutar del buen tiempo.<\/p>\n<p>A estas salidas se sumaron tambi\u00e9n algunas familias, lo que hizo la experiencia a\u00fan m\u00e1s enriquecedora.<\/p>\n<div id='gallery-1' class='gallery galleryid-75007 gallery-columns-4 gallery-size-thumbnail'><figure class='gallery-item'>\n\t\t\t<div class='gallery-icon portrait'>\n\t\t\t\t<a href='https:\/\/ospitalarioakfundazioaeuskadi.org\/wp-content\/uploads\/2025\/09\/20250910-txurdinagabarri-playa-1.jpg'><img loading=\"lazy\" decoding=\"async\" width=\"200\" height=\"200\" src=\"https:\/\/ospitalarioakfundazioaeuskadi.org\/wp-content\/uploads\/2025\/09\/20250910-txurdinagabarri-playa-1-200x200.jpg\" class=\"attachment-thumbnail size-thumbnail\" alt=\"\" title=\"\"><\/a>\n\t\t\t<\/div><\/figure><figure class='gallery-item'>\n\t\t\t<div class='gallery-icon portrait'>\n\t\t\t\t<a href='https:\/\/ospitalarioakfundazioaeuskadi.org\/wp-content\/uploads\/2025\/09\/20250910-txurdinagabarri-playa-2.jpg'><img loading=\"lazy\" decoding=\"async\" width=\"200\" height=\"200\" src=\"https:\/\/ospitalarioakfundazioaeuskadi.org\/wp-content\/uploads\/2025\/09\/20250910-txurdinagabarri-playa-2-200x200.jpg\" class=\"attachment-thumbnail size-thumbnail\" alt=\"\" title=\"\"><\/a>\n\t\t\t<\/div><\/figure><figure class='gallery-item'>\n\t\t\t<div class='gallery-icon portrait'>\n\t\t\t\t<a href='https:\/\/ospitalarioakfundazioaeuskadi.org\/wp-content\/uploads\/2025\/09\/20250910-txurdinagabarri-playa-3.jpg'><img loading=\"lazy\" decoding=\"async\" width=\"200\" height=\"200\" src=\"https:\/\/ospitalarioakfundazioaeuskadi.org\/wp-content\/uploads\/2025\/09\/20250910-txurdinagabarri-playa-3-200x200.jpg\" class=\"attachment-thumbnail size-thumbnail\" alt=\"\" title=\"\"><\/a>\n\t\t\t<\/div><\/figure><figure class='gallery-item'>\n\t\t\t<div class='gallery-icon portrait'>\n\t\t\t\t<a href='https:\/\/ospitalarioakfundazioaeuskadi.org\/wp-content\/uploads\/2025\/09\/20250910-txurdinagabarri-playa-4.jpg'><img loading=\"lazy\" decoding=\"async\" width=\"200\" height=\"200\" src=\"https:\/\/ospitalarioakfundazioaeuskadi.org\/wp-content\/uploads\/2025\/09\/20250910-txurdinagabarri-playa-4-200x200.jpg\" class=\"attachment-thumbnail size-thumbnail\" alt=\"\" title=\"\"><\/a>\n\t\t\t<\/div><\/figure><figure class='gallery-item'>\n\t\t\t<div class='gallery-icon portrait'>\n\t\t\t\t<a href='https:\/\/ospitalarioakfundazioaeuskadi.org\/wp-content\/uploads\/2025\/09\/20250910-txurdinagabarri-playa-5.jpg'><img loading=\"lazy\" decoding=\"async\" width=\"200\" height=\"200\" src=\"https:\/\/ospitalarioakfundazioaeuskadi.org\/wp-content\/uploads\/2025\/09\/20250910-txurdinagabarri-playa-5-200x200.jpg\" class=\"attachment-thumbnail size-thumbnail\" alt=\"\" title=\"\"><\/a>\n\t\t\t<\/div><\/figure><figure class='gallery-item'>\n\t\t\t<div class='gallery-icon portrait'>\n\t\t\t\t<a href='https:\/\/ospitalarioakfundazioaeuskadi.org\/wp-content\/uploads\/2025\/09\/20250910-txurdinagabarri-playa-6.jpg'><img loading=\"lazy\" decoding=\"async\" width=\"200\" height=\"200\" src=\"https:\/\/ospitalarioakfundazioaeuskadi.org\/wp-content\/uploads\/2025\/09\/20250910-txurdinagabarri-playa-6-200x200.jpg\" class=\"attachment-thumbnail size-thumbnail\" alt=\"\" title=\"\"><\/a>\n\t\t\t<\/div><\/figure><figure class='gallery-item'>\n\t\t\t<div class='gallery-icon landscape'>\n\t\t\t\t<a href='https:\/\/ospitalarioakfundazioaeuskadi.org\/wp-content\/uploads\/2025\/09\/20250910-txurdinagabarri-playa-7.jpg'><img loading=\"lazy\" decoding=\"async\" width=\"200\" height=\"200\" src=\"https:\/\/ospitalarioakfundazioaeuskadi.org\/wp-content\/uploads\/2025\/09\/20250910-txurdinagabarri-playa-7-200x200.jpg\" class=\"attachment-thumbnail size-thumbnail\" alt=\"\" title=\"\"><\/a>\n\t\t\t<\/div><\/figure><figure class='gallery-item'>\n\t\t\t<div class='gallery-icon portrait'>\n\t\t\t\t<a href='https:\/\/ospitalarioakfundazioaeuskadi.org\/wp-content\/uploads\/2025\/09\/20250910-txurdinagabarri-playa-8.jpg'><img loading=\"lazy\" decoding=\"async\" width=\"200\" height=\"200\" src=\"https:\/\/ospitalarioakfundazioaeuskadi.org\/wp-content\/uploads\/2025\/09\/20250910-txurdinagabarri-playa-8-200x200.jpg\" class=\"attachment-thumbnail size-thumbnail\" alt=\"\" title=\"\"><\/a>\n\t\t\t<\/div><\/figure><figure class='gallery-item'>\n\t\t\t<div class='gallery-icon portrait'>\n\t\t\t\t<a href='https:\/\/ospitalarioakfundazioaeuskadi.org\/wp-content\/uploads\/2025\/09\/20250910-txurdinagabarri-playa-9.jpg'><img loading=\"lazy\" decoding=\"async\" width=\"200\" height=\"200\" src=\"https:\/\/ospitalarioakfundazioaeuskadi.org\/wp-content\/uploads\/2025\/09\/20250910-txurdinagabarri-playa-9-200x200.jpg\" class=\"attachment-thumbnail size-thumbnail\" alt=\"\" title=\"\"><\/a>\n\t\t\t<\/div><\/figure><figure class='gallery-item'>\n\t\t\t<div class='gallery-icon portrait'>\n\t\t\t\t<a href='https:\/\/ospitalarioakfundazioaeuskadi.org\/wp-content\/uploads\/2025\/09\/20250910-txurdinagabarri-playa-10.jpg'><img loading=\"lazy\" decoding=\"async\" width=\"200\" height=\"200\" src=\"https:\/\/ospitalarioakfundazioaeuskadi.org\/wp-content\/uploads\/2025\/09\/20250910-txurdinagabarri-playa-10-200x200.jpg\" class=\"attachment-thumbnail size-thumbnail\" alt=\"\" title=\"\"><\/a>\n\t\t\t<\/div><\/figure><figure class='gallery-item'>\n\t\t\t<div class='gallery-icon portrait'>\n\t\t\t\t<a href='https:\/\/ospitalarioakfundazioaeuskadi.org\/wp-content\/uploads\/2025\/09\/20250910-txurdinagabarri-playa-11.jpg'><img loading=\"lazy\" decoding=\"async\" width=\"200\" height=\"200\" src=\"https:\/\/ospitalarioakfundazioaeuskadi.org\/wp-content\/uploads\/2025\/09\/20250910-txurdinagabarri-playa-11-200x200.jpg\" class=\"attachment-thumbnail size-thumbnail\" alt=\"\" title=\"\"><\/a>\n\t\t\t<\/div><\/figure><figure class='gallery-item'>\n\t\t\t<div class='gallery-icon portrait'>\n\t\t\t\t<a href='https:\/\/ospitalarioakfundazioaeuskadi.org\/wp-content\/uploads\/2025\/09\/20250910-txurdinagabarri-playa-12.jpg'><img loading=\"lazy\" decoding=\"async\" width=\"200\" height=\"200\" src=\"https:\/\/ospitalarioakfundazioaeuskadi.org\/wp-content\/uploads\/2025\/09\/20250910-txurdinagabarri-playa-12-200x200.jpg\" class=\"attachment-thumbnail size-thumbnail\" alt=\"\" title=\"\"><\/a>\n\t\t\t<\/div><\/figure><figure class='gallery-item'>\n\t\t\t<div class='gallery-icon portrait'>\n\t\t\t\t<a href='https:\/\/ospitalarioakfundazioaeuskadi.org\/wp-content\/uploads\/2025\/09\/20250910-txurdinagabarri-playa-13.jpg'><img loading=\"lazy\" decoding=\"async\" width=\"200\" height=\"200\" src=\"https:\/\/ospitalarioakfundazioaeuskadi.org\/wp-content\/uploads\/2025\/09\/20250910-txurdinagabarri-playa-13-200x200.jpg\" class=\"attachment-thumbnail size-thumbnail\" alt=\"\" title=\"\"><\/a>\n\t\t\t<\/div><\/figure><figure class='gallery-item'>\n\t\t\t<div class='gallery-icon portrait'>\n\t\t\t\t<a href='https:\/\/ospitalarioakfundazioaeuskadi.org\/wp-content\/uploads\/2025\/09\/20250910-txurdinagabarri-playa-14.jpg'><img loading=\"lazy\" decoding=\"async\" width=\"200\" height=\"200\" src=\"https:\/\/ospitalarioakfundazioaeuskadi.org\/wp-content\/uploads\/2025\/09\/20250910-txurdinagabarri-playa-14-200x200.jpg\" class=\"attachment-thumbnail size-thumbnail\" alt=\"\" title=\"\"><\/a>\n\t\t\t<\/div><\/figure><figure class='gallery-item'>\n\t\t\t<div class='gallery-icon portrait'>\n\t\t\t\t<a href='https:\/\/ospitalarioakfundazioaeuskadi.org\/wp-content\/uploads\/2025\/09\/20250910-txurdinagabarri-playa-15.jpg'><img loading=\"lazy\" decoding=\"async\" width=\"200\" height=\"200\" src=\"https:\/\/ospitalarioakfundazioaeuskadi.org\/wp-content\/uploads\/2025\/09\/20250910-txurdinagabarri-playa-15-200x200.jpg\" class=\"attachment-thumbnail size-thumbnail\" alt=\"\" title=\"\"><\/a>\n\t\t\t<\/div><\/figure><figure class='gallery-item'>\n\t\t\t<div class='gallery-icon portrait'>\n\t\t\t\t<a href='https:\/\/ospitalarioakfundazioaeuskadi.org\/wp-content\/uploads\/2025\/09\/20250910-txurdinagabarri-playa-16.jpg'><img loading=\"lazy\" decoding=\"async\" width=\"200\" height=\"200\" src=\"https:\/\/ospitalarioakfundazioaeuskadi.org\/wp-content\/uploads\/2025\/09\/20250910-txurdinagabarri-playa-16-200x200.jpg\" class=\"attachment-thumbnail size-thumbnail\" alt=\"\" title=\"\"><\/a>\n\t\t\t<\/div><\/figure><figure class='gallery-item'>\n\t\t\t<div class='gallery-icon portrait'>\n\t\t\t\t<a href='https:\/\/ospitalarioakfundazioaeuskadi.org\/wp-content\/uploads\/2025\/09\/20250910-txurdinagabarri-playa-17.jpg'><img loading=\"lazy\" decoding=\"async\" width=\"200\" height=\"200\" src=\"https:\/\/ospitalarioakfundazioaeuskadi.org\/wp-content\/uploads\/2025\/09\/20250910-txurdinagabarri-playa-17-200x200.jpg\" class=\"attachment-thumbnail size-thumbnail\" alt=\"\" title=\"\"><\/a>\n\t\t\t<\/div><\/figure><figure class='gallery-item'>\n\t\t\t<div class='gallery-icon portrait'>\n\t\t\t\t<a href='https:\/\/ospitalarioakfundazioaeuskadi.org\/wp-content\/uploads\/2025\/09\/20250910-txurdinagabarri-playa-18.jpg'><img loading=\"lazy\" decoding=\"async\" width=\"200\" height=\"200\" src=\"https:\/\/ospitalarioakfundazioaeuskadi.org\/wp-content\/uploads\/2025\/09\/20250910-txurdinagabarri-playa-18-200x200.jpg\" class=\"attachment-thumbnail size-thumbnail\" alt=\"\" title=\"\"><\/a>\n\t\t\t<\/div><\/figure><figure class='gallery-item'>\n\t\t\t<div class='gallery-icon portrait'>\n\t\t\t\t<a href='https:\/\/ospitalarioakfundazioaeuskadi.org\/wp-content\/uploads\/2025\/09\/20250910-txurdinagabarri-playa-19.jpg'><img loading=\"lazy\" decoding=\"async\" width=\"200\" height=\"200\" src=\"https:\/\/ospitalarioakfundazioaeuskadi.org\/wp-content\/uploads\/2025\/09\/20250910-txurdinagabarri-playa-19-200x200.jpg\" class=\"attachment-thumbnail size-thumbnail\" alt=\"\" title=\"\"><\/a>\n\t\t\t<\/div><\/figure><figure class='gallery-item'>\n\t\t\t<div class='gallery-icon portrait'>\n\t\t\t\t<a href='https:\/\/ospitalarioakfundazioaeuskadi.org\/wp-content\/uploads\/2025\/09\/20250910-txurdinagabarri-playa-20.jpg'><img loading=\"lazy\" decoding=\"async\" width=\"200\" height=\"200\" src=\"https:\/\/ospitalarioakfundazioaeuskadi.org\/wp-content\/uploads\/2025\/09\/20250910-txurdinagabarri-playa-20-200x200.jpg\" class=\"attachment-thumbnail size-thumbnail\" alt=\"\" title=\"\"><\/a>\n\t\t\t<\/div><\/figure><figure class='gallery-item'>\n\t\t\t<div class='gallery-icon portrait'>\n\t\t\t\t<a href='https:\/\/ospitalarioakfundazioaeuskadi.org\/wp-content\/uploads\/2025\/09\/20250910-txurdinagabarri-playa-21.jpg'><img loading=\"lazy\" decoding=\"async\" width=\"200\" height=\"200\" src=\"https:\/\/ospitalarioakfundazioaeuskadi.org\/wp-content\/uploads\/2025\/09\/20250910-txurdinagabarri-playa-21-200x200.jpg\" class=\"attachment-thumbnail size-thumbnail\" alt=\"\" title=\"\"><\/a>\n\t\t\t<\/div><\/figure><figure class='gallery-item'>\n\t\t\t<div class='gallery-icon portrait'>\n\t\t\t\t<a href='https:\/\/ospitalarioakfundazioaeuskadi.org\/wp-content\/uploads\/2025\/09\/20250910-txurdinagabarri-playa-22.jpg'><img loading=\"lazy\" decoding=\"async\" width=\"200\" height=\"200\" src=\"https:\/\/ospitalarioakfundazioaeuskadi.org\/wp-content\/uploads\/2025\/09\/20250910-txurdinagabarri-playa-22-200x200.jpg\" class=\"attachment-thumbnail size-thumbnail\" alt=\"\" title=\"\"><\/a>\n\t\t\t<\/div><\/figure><figure class='gallery-item'>\n\t\t\t<div class='gallery-icon landscape'>\n\t\t\t\t<a href='https:\/\/ospitalarioakfundazioaeuskadi.org\/wp-content\/uploads\/2025\/09\/20250910-txurdinagabarri-playa-23.jpg'><img loading=\"lazy\" decoding=\"async\" width=\"200\" height=\"200\" src=\"https:\/\/ospitalarioakfundazioaeuskadi.org\/wp-content\/uploads\/2025\/09\/20250910-txurdinagabarri-playa-23-200x200.jpg\" class=\"attachment-thumbnail size-thumbnail\" alt=\"\" srcset=\"https:\/\/ospitalarioakfundazioaeuskadi.org\/wp-content\/uploads\/2025\/09\/20250910-txurdinagabarri-playa-23-200x200.jpg 200w, https:\/\/ospitalarioakfundazioaeuskadi.org\/wp-content\/uploads\/2025\/09\/20250910-txurdinagabarri-playa-23-425x425.jpg 425w, https:\/\/ospitalarioakfundazioaeuskadi.org\/wp-content\/uploads\/2025\/09\/20250910-txurdinagabarri-playa-23-768x768.jpg 768w, https:\/\/ospitalarioakfundazioaeuskadi.org\/wp-content\/uploads\/2025\/09\/20250910-txurdinagabarri-playa-23.jpg 850w\" sizes=\"auto, (max-width: 200px) 100vw, 200px\" title=\"\"><\/a>\n\t\t\t<\/div><\/figure>\n\t\t<\/div>\n\n<p>El final de las vacaciones trajo tambi\u00e9n la despedida de Alan y June, hijos de dos de nuestras monitoras y amigos desde muy peque\u00f1os de quienes viven en la Residencia, con quienes comparten un buen n\u00famero de las actividades. Las vacaciones les dejaron libres para ir a menudo a la Residencia, pero con septiembre lleg\u00f3 la hora de volver a clase, as\u00ed que qu\u00e9 mejor idea que celebrar una fiesta de despedida, con karaoke de canciones infantiles de todos los tiempos y merienda.<\/p>\n<div id='gallery-2' class='gallery galleryid-75007 gallery-columns-3 gallery-size-thumbnail'><figure class='gallery-item'>\n\t\t\t<div class='gallery-icon landscape'>\n\t\t\t\t<a href='https:\/\/ospitalarioakfundazioaeuskadi.org\/wp-content\/uploads\/2025\/09\/20250910-txurdinagabarri-fiesta-1.jpg'><img loading=\"lazy\" decoding=\"async\" width=\"200\" height=\"200\" src=\"https:\/\/ospitalarioakfundazioaeuskadi.org\/wp-content\/uploads\/2025\/09\/20250910-txurdinagabarri-fiesta-1-200x200.jpg\" class=\"attachment-thumbnail size-thumbnail\" alt=\"\" title=\"\"><\/a>\n\t\t\t<\/div><\/figure><figure class='gallery-item'>\n\t\t\t<div class='gallery-icon portrait'>\n\t\t\t\t<a href='https:\/\/ospitalarioakfundazioaeuskadi.org\/wp-content\/uploads\/2025\/09\/20250910-txurdinagabarri-fiesta-2.jpg'><img loading=\"lazy\" decoding=\"async\" width=\"200\" height=\"200\" src=\"https:\/\/ospitalarioakfundazioaeuskadi.org\/wp-content\/uploads\/2025\/09\/20250910-txurdinagabarri-fiesta-2-200x200.jpg\" class=\"attachment-thumbnail size-thumbnail\" alt=\"\" title=\"\"><\/a>\n\t\t\t<\/div><\/figure><figure class='gallery-item'>\n\t\t\t<div class='gallery-icon portrait'>\n\t\t\t\t<a href='https:\/\/ospitalarioakfundazioaeuskadi.org\/wp-content\/uploads\/2025\/09\/20250910-txurdinagabarri-fiesta-3.jpg'><img loading=\"lazy\" decoding=\"async\" width=\"200\" height=\"200\" src=\"https:\/\/ospitalarioakfundazioaeuskadi.org\/wp-content\/uploads\/2025\/09\/20250910-txurdinagabarri-fiesta-3-200x200.jpg\" class=\"attachment-thumbnail size-thumbnail\" alt=\"\" title=\"\"><\/a>\n\t\t\t<\/div><\/figure><figure class='gallery-item'>\n\t\t\t<div class='gallery-icon portrait'>\n\t\t\t\t<a href='https:\/\/ospitalarioakfundazioaeuskadi.org\/wp-content\/uploads\/2025\/09\/20250910-txurdinagabarri-fiesta-4.jpg'><img loading=\"lazy\" decoding=\"async\" width=\"200\" height=\"200\" src=\"https:\/\/ospitalarioakfundazioaeuskadi.org\/wp-content\/uploads\/2025\/09\/20250910-txurdinagabarri-fiesta-4-200x200.jpg\" class=\"attachment-thumbnail size-thumbnail\" alt=\"\" title=\"\"><\/a>\n\t\t\t<\/div><\/figure><figure class='gallery-item'>\n\t\t\t<div class='gallery-icon portrait'>\n\t\t\t\t<a href='https:\/\/ospitalarioakfundazioaeuskadi.org\/wp-content\/uploads\/2025\/09\/20250910-txurdinagabarri-fiesta-5.jpg'><img loading=\"lazy\" decoding=\"async\" width=\"200\" height=\"200\" src=\"https:\/\/ospitalarioakfundazioaeuskadi.org\/wp-content\/uploads\/2025\/09\/20250910-txurdinagabarri-fiesta-5-200x200.jpg\" class=\"attachment-thumbnail size-thumbnail\" alt=\"\" title=\"\"><\/a>\n\t\t\t<\/div><\/figure><figure class='gallery-item'>\n\t\t\t<div class='gallery-icon landscape'>\n\t\t\t\t<a href='https:\/\/ospitalarioakfundazioaeuskadi.org\/wp-content\/uploads\/2025\/09\/20250910-txurdinagabarri-fiesta-6.jpg'><img loading=\"lazy\" decoding=\"async\" width=\"200\" height=\"200\" src=\"https:\/\/ospitalarioakfundazioaeuskadi.org\/wp-content\/uploads\/2025\/09\/20250910-txurdinagabarri-fiesta-6-200x200.jpg\" class=\"attachment-thumbnail size-thumbnail\" alt=\"\" title=\"\"><\/a>\n\t\t\t<\/div><\/figure><figure class='gallery-item'>\n\t\t\t<div class='gallery-icon landscape'>\n\t\t\t\t<a href='https:\/\/ospitalarioakfundazioaeuskadi.org\/wp-content\/uploads\/2025\/09\/20250910-txurdinagabarri-fiesta-7.jpg'><img loading=\"lazy\" decoding=\"async\" width=\"200\" height=\"200\" src=\"https:\/\/ospitalarioakfundazioaeuskadi.org\/wp-content\/uploads\/2025\/09\/20250910-txurdinagabarri-fiesta-7-200x200.jpg\" class=\"attachment-thumbnail size-thumbnail\" alt=\"\" title=\"\"><\/a>\n\t\t\t<\/div><\/figure><figure class='gallery-item'>\n\t\t\t<div class='gallery-icon landscape'>\n\t\t\t\t<a href='https:\/\/ospitalarioakfundazioaeuskadi.org\/wp-content\/uploads\/2025\/09\/20250910-txurdinagabarri-fiesta-8.jpg'><img loading=\"lazy\" decoding=\"async\" width=\"200\" height=\"200\" src=\"https:\/\/ospitalarioakfundazioaeuskadi.org\/wp-content\/uploads\/2025\/09\/20250910-txurdinagabarri-fiesta-8-200x200.jpg\" class=\"attachment-thumbnail size-thumbnail\" alt=\"\" title=\"\"><\/a>\n\t\t\t<\/div><\/figure><figure class='gallery-item'>\n\t\t\t<div class='gallery-icon landscape'>\n\t\t\t\t<a href='https:\/\/ospitalarioakfundazioaeuskadi.org\/wp-content\/uploads\/2025\/09\/20250910-txurdinagabarri-fiesta-9.jpg'><img loading=\"lazy\" decoding=\"async\" width=\"200\" height=\"200\" src=\"https:\/\/ospitalarioakfundazioaeuskadi.org\/wp-content\/uploads\/2025\/09\/20250910-txurdinagabarri-fiesta-9-200x200.jpg\" class=\"attachment-thumbnail size-thumbnail\" alt=\"\" title=\"\"><\/a>\n\t\t\t<\/div><\/figure><figure class='gallery-item'>\n\t\t\t<div class='gallery-icon landscape'>\n\t\t\t\t<a href='https:\/\/ospitalarioakfundazioaeuskadi.org\/wp-content\/uploads\/2025\/09\/20250910-txurdinagabarri-fiesta-10.jpg'><img loading=\"lazy\" decoding=\"async\" width=\"200\" height=\"200\" src=\"https:\/\/ospitalarioakfundazioaeuskadi.org\/wp-content\/uploads\/2025\/09\/20250910-txurdinagabarri-fiesta-10-200x200.jpg\" class=\"attachment-thumbnail size-thumbnail\" alt=\"\" title=\"\"><\/a>\n\t\t\t<\/div><\/figure><figure class='gallery-item'>\n\t\t\t<div class='gallery-icon landscape'>\n\t\t\t\t<a href='https:\/\/ospitalarioakfundazioaeuskadi.org\/wp-content\/uploads\/2025\/09\/20250910-txurdinagabarri-fiesta-11.jpg'><img loading=\"lazy\" decoding=\"async\" width=\"200\" height=\"200\" src=\"https:\/\/ospitalarioakfundazioaeuskadi.org\/wp-content\/uploads\/2025\/09\/20250910-txurdinagabarri-fiesta-11-200x200.jpg\" class=\"attachment-thumbnail size-thumbnail\" alt=\"\" title=\"\"><\/a>\n\t\t\t<\/div><\/figure><figure class='gallery-item'>\n\t\t\t<div class='gallery-icon landscape'>\n\t\t\t\t<a href='https:\/\/ospitalarioakfundazioaeuskadi.org\/wp-content\/uploads\/2025\/09\/20250910-txurdinagabarri-fiesta-12.jpg'><img loading=\"lazy\" decoding=\"async\" width=\"200\" height=\"200\" src=\"https:\/\/ospitalarioakfundazioaeuskadi.org\/wp-content\/uploads\/2025\/09\/20250910-txurdinagabarri-fiesta-12-200x200.jpg\" class=\"attachment-thumbnail size-thumbnail\" alt=\"\" title=\"\"><\/a>\n\t\t\t<\/div><\/figure><figure class='gallery-item'>\n\t\t\t<div class='gallery-icon landscape'>\n\t\t\t\t<a href='https:\/\/ospitalarioakfundazioaeuskadi.org\/wp-content\/uploads\/2025\/09\/20250910-txurdinagabarri-fiesta-13.jpg'><img loading=\"lazy\" decoding=\"async\" width=\"200\" height=\"200\" src=\"https:\/\/ospitalarioakfundazioaeuskadi.org\/wp-content\/uploads\/2025\/09\/20250910-txurdinagabarri-fiesta-13-200x200.jpg\" class=\"attachment-thumbnail size-thumbnail\" alt=\"\" title=\"\"><\/a>\n\t\t\t<\/div><\/figure><figure class='gallery-item'>\n\t\t\t<div class='gallery-icon landscape'>\n\t\t\t\t<a href='https:\/\/ospitalarioakfundazioaeuskadi.org\/wp-content\/uploads\/2025\/09\/20250910-txurdinagabarri-fiesta-14.jpg'><img loading=\"lazy\" decoding=\"async\" width=\"200\" height=\"200\" src=\"https:\/\/ospitalarioakfundazioaeuskadi.org\/wp-content\/uploads\/2025\/09\/20250910-txurdinagabarri-fiesta-14-200x200.jpg\" class=\"attachment-thumbnail size-thumbnail\" alt=\"\" title=\"\"><\/a>\n\t\t\t<\/div><\/figure><figure class='gallery-item'>\n\t\t\t<div class='gallery-icon landscape'>\n\t\t\t\t<a href='https:\/\/ospitalarioakfundazioaeuskadi.org\/wp-content\/uploads\/2025\/09\/20250910-txurdinagabarri-fiesta-15.jpg'><img loading=\"lazy\" decoding=\"async\" width=\"200\" height=\"200\" src=\"https:\/\/ospitalarioakfundazioaeuskadi.org\/wp-content\/uploads\/2025\/09\/20250910-txurdinagabarri-fiesta-15-200x200.jpg\" class=\"attachment-thumbnail size-thumbnail\" alt=\"\" title=\"\"><\/a>\n\t\t\t<\/div><\/figure><figure class='gallery-item'>\n\t\t\t<div class='gallery-icon landscape'>\n\t\t\t\t<a href='https:\/\/ospitalarioakfundazioaeuskadi.org\/wp-content\/uploads\/2025\/09\/20250910-txurdinagabarri-fiesta-16.jpg'><img loading=\"lazy\" decoding=\"async\" width=\"200\" height=\"200\" src=\"https:\/\/ospitalarioakfundazioaeuskadi.org\/wp-content\/uploads\/2025\/09\/20250910-txurdinagabarri-fiesta-16-200x200.jpg\" class=\"attachment-thumbnail size-thumbnail\" alt=\"Una mesa con ducles, en la que hay un cartel que dice: &quot;Gracias por este verano tan bonito. \u00a1Nos vemos pronto!&quot;\" title=\"\"><\/a>\n\t\t\t<\/div><\/figure><figure class='gallery-item'>\n\t\t\t<div class='gallery-icon landscape'>\n\t\t\t\t<a href='https:\/\/ospitalarioakfundazioaeuskadi.org\/wp-content\/uploads\/2025\/09\/20250910-txurdinagabarri-fiesta-17.jpg'><img loading=\"lazy\" decoding=\"async\" width=\"200\" height=\"200\" src=\"https:\/\/ospitalarioakfundazioaeuskadi.org\/wp-content\/uploads\/2025\/09\/20250910-txurdinagabarri-fiesta-17-200x200.jpg\" class=\"attachment-thumbnail size-thumbnail\" alt=\"\" title=\"\"><\/a>\n\t\t\t<\/div><\/figure><figure class='gallery-item'>\n\t\t\t<div class='gallery-icon landscape'>\n\t\t\t\t<a href='https:\/\/ospitalarioakfundazioaeuskadi.org\/wp-content\/uploads\/2025\/09\/20250910-txurdinagabarri-fiesta-18.jpg'><img loading=\"lazy\" decoding=\"async\" width=\"200\" height=\"200\" src=\"https:\/\/ospitalarioakfundazioaeuskadi.org\/wp-content\/uploads\/2025\/09\/20250910-txurdinagabarri-fiesta-18-200x200.jpg\" class=\"attachment-thumbnail size-thumbnail\" alt=\"\" title=\"\"><\/a>\n\t\t\t<\/div><\/figure>\n\t\t<\/div>\n\n<p>Y como en este mes todav\u00eda han salido d\u00edas de calor, algunos residentes han aprovechado para darse los \u00faltimos chapuzones en la piscina del polideportivo de Txurdinaga, que nos queda a tiro de piedra de la Residencia.<\/p>\n<div id='gallery-3' class='gallery galleryid-75007 gallery-columns-4 gallery-size-thumbnail'><figure class='gallery-item'>\n\t\t\t<div class='gallery-icon portrait'>\n\t\t\t\t<a href='https:\/\/ospitalarioakfundazioaeuskadi.org\/wp-content\/uploads\/2025\/09\/20250910-txurdinagabarri-piscina-4.jpg'><img loading=\"lazy\" decoding=\"async\" width=\"200\" height=\"200\" src=\"https:\/\/ospitalarioakfundazioaeuskadi.org\/wp-content\/uploads\/2025\/09\/20250910-txurdinagabarri-piscina-4-200x200.jpg\" class=\"attachment-thumbnail size-thumbnail\" alt=\"\" title=\"\"><\/a>\n\t\t\t<\/div><\/figure><figure class='gallery-item'>\n\t\t\t<div class='gallery-icon portrait'>\n\t\t\t\t<a href='https:\/\/ospitalarioakfundazioaeuskadi.org\/wp-content\/uploads\/2025\/09\/20250910-txurdinagabarri-piscina-3.jpg'><img loading=\"lazy\" decoding=\"async\" width=\"200\" height=\"200\" src=\"https:\/\/ospitalarioakfundazioaeuskadi.org\/wp-content\/uploads\/2025\/09\/20250910-txurdinagabarri-piscina-3-200x200.jpg\" class=\"attachment-thumbnail size-thumbnail\" alt=\"\" title=\"\"><\/a>\n\t\t\t<\/div><\/figure><figure class='gallery-item'>\n\t\t\t<div class='gallery-icon portrait'>\n\t\t\t\t<a href='https:\/\/ospitalarioakfundazioaeuskadi.org\/wp-content\/uploads\/2025\/09\/20250910-txurdinagabarri-piscina-2.jpg'><img loading=\"lazy\" decoding=\"async\" width=\"200\" height=\"200\" src=\"https:\/\/ospitalarioakfundazioaeuskadi.org\/wp-content\/uploads\/2025\/09\/20250910-txurdinagabarri-piscina-2-200x200.jpg\" class=\"attachment-thumbnail size-thumbnail\" alt=\"\" title=\"\"><\/a>\n\t\t\t<\/div><\/figure><figure class='gallery-item'>\n\t\t\t<div class='gallery-icon portrait'>\n\t\t\t\t<a href='https:\/\/ospitalarioakfundazioaeuskadi.org\/wp-content\/uploads\/2025\/09\/20250910-txurdinagabarri-piscina-1.jpg'><img loading=\"lazy\" decoding=\"async\" width=\"200\" height=\"200\" src=\"https:\/\/ospitalarioakfundazioaeuskadi.org\/wp-content\/uploads\/2025\/09\/20250910-txurdinagabarri-piscina-1-200x200.jpg\" class=\"attachment-thumbnail size-thumbnail\" alt=\"\" title=\"\"><\/a>\n\t\t\t<\/div><\/figure>\n\t\t<\/div>\n\n<p>&nbsp;<\/p>\n","protected":false},"excerpt":{"rendered":"<div class=\"entry-summary\">\nEste final de verano hemos vivido momentos muy especiales. En la Residencia de personas mayores Txurdinagabarri, en Bilbao, hemos realizado tres salidas a la playa: dos a Ereaga (Getxo) y una a La Arena (Zierbena). En todas ellas, hemos contado&hellip;\n<\/div>\n<div class=\"link-more\"><a href=\"https:\/\/ospitalarioakfundazioaeuskadi.org\/es\/residencia-txurdinagabarri-fin-verano-2025\/\" class=\"more-link\">Seguir leyendo<span class=\"screen-reader-text\"> &ldquo;Un final de verano intenso en Txurdinagabarri&rdquo;<\/span>&hellip;<\/a><\/div>\n","protected":false},"author":1,"featured_media":74993,"comment_status":"closed","ping_status":"closed","sticky":false,"template":"","format":"standard","meta":{"footnotes":""},"categories":[646,656,648],"tags":[],"linea-asistencial":[980],"class_list":["post-75007","post","type-post","status-publish","format-standard","has-post-thumbnail","hentry","category-aita-menni","category-bilbao-centro-de-dia-de-personas-mayores-txurdinagabarri-bilbao","category-residencia-txurdinagabarri-bilbao","linea-asistencial-4-persona-mayor","entry"],"_links":{"self":[{"href":"https:\/\/ospitalarioakfundazioaeuskadi.org\/es\/wp-json\/wp\/v2\/posts\/75007","targetHints":{"allow":["GET"]}}],"collection":[{"href":"https:\/\/ospitalarioakfundazioaeuskadi.org\/es\/wp-json\/wp\/v2\/posts"}],"about":[{"href":"https:\/\/ospitalarioakfundazioaeuskadi.org\/es\/wp-json\/wp\/v2\/types\/post"}],"author":[{"embeddable":true,"href":"https:\/\/ospitalarioakfundazioaeuskadi.org\/es\/wp-json\/wp\/v2\/users\/1"}],"replies":[{"embeddable":true,"href":"https:\/\/ospitalarioakfundazioaeuskadi.org\/es\/wp-json\/wp\/v2\/comments?post=75007"}],"version-history":[{"count":3,"href":"https:\/\/ospitalarioakfundazioaeuskadi.org\/es\/wp-json\/wp\/v2\/posts\/75007\/revisions"}],"predecessor-version":[{"id":75014,"href":"https:\/\/ospitalarioakfundazioaeuskadi.org\/es\/wp-json\/wp\/v2\/posts\/75007\/revisions\/75014"}],"wp:featuredmedia":[{"embeddable":true,"href":"https:\/\/ospitalarioakfundazioaeuskadi.org\/es\/wp-json\/wp\/v2\/media\/74993"}],"wp:attachment":[{"href":"https:\/\/ospitalarioakfundazioaeuskadi.org\/es\/wp-json\/wp\/v2\/media?parent=75007"}],"wp:term":[{"taxonomy":"category","embeddable":true,"href":"https:\/\/ospitalarioakfundazioaeuskadi.org\/es\/wp-json\/wp\/v2\/categories?post=75007"},{"taxonomy":"post_tag","embeddable":true,"href":"https:\/\/ospitalarioakfundazioaeuskadi.org\/es\/wp-json\/wp\/v2\/tags?post=75007"},{"taxonomy":"linea-asistencial","embeddable":true,"href":"https:\/\/ospitalarioakfundazioaeuskadi.org\/es\/wp-json\/wp\/v2\/linea-asistencial?post=75007"}],"curies":[{"name":"wp","href":"https:\/\/api.w.org\/{rel}","templated":true}]}}