{"id":75016,"date":"2025-09-16T09:59:57","date_gmt":"2025-09-16T09:59:57","guid":{"rendered":"https:\/\/ospitalarioakfundazioaeuskadi.org\/?p=75016"},"modified":"2025-09-16T09:59:57","modified_gmt":"2025-09-16T09:59:57","slug":"unidad-psiquiatria-legal-cursos-verano-upv","status":"publish","type":"post","link":"https:\/\/ospitalarioakfundazioaeuskadi.org\/es\/unidad-psiquiatria-legal-cursos-verano-upv\/","title":{"rendered":"Nuestra Unidad de Psiquiatr\u00eda Legal, presente en los Cursos de Verano de la UPV"},"content":{"rendered":"<p>La Universidad del Pa\u00eds Vasco est\u00e1 concluyendo la <a href=\"https:\/\/www.uik.eus\/es\" target=\"_blank\" rel=\"nofollow noopener\">44.\u00aa edici\u00f3n de sus Cursos de Verano<\/a>, 152 cursos y 14 congresos dise\u00f1ados con el fin de dar respuesta a los retos del futuro. En este contexto y en el marco de la salud, la salud mental ha ocupado un lugar destacado.<\/p>\n<p>Organizado por el Tribunal Superior de Justicia del Pa\u00eds Vasco, con la colaboraci\u00f3n de los departamentos de Justicia y Derechos Humanos, y de Salud del Gobierno Vasco, as\u00ed como de Osakidetza y de Ospitalarioak Fundazioa Euskadi, se celebr\u00f3, los d\u00edas 11 y 12 de septiembre, en el Palacio Miramar de Donostia, el <a href=\"https:\/\/www.uik.eus\/es\/node\/8632\/pdf\" target=\"_blank\" rel=\"nofollow noopener\">curso \u201cEl duelo en la vida y en la muerte: la acogida y el acompa\u00f1amiento personal, social e institucional\u201d<\/a>. Durante su desarrollo se abordaron temas relacionados con la muerte, el duelo, el acompa\u00f1amiento y el valor de la prevenci\u00f3n y postvenci\u00f3n del suicidio.<\/p>\n<p>La consejera de Justicia y Derechos Humanos del Gobierno Vasco, <strong>M\u00aa Jes\u00fas San Jos\u00e9<\/strong>, inaugur\u00f3 oficialmente el curso. En el acto \u2014en el que se dio las gracias a Ospitalarioak Fundazioa Euskadi (antes Hermanas Hospitalarias Aita Menni) por su trabajo d\u00eda a d\u00eda en el campo de la salud mental\u2014, intervino el doctor <strong>I\u00f1aki Madariaga<\/strong>, director de la <a href=\"https:\/\/ospitalarioakfundazioaeuskadi.org\/es\/unidad\/unidad-psiquiatria-legal-mondragon\/\" target=\"_blank\" rel=\"noopener\">Unidad de Psiquiatr\u00eda Legal<\/a> de nuestro hospital, junto con el juez <strong>I\u00f1aki Subijana<\/strong>, presidente del Tribunal Superior de Justicia del Pa\u00eds Vasco, e <strong>In\u00e9s Soria<\/strong>, magistrada y asesora del Departamento de Justicia y Derechos Humanos, ambos directores del este seminario.<\/p>\n<p>En este Curso de Verano, al que se inscribieron 134 personas, se abord\u00f3 el duelo relacionado con la muerte, pero tambi\u00e9n con otros procesos vitales, entre ellos la ejecuci\u00f3n de una pena privativa de libertad como parte del itinerario vital de una persona con enfermedad mental que haya cometido un acto delictivo grave.<\/p>\n<h2>Mesa redonda sobre el duelo y acompa\u00f1amiento en el sistema judicial, policial y sanitario<\/h2>\n<p>En la ma\u00f1ana del d\u00eda 12 y dentro de la mesa redonda \u201cEl duelo y acompa\u00f1amiento en el tr\u00e1nsito por el sistema judicial, policial y sanitario. Especial referencia al cumplimiento de las medidas de seguridad y salud mental y la muerte por suicidio: Pautas de coordinaci\u00f3n\u201d se expusieron las din\u00e1micas de afrontamiento, se profundiz\u00f3 en el arte de acompa\u00f1ar en el duelo y en la necesidad de articular las l\u00edneas de actuaci\u00f3n y de colaboraci\u00f3n social e institucional que sean precisas para no generar m\u00e1s dolor a las personas en duelo. Porque instituciones y poderes p\u00fablicos tambi\u00e9n tienen que ser conscientes del impacto emocional que el tr\u00e1nsito por el sistema sanitario, policial y judicial genera en las personas, y el dolor a\u00f1adido que puede provocar.<\/p>\n<figure id=\"attachment_75021\" aria-describedby=\"caption-attachment-75021\" style=\"width: 850px\" class=\"wp-caption alignleft\"><a href=\"https:\/\/ospitalarioakfundazioaeuskadi.org\/wp-content\/uploads\/2025\/09\/Mesa-duelo-Madariaga-Cursos-Verano-UPV.jpg\"><img loading=\"lazy\" decoding=\"async\" class=\"wp-image-75021 size-large\" src=\"https:\/\/ospitalarioakfundazioaeuskadi.org\/wp-content\/uploads\/2025\/09\/Mesa-duelo-Madariaga-Cursos-Verano-UPV-850x638.jpg\" alt=\"Tres hombres y dos mujeres, sentados en torno a una mesa baja\" width=\"850\" height=\"638\" title=\"\" srcset=\"https:\/\/ospitalarioakfundazioaeuskadi.org\/wp-content\/uploads\/2025\/09\/Mesa-duelo-Madariaga-Cursos-Verano-UPV-850x638.jpg 850w, https:\/\/ospitalarioakfundazioaeuskadi.org\/wp-content\/uploads\/2025\/09\/Mesa-duelo-Madariaga-Cursos-Verano-UPV-425x319.jpg 425w, https:\/\/ospitalarioakfundazioaeuskadi.org\/wp-content\/uploads\/2025\/09\/Mesa-duelo-Madariaga-Cursos-Verano-UPV-768x576.jpg 768w, https:\/\/ospitalarioakfundazioaeuskadi.org\/wp-content\/uploads\/2025\/09\/Mesa-duelo-Madariaga-Cursos-Verano-UPV.jpg 1024w\" sizes=\"auto, (max-width: 850px) 100vw, 850px\" \/><\/a><figcaption id=\"caption-attachment-75021\" class=\"wp-caption-text\">Mesa IV: \u00abEl duelo y acompa\u00f1amiento en el tr\u00e1nsito por el sistema judicial, policial y sanitario. Especial referencia al cumplimiento de las medidas de seguridad y salud mental y la muerte por suicidio: Pautas de coordinaci\u00f3n\u201c<\/figcaption><\/figure>\n<p>En la mesa, moderada por presidente del Tribunal Superior de Justicia del Pa\u00eds Vasco, <strong>I\u00f1aki Subijana<\/strong>, participaron \u2014adem\u00e1s del doctor <strong>Madariaga<\/strong>\u2014 <strong>Eva Bilbao<\/strong>, enfermera y presidenta de <a href=\"https:\/\/www.biziraun.org\/es\" target=\"_blank\" rel=\"nofollow noopener\">Biziraun<\/a>, <strong>Ana Abasolo<\/strong>, m\u00e9dica forense del Instituto vasco de Medicina Legal, y <strong>Jos\u00e9 Javier Pe\u00f1a<\/strong>, subcomisario de la Ertzaintza, licenciado en psicolog\u00eda y experto en violencia de g\u00e9nero.<\/p>\n<p>Durante la sesi\u00f3n se puso de relieve la necesidad de coordinaci\u00f3n entre instituciones para evitar a\u00f1adir sufrimiento a las familias que atraviesan procesos de duelo por muertes violentas o suicidio. El ertzaina <strong>Jos\u00e9 Javier Pe\u00f1a <\/strong>detall\u00f3 los procedimientos policiales en estas situaciones, subrayando la importancia de preservar la escena, recabar evidencias y ofrecer informaci\u00f3n clara y cercana a los familiares. La forense <strong>Ana Abasolo <\/strong>incidi\u00f3 en la funci\u00f3n de la medicina forense y en la relevancia de explicar las actuaciones para humanizar el proceso. Por su parte, <strong>Eva Bilbao<\/strong>, como representante de las personas que han sufrido la p\u00e9rdida de un ser querido por suicidio, aport\u00f3 la perspectiva de las familias, destacando avances en cuanto a empat\u00eda y sensibilidad en los \u00faltimos a\u00f1os, pero tambi\u00e9n la necesidad de mejorar la comunicaci\u00f3n, la despedida del cuerpo, la entrega de pertenencias y la disponibilidad de acompa\u00f1amiento psicol\u00f3gico.<\/p>\n<h2>La UPL, una unidad asistencial con medidas de seguridad<\/h2>\n<p>Las aportaciones del doctor <strong>Madariaga<\/strong> se centraron en las personas con trastorno mental grave que han cometido actos delictivos y cumplen medidas de seguridad en la pionera <a href=\"https:\/\/ospitalarioakfundazioaeuskadi.org\/es\/unidad\/unidad-psiquiatria-legal-mondragon\/\" target=\"_blank\" rel=\"noopener\">Unidad de Psiquiatr\u00eda Legal<\/a> de <a href=\"https:\/\/ospitalarioakfundazioaeuskadi.org\/es\/centro\/hospital-aita-menni\/\" target=\"_blank\" rel=\"noopener\">nuestro hospital en Arrasate<\/a>. Explic\u00f3 que en la mayor\u00eda de los casos se trata de pacientes psic\u00f3ticos, que responden a dos patrones principales: quienes debido a delirios paranoides act\u00faan desde una convicci\u00f3n defensiva y quienes presentan un diagn\u00f3stico depresivo, cuya motivaci\u00f3n a la hora de cometer el acto delictivo puede incluso la de proteger a la v\u00edctima.<\/p>\n<p>Nuestro psiquiatra subray\u00f3 que la elaboraci\u00f3n y el afrontamiento del propio duelo en el caso de estas personas con enfermedad mental que han cometido un delito grave suele ser m\u00e1s dif\u00edcil en fases iniciales, cuando el paciente mantiene su convicci\u00f3n delirante, y que depende de la estabilizaci\u00f3n cl\u00ednica y del tratamiento farmacol\u00f3gico. \u00abEl duelo en s\u00ed mismo es una ecuaci\u00f3n compleja y que tiene diferentes variables. No es lo mismo el duelo de una persona que ha cometido un acto violento por defenderse de una persona que el de quien lo ha hecho por proteger parad\u00f3jicamente a la v\u00edctima\u00bb. Con el primero, la probabilidad de elaborar el duelo es complicada, es dif\u00edcil, m\u00e1s a\u00fan en las primeras etapas. Hablar del duelo con el primer tipo de pacientes consiste en conseguir que est\u00e9n bien cuidados y que no agredan m\u00e1s, ya sea a familiares en las visitas, ya sea a otros pacientes o al personal sanitario, pues esos pacientes manifiestan una conducta altamente destructiva con el entorno. Sin embargo, si nos referimos al paciente psic\u00f3tico depresivo, lo que hay que hacer es cuidarle, pero sobre todo evitar el riesgo autol\u00edtico, ya que tienen el concepto de culpa\u00bb.<\/p>\n<figure id=\"attachment_75033\" aria-describedby=\"caption-attachment-75033\" style=\"width: 850px\" class=\"wp-caption alignleft\"><a href=\"https:\/\/ospitalarioakfundazioaeuskadi.org\/wp-content\/uploads\/2025\/09\/Profesionales-de-Ospitalarioak-Fundazioa-en-Cursos-de-Verano-UPV.jpg\"><img loading=\"lazy\" decoding=\"async\" class=\"wp-image-75033 size-large\" src=\"https:\/\/ospitalarioakfundazioaeuskadi.org\/wp-content\/uploads\/2025\/09\/Profesionales-de-Ospitalarioak-Fundazioa-en-Cursos-de-Verano-UPV-850x638.jpg\" alt=\"Nueve mujeres posan en grupo delante del cartel del curso\" width=\"850\" height=\"638\" title=\"\" srcset=\"https:\/\/ospitalarioakfundazioaeuskadi.org\/wp-content\/uploads\/2025\/09\/Profesionales-de-Ospitalarioak-Fundazioa-en-Cursos-de-Verano-UPV-850x638.jpg 850w, https:\/\/ospitalarioakfundazioaeuskadi.org\/wp-content\/uploads\/2025\/09\/Profesionales-de-Ospitalarioak-Fundazioa-en-Cursos-de-Verano-UPV-425x319.jpg 425w, https:\/\/ospitalarioakfundazioaeuskadi.org\/wp-content\/uploads\/2025\/09\/Profesionales-de-Ospitalarioak-Fundazioa-en-Cursos-de-Verano-UPV-768x576.jpg 768w, https:\/\/ospitalarioakfundazioaeuskadi.org\/wp-content\/uploads\/2025\/09\/Profesionales-de-Ospitalarioak-Fundazioa-en-Cursos-de-Verano-UPV.jpg 1024w\" sizes=\"auto, (max-width: 850px) 100vw, 850px\" \/><\/a><figcaption id=\"caption-attachment-75033\" class=\"wp-caption-text\">Vemos en la foto al grupo de profesionales de Ospitalarioak Fundazioa que asisti\u00f3 a este Curso de Verano de la UPV<\/figcaption><\/figure>\n<p>En este sentido, el doctor <strong>Madariaga<\/strong> destac\u00f3 los avances en psiquiatr\u00eda de las \u00faltimas d\u00e9cadas y la funci\u00f3n necesaria que ejercen recursos especializados como nuestra Unidad de Psiquiatr\u00eda Legal en la atenci\u00f3n de estos pacientes que han de cumplir una medida de seguridad. Tambi\u00e9n subray\u00f3 que el hecho de disponer, desde hace 12 a\u00f1os, de una unidad psiqui\u00e1trica de alta seguridad en nuestro hospital de Arrasate ha supuesto que las personas con causas penales a causa de su enfermedad mental grave no tengan que salir del Pa\u00eds Vasco para recibir ese tratamiento mientras cumplen su pena, ni ingresen en prisi\u00f3n para cumplir con una sentencia judicial como ocurr\u00eda antes de su inauguraci\u00f3n. \u00abSi bien hay pa\u00edses que han desarrollado m\u00e1s la justicia terap\u00e9utica (sustituci\u00f3n de una pena privativa de libertad en un centro penitenciario por un centro sanitario), en la actualidad ocupamos un lugar muy digno\u00bb, afirm\u00f3.<\/p>\n","protected":false},"excerpt":{"rendered":"<div class=\"entry-summary\">\nEl doctor I\u00f1aki Madariaga, director de la Unidad de Psiquiatr\u00eda Legal (UPL) de Ospitalarioak Fundazioa Euskadi, tom\u00f3 parte en el acto de inauguraci\u00f3n y en una de las mesas del curso \u201cEl duelo en la vida y en la muerte: la acogida y el acompa\u00f1amiento personal, social e institucional\u201d.\n<\/div>\n<div class=\"link-more\"><a href=\"https:\/\/ospitalarioakfundazioaeuskadi.org\/es\/unidad-psiquiatria-legal-cursos-verano-upv\/\" class=\"more-link\">Seguir leyendo<span class=\"screen-reader-text\"> &ldquo;Nuestra Unidad de Psiquiatr\u00eda Legal, presente en los Cursos de Verano de la UPV&rdquo;<\/span>&hellip;<\/a><\/div>\n","protected":false},"author":5,"featured_media":75017,"comment_status":"closed","ping_status":"closed","sticky":false,"template":"","format":"standard","meta":{"footnotes":""},"categories":[646],"tags":[],"linea-asistencial":[979],"class_list":["post-75016","post","type-post","status-publish","format-standard","has-post-thumbnail","hentry","category-aita-menni","linea-asistencial-1-salud-mental","entry"],"_links":{"self":[{"href":"https:\/\/ospitalarioakfundazioaeuskadi.org\/es\/wp-json\/wp\/v2\/posts\/75016","targetHints":{"allow":["GET"]}}],"collection":[{"href":"https:\/\/ospitalarioakfundazioaeuskadi.org\/es\/wp-json\/wp\/v2\/posts"}],"about":[{"href":"https:\/\/ospitalarioakfundazioaeuskadi.org\/es\/wp-json\/wp\/v2\/types\/post"}],"author":[{"embeddable":true,"href":"https:\/\/ospitalarioakfundazioaeuskadi.org\/es\/wp-json\/wp\/v2\/users\/5"}],"replies":[{"embeddable":true,"href":"https:\/\/ospitalarioakfundazioaeuskadi.org\/es\/wp-json\/wp\/v2\/comments?post=75016"}],"version-history":[{"count":3,"href":"https:\/\/ospitalarioakfundazioaeuskadi.org\/es\/wp-json\/wp\/v2\/posts\/75016\/revisions"}],"predecessor-version":[{"id":75057,"href":"https:\/\/ospitalarioakfundazioaeuskadi.org\/es\/wp-json\/wp\/v2\/posts\/75016\/revisions\/75057"}],"wp:featuredmedia":[{"embeddable":true,"href":"https:\/\/ospitalarioakfundazioaeuskadi.org\/es\/wp-json\/wp\/v2\/media\/75017"}],"wp:attachment":[{"href":"https:\/\/ospitalarioakfundazioaeuskadi.org\/es\/wp-json\/wp\/v2\/media?parent=75016"}],"wp:term":[{"taxonomy":"category","embeddable":true,"href":"https:\/\/ospitalarioakfundazioaeuskadi.org\/es\/wp-json\/wp\/v2\/categories?post=75016"},{"taxonomy":"post_tag","embeddable":true,"href":"https:\/\/ospitalarioakfundazioaeuskadi.org\/es\/wp-json\/wp\/v2\/tags?post=75016"},{"taxonomy":"linea-asistencial","embeddable":true,"href":"https:\/\/ospitalarioakfundazioaeuskadi.org\/es\/wp-json\/wp\/v2\/linea-asistencial?post=75016"}],"curies":[{"name":"wp","href":"https:\/\/api.w.org\/{rel}","templated":true}]}}