{"id":76283,"date":"2025-10-28T15:19:53","date_gmt":"2025-10-28T13:19:53","guid":{"rendered":"https:\/\/ospitalarioakfundazioaeuskadi.org\/?p=76283"},"modified":"2025-10-28T15:19:53","modified_gmt":"2025-10-28T13:19:53","slug":"rakatapla-fiesta-amurrio-ibarra-orozko","status":"publish","type":"post","link":"https:\/\/ospitalarioakfundazioaeuskadi.org\/es\/rakatapla-fiesta-amurrio-ibarra-orozko\/","title":{"rendered":"Usuarias del Centro Ibarra de Orozko participan en la fiesta anual de Rakatapl\u00e1"},"content":{"rendered":"<p data-start=\"373\" data-end=\"710\">Catorce personas usuarias del <a href=\"https:\/\/ospitalarioakfundazioaeuskadi.org\/es\/centro\/centro-ibarra\/\">Centro Ibarra de Orozko<\/a>, gestionado por <a href=\"\/es\/\">Ospitalarioak Fundazioa Euskadi<\/a>, participaron el s\u00e1bado d\u00eda 18 en la tradicional fiesta que organiza la sociedad Rakatapl\u00e1 de Llodio. La cita tuvo lugar este a\u00f1o en Amurrio, y reuni\u00f3 a personas con discapacidad intelectual de los municipios de la zona, como Llodio, Menagaray y Ordu\u00f1a, en un ambiente animado y festivo.<\/p>\n<p data-start=\"712\" data-end=\"1076\">El encuentro arranc\u00f3 a las 11:00 de la ma\u00f1ana con el recibimiento a los grupos participantes, seguido de una breve celebraci\u00f3n religiosa que dio inicio oficial a la jornada. Una de las sorpresas m\u00e1s aplaudidas fue la actuaci\u00f3n del mago Nicol\u00e1s Chevalie, acompa\u00f1ado del Se\u00f1or Gonz\u00e1lez, su simp\u00e1tico mu\u00f1eco, con quien protagoniza un divertido n\u00famero de ventriloqu\u00eda.<\/p>\n<p data-start=\"1078\" data-end=\"1427\">La comida fue, como en anteriores ediciones, uno de los momentos m\u00e1s esperados. El men\u00fa incluy\u00f3 entremeses, sopa, merluza en salsa y un bizcocho de postre, todo ello muy sabroso y servido con esmero. Despu\u00e9s del caf\u00e9, la fiesta continu\u00f3 con la m\u00fasica de DJ I\u00f1aki, que anim\u00f3 a todas las personas presentes a bailar y disfrutar hasta el final del d\u00eda.<\/p>\n<p data-start=\"1429\" data-end=\"1637\">Este tipo de salidas son muy valoradas por las personas usuarias, ya que les permiten compartir experiencias con otras residencias y pasar un d\u00eda diferente fuera del centro.<\/p>\n<p>La fiesta de la sociedad Rakatapl\u00e1 surgi\u00f3 hace varias d\u00e9cadas con la intenci\u00f3n de que personas con discapacidad intelectual de las zonas del valle de Ayala y alrededores disfrutasen de un espacio de ocio festivo en el que poder encontrarse y divertirse. Integrantes de Rakatapl\u00e1 no s\u00f3l organizan la fiesta, sino que preparan y sirven el men\u00fa a los grupos participantes.<\/p>\n<p>Cada a\u00f1o, la fiesta va rotando entre una serie de municipios \u2014Llodio, Amurrio, Artzeniega, Respaldiza y Orozko, entre otros\u2014. Y siempre se cumple una premisa: pasarlo en grande.<\/p>\n<div id='gallery-1' class='gallery galleryid-76283 gallery-columns-4 gallery-size-thumbnail'><figure class='gallery-item'>\n\t\t\t<div class='gallery-icon landscape'>\n\t\t\t\t<a href='https:\/\/ospitalarioakfundazioaeuskadi.org\/wp-content\/uploads\/2025\/10\/20251018-fiesta-rakatapla-1.jpg'><img loading=\"lazy\" decoding=\"async\" width=\"200\" height=\"200\" src=\"https:\/\/ospitalarioakfundazioaeuskadi.org\/wp-content\/uploads\/2025\/10\/20251018-fiesta-rakatapla-1-200x200.jpg\" class=\"attachment-thumbnail size-thumbnail\" alt=\"Varias mujeres con discapacidad intelectual, sentadas en sillas en un front\u00f3n\" title=\"\"><\/a>\n\t\t\t<\/div><\/figure><figure class='gallery-item'>\n\t\t\t<div class='gallery-icon landscape'>\n\t\t\t\t<a href='https:\/\/ospitalarioakfundazioaeuskadi.org\/wp-content\/uploads\/2025\/10\/20251018-fiesta-rakatapla-2.jpg'><img loading=\"lazy\" decoding=\"async\" width=\"200\" height=\"200\" src=\"https:\/\/ospitalarioakfundazioaeuskadi.org\/wp-content\/uploads\/2025\/10\/20251018-fiesta-rakatapla-2-200x200.jpg\" class=\"attachment-thumbnail size-thumbnail\" alt=\"\" title=\"\"><\/a>\n\t\t\t<\/div><\/figure><figure class='gallery-item'>\n\t\t\t<div class='gallery-icon portrait'>\n\t\t\t\t<a href='https:\/\/ospitalarioakfundazioaeuskadi.org\/wp-content\/uploads\/2025\/10\/20251018-fiesta-rakatapla-3.jpg'><img loading=\"lazy\" decoding=\"async\" width=\"200\" height=\"200\" src=\"https:\/\/ospitalarioakfundazioaeuskadi.org\/wp-content\/uploads\/2025\/10\/20251018-fiesta-rakatapla-3-200x200.jpg\" class=\"attachment-thumbnail size-thumbnail\" alt=\"\" title=\"\"><\/a>\n\t\t\t<\/div><\/figure><figure class='gallery-item'>\n\t\t\t<div class='gallery-icon portrait'>\n\t\t\t\t<a href='https:\/\/ospitalarioakfundazioaeuskadi.org\/wp-content\/uploads\/2025\/10\/20251018-fiesta-rakatapla-4.jpg'><img loading=\"lazy\" decoding=\"async\" width=\"200\" height=\"200\" src=\"https:\/\/ospitalarioakfundazioaeuskadi.org\/wp-content\/uploads\/2025\/10\/20251018-fiesta-rakatapla-4-200x200.jpg\" class=\"attachment-thumbnail size-thumbnail\" alt=\"\" title=\"\"><\/a>\n\t\t\t<\/div><\/figure>\n\t\t<\/div>\n\n<p>&nbsp;<\/p>\n","protected":false},"excerpt":{"rendered":"<div class=\"entry-summary\">\nCatorce personas usuarias del Centro Ibarra de Orozko, gestionado por Ospitalarioak Fundazioa Euskadi, participaron el s\u00e1bado d\u00eda 18 en la tradicional fiesta que organiza la sociedad Rakatapl\u00e1 de Llodio. La cita tuvo lugar este a\u00f1o en Amurrio, y reuni\u00f3 a&hellip;\n<\/div>\n<div class=\"link-more\"><a href=\"https:\/\/ospitalarioakfundazioaeuskadi.org\/es\/rakatapla-fiesta-amurrio-ibarra-orozko\/\" class=\"more-link\">Seguir leyendo<span class=\"screen-reader-text\"> &ldquo;Usuarias del Centro Ibarra de Orozko participan en la fiesta anual de Rakatapl\u00e1&rdquo;<\/span>&hellip;<\/a><\/div>\n","protected":false},"author":1,"featured_media":76285,"comment_status":"closed","ping_status":"closed","sticky":false,"template":"","format":"standard","meta":{"footnotes":""},"categories":[646,1115,1114],"tags":[],"linea-asistencial":[982],"class_list":["post-76283","post","type-post","status-publish","format-standard","has-post-thumbnail","hentry","category-aita-menni","category-centro-ibarra","category-discapacidad-intelectual","linea-asistencial-2-discapacidad-intelectual","entry"],"_links":{"self":[{"href":"https:\/\/ospitalarioakfundazioaeuskadi.org\/es\/wp-json\/wp\/v2\/posts\/76283","targetHints":{"allow":["GET"]}}],"collection":[{"href":"https:\/\/ospitalarioakfundazioaeuskadi.org\/es\/wp-json\/wp\/v2\/posts"}],"about":[{"href":"https:\/\/ospitalarioakfundazioaeuskadi.org\/es\/wp-json\/wp\/v2\/types\/post"}],"author":[{"embeddable":true,"href":"https:\/\/ospitalarioakfundazioaeuskadi.org\/es\/wp-json\/wp\/v2\/users\/1"}],"replies":[{"embeddable":true,"href":"https:\/\/ospitalarioakfundazioaeuskadi.org\/es\/wp-json\/wp\/v2\/comments?post=76283"}],"version-history":[{"count":3,"href":"https:\/\/ospitalarioakfundazioaeuskadi.org\/es\/wp-json\/wp\/v2\/posts\/76283\/revisions"}],"predecessor-version":[{"id":76378,"href":"https:\/\/ospitalarioakfundazioaeuskadi.org\/es\/wp-json\/wp\/v2\/posts\/76283\/revisions\/76378"}],"wp:featuredmedia":[{"embeddable":true,"href":"https:\/\/ospitalarioakfundazioaeuskadi.org\/es\/wp-json\/wp\/v2\/media\/76285"}],"wp:attachment":[{"href":"https:\/\/ospitalarioakfundazioaeuskadi.org\/es\/wp-json\/wp\/v2\/media?parent=76283"}],"wp:term":[{"taxonomy":"category","embeddable":true,"href":"https:\/\/ospitalarioakfundazioaeuskadi.org\/es\/wp-json\/wp\/v2\/categories?post=76283"},{"taxonomy":"post_tag","embeddable":true,"href":"https:\/\/ospitalarioakfundazioaeuskadi.org\/es\/wp-json\/wp\/v2\/tags?post=76283"},{"taxonomy":"linea-asistencial","embeddable":true,"href":"https:\/\/ospitalarioakfundazioaeuskadi.org\/es\/wp-json\/wp\/v2\/linea-asistencial?post=76283"}],"curies":[{"name":"wp","href":"https:\/\/api.w.org\/{rel}","templated":true}]}}