{"id":76294,"date":"2025-10-27T10:37:31","date_gmt":"2025-10-27T08:37:31","guid":{"rendered":"https:\/\/ospitalarioakfundazioaeuskadi.org\/?p=76294"},"modified":"2025-10-28T18:50:01","modified_gmt":"2025-10-28T16:50:01","slug":"atencion-ictus-avances-jornada-ospitalarioak-atece-2025","status":"publish","type":"post","link":"https:\/\/ospitalarioakfundazioaeuskadi.org\/es\/atencion-ictus-avances-jornada-ospitalarioak-atece-2025\/","title":{"rendered":"Los \u00faltimos avances en atenci\u00f3n del ictus, en la jornada de Ospitalarioak Fundazioa Euskadi y ATECE Gipuzkoa"},"content":{"rendered":"<p><a href=\"\/es\/\">Ospitalarioak Fundazioa Euskadi<\/a> (antes Hermanas Hospitalarias Aita Menni) y la asociaci\u00f3n de da\u00f1o cerebral adquirido <a href=\"https:\/\/www.atecegipuzkoa.org\/\" target=\"_blank\" rel=\"nofollow noopener\">ATECE Gipuzkoa<\/a> celebraron el pasado 24 de octubre, en el Aquarium de Donostia-San Sebasti\u00e1n, la <a href=\"https:\/\/ospitalarioakfundazioaeuskadi.org\/es\/24-octubre-jornada-avances-atencion-sanitaria-social-ictus\/\">jornada \u201cAvances en la atenci\u00f3n sanitaria y social del ictus\u201d<\/a>. El encuentro, enmarcado en los actos conmemorativos del D\u00eda del Da\u00f1o Cerebral Adquirido (26 de octubre) y del D\u00eda del Ictus (29 de octubre), reuni\u00f3 a profesionales de los \u00e1mbitos sanitario, sociosanitario, institucional y asociativo con el objetivo de analizar los retos actuales en prevenci\u00f3n, rehabilitaci\u00f3n y acompa\u00f1amiento a las personas afectadas por una lesi\u00f3n cerebral.<\/p>\n<p>La directora general de Atenci\u00f3n a la Dependencia y la Discapacidad del Departamento de Cuidados y Pol\u00edticas Sociales de la Diputaci\u00f3n Foral de Gipuzkoa, <strong>Txaro Rodrigo<\/strong>, fue la encargada de inaugurar la jornada. En su intervenci\u00f3n, destac\u00f3 la importancia de la cooperaci\u00f3n entre las distintas administraciones, los servicios sanitarios y sociales, y las entidades del tercer sector, subrayando la labor de Ospitalarioak Fundazioa Euskadi y ATECE Gipuzkoa, a las que defini\u00f3 como \u201cpilar esencial para las personas con DCA en Gipuzkoa, una red que transforma vidas\u201d y que \u201cnos hace ser m\u00e1s eficaces en el desarrollo de pol\u00edticas p\u00fablicas\u201d.<\/p>\n<h2>Avances m\u00e9dicos y neurorrehabilitaci\u00f3n<\/h2>\n<p>El primer bloque, moderado por <strong>Maite Mart\u00ednez<\/strong>, neur\u00f3loga y directora gerente del Hospital Universitario Donostia, se centr\u00f3 en los aspectos m\u00e9dicos y de rehabilitaci\u00f3n del ictus.<\/p>\n<p><strong>Mar Freijo<\/strong>, neur\u00f3loga del Hospital Universitario de Cruces, coordinadora del grupo neurovascular del Instituto de Investigaci\u00f3n Sanitaria Biobizkaia y del grupo de enfermedades cerebrovasculares de la Sociedad Espa\u00f1ola de Neurolog\u00eda (SEN), present\u00f3 una ponencia sobre la evoluci\u00f3n epidemiol\u00f3gica del ictus. Seg\u00fan los datos expuestos, en 2024 se registraron 22.786 fallecimientos por ictus en Espa\u00f1a, de los cuales 1.238 correspondieron al Pa\u00eds Vasco, cifras que, pese a su magnitud, muestran una tendencia descendente. La especialista destac\u00f3 la necesidad de reforzar la prevenci\u00f3n primaria y secundaria, actuando sobre los factores de riesgo modificables, y abog\u00f3 por la definici\u00f3n de un marco com\u00fan europeo que garantice la calidad en la atenci\u00f3n a los pacientes con ictus.<\/p>\n<p>A continuaci\u00f3n, <strong>Diego Hermoso de Mendoza<\/strong>, especialista en Rehabilitaci\u00f3n y Medicina F\u00edsica del Hospital de Gorliz, profundiz\u00f3 en el abordaje de la espasticidad, un trastorno motor caracterizado por el aumento anormal del tono muscular. Explic\u00f3 que los tratamientos actuales son cada vez m\u00e1s precisos e individualizados y que los bloqueos nerviosos resultan de gran ayuda en la toma de decisiones terap\u00e9uticas. Se\u00f1al\u00f3 adem\u00e1s que la toxina botul\u00ednica constituye hoy el tratamiento de referencia y mencion\u00f3 t\u00e9cnicas emergentes como la radiofrecuencia, la crioneurolisis o la tenotom\u00eda percut\u00e1nea, que abren nuevas v\u00edas para tratar la espasticidad.<\/p>\n<p><strong>Bego\u00f1e Belarrinaga<\/strong>, neur\u00f3loga del Hospital Universitario Araba (sede Txagorritxu), abord\u00f3 en su intervenci\u00f3n el uso de la estimulaci\u00f3n magn\u00e9tica transcraneal, una t\u00e9cnica no invasiva que, seg\u00fan indic\u00f3, cuenta con una creciente evidencia cient\u00edfica como coadyuvante en el estudio y tratamiento de diversas patolog\u00edas. En el caso del ictus, su aplicaci\u00f3n favorece la neuroplasticidad, facilitando la recuperaci\u00f3n funcional de secuelas como la afasia o las limitaciones motoras.<\/p>\n<p><a href=\"https:\/\/ospitalarioakfundazioaeuskadi.org\/wp-content\/uploads\/2025\/10\/20251024-jornada-ictus-ofe-atece-27.jpg\"><img loading=\"lazy\" decoding=\"async\" class=\"alignnone wp-image-76333 size-full\" src=\"https:\/\/ospitalarioakfundazioaeuskadi.org\/wp-content\/uploads\/2025\/10\/20251024-jornada-ictus-ofe-atece-27.jpg\" alt=\"Un hombre se dirige a una audiencia. En una pantalla grande se ve un gr\u00e1fico con datos.\" width=\"850\" height=\"638\" title=\"\" srcset=\"https:\/\/ospitalarioakfundazioaeuskadi.org\/wp-content\/uploads\/2025\/10\/20251024-jornada-ictus-ofe-atece-27.jpg 850w, https:\/\/ospitalarioakfundazioaeuskadi.org\/wp-content\/uploads\/2025\/10\/20251024-jornada-ictus-ofe-atece-27-425x319.jpg 425w, https:\/\/ospitalarioakfundazioaeuskadi.org\/wp-content\/uploads\/2025\/10\/20251024-jornada-ictus-ofe-atece-27-768x576.jpg 768w\" sizes=\"auto, (max-width: 850px) 100vw, 850px\" \/><\/a><\/p>\n<p>Cerr\u00f3 este bloque <strong>Juan Ignacio Mar\u00edn<\/strong>, m\u00e9dico rehabilitador del <a href=\"https:\/\/ospitalarioakfundazioaeuskadi.org\/es\/que-hacemos\/neurorrehabilitacion-dano-cerebral\/\">Servicio de Neurorrehabilitaci\u00f3n y Da\u00f1o Cerebral<\/a> de Ospitalarioak Fundazioa Euskadi, quien centr\u00f3 su exposici\u00f3n en los mitos que a\u00fan persisten en torno a la recuperaci\u00f3n tras un da\u00f1o cerebral. Record\u00f3 que \u201ces falso que los pacientes con afectaci\u00f3n severa no puedan mejorar\u201d y present\u00f3 los resultados del Proyecto ICURA, un estudio aplicado a pacientes con afectaci\u00f3n grave en el miembro superior tratados con rehabilitaci\u00f3n intensiva en la <a href=\"https:\/\/ospitalarioakfundazioaeuskadi.org\/es\/unidad\/dano-cerebral-hospitalizacion-mondragon\/\">Unidad de Hospitalizaci\u00f3n<\/a> de nuestra entidad. \u201cTras finalizar el programa, el 37% de los pacientes pas\u00f3 a tener una movilidad suficiente en los brazos para poder desempe\u00f1ar actividades b\u00e1sicas de la vida diaria: alcanzar, coger, mover objetos, soltarlos, vestirse\u2026 El 63% registr\u00f3 cambios cl\u00ednicamente significativos en la movilidad y la funci\u00f3n. Hubo muchos pacientes que pasaron de una afectaci\u00f3n severa a una afectaci\u00f3n moderada e, incluso, unos pocos, alcanzaron un estadio de afectaci\u00f3n leve\u201d, explic\u00f3 el especialista.<\/p>\n<p>El doctor <strong>Mar\u00edn<\/strong> a\u00f1adi\u00f3 que el objetivo es \u201credefinir los l\u00edmites de la recuperaci\u00f3n\u201d y desmontar el mito de que los pacientes en fase cr\u00f3nica no pueden mejorar. En esta l\u00ednea, present\u00f3 una nueva fase del proyecto ICURA, centrada en personas que se encuentran en fase cr\u00f3nica tras un ictus. Este programa integra tecnolog\u00eda avanzada \u2014rob\u00f3tica, estimulaci\u00f3n el\u00e9ctrica funcional y estimulaci\u00f3n magn\u00e9tica transcraneal\u2014 con una alta intensidad de entrenamiento y un plan de rehabilitaci\u00f3n personalizado, coordinado por un equipo interdisciplinar con m\u00e1s de tres d\u00e9cadas de experiencia. Los resultados, afirm\u00f3, \u201cmuestran beneficios claros: mayor autonom\u00eda y menor dependencia para los pacientes, alivio para las familias, mejores resultados funcionales para los servicios de salud y, en \u00faltima instancia, un ahorro de costes para la sociedad\u201d.<\/p>\n<h2>Apoyos y experiencias personales<\/h2>\n<p>El segundo bloque de la jornada, moderado por <a href=\"https:\/\/ospitalarioakfundazioaeuskadi.org\/es\/autor\/jose-ignacio-quemada-ubis\/\"><strong>Jos\u00e9 Ignacio Quemada<\/strong><\/a>, director de <a href=\"https:\/\/www.da\u00f1ocerebral.es\" target=\"_blank\" rel=\"noopener nofollow\">Fundaci\u00f3n Hospitalarias: Red de Da\u00f1o Cerebral y Neurorrehabilitaci\u00f3n<\/a> y director m\u00e9dico de <a href=\"https:\/\/www.centropadremenni.org\/\" target=\"_blank\" rel=\"noopener nofollow\">Fundaci\u00f3n Hospitalarias Cantabria<\/a>, abord\u00f3 los recursos, apoyos y experiencias que contribuyen a mejorar la autonom\u00eda y la calidad de vida de las personas con da\u00f1o cerebral adquirido.<\/p>\n<p><strong>Dar\u00edo Fern\u00e1ndez Delgado<\/strong>, m\u00e9dico de familia y psic\u00f3logo, centr\u00f3 su intervenci\u00f3n en la prevenci\u00f3n del suicidio en personas con discapacidad, recordando que en Espa\u00f1a \u201ccada dos horas se suicida una persona\u201d y que las personas con discapacidad presentan el doble de riesgo. Explic\u00f3 que en Madrid se ha creado recientemente la <a href=\"https:\/\/www.convives.net\/2025\/03\/red-intercomunitaria-contra-el-suicidio-en-personas-con-discapacidad\/\" target=\"_blank\" rel=\"nofollow noopener\">Red intercomunitaria contra el suicidio en personas con discapacidad y sus familias<\/a>, cuyo objetivo es formar a profesionales sanitarios en la detecci\u00f3n y abordaje de este riesgo. Destac\u00f3 que se trata de una formaci\u00f3n sencilla, en formato online y con una gran aplicabilidad pr\u00e1ctica, y defendi\u00f3 la necesidad de \u201cuna atenci\u00f3n m\u00e1s humana, \u00e9tica y efectiva por parte de los profesionales sanitarios\u201d.<\/p>\n<p>Tras esta intervenci\u00f3n, <strong>I\u00f1aki D\u00edez<\/strong>, usuario de la asociaci\u00f3n ATECE Gipuzkoa, dio lectura al Manifiesto del D\u00eda del Da\u00f1o Cerebral 2025, en el que el movimiento asociativo reivindica m\u00e1s de tres d\u00e9cadas de trabajo en defensa de la dignidad, los derechos y la inclusi\u00f3n de las personas con DCA y sus familias. En el texto, Da\u00f1o Cerebral Estatal-ATECE Gipuzkoa solicit\u00f3 a las administraciones la creaci\u00f3n de un c\u00f3digo espec\u00edfico al alta hospitalaria, la puesta en marcha de un Plan Nacional de Atenci\u00f3n al DCA que garantice una coordinaci\u00f3n efectiva de recursos y servicios, y una atenci\u00f3n integral e inclusiva que contemple tanto la diversidad de situaciones como las necesidades de las familias. El manifiesto hizo hincapi\u00e9 en colectivos menos visibilizados, como las ni\u00f1as y ni\u00f1os con DCA infantil, las personas gravemente afectadas y aquellas con da\u00f1o cerebral y problemas de salud mental.<\/p>\n<p>A continuaci\u00f3n, <strong>Ander Zapiain<\/strong>, responsable del Servicio de Atenci\u00f3n a la Dependencia y la Discapacidad del Departamento de Cuidados y Pol\u00edticas Sociales de la Diputaci\u00f3n Foral de Gipuzkoa, present\u00f3 datos sobre la situaci\u00f3n en el territorio. De las m\u00e1s de 30.000 personas dependientes registradas en Gipuzkoa, 1.481 lo son a consecuencia de un ictus, de las cuales m\u00e1s del 90% tiene m\u00e1s de 65 a\u00f1os. Zapiain destac\u00f3 que la prestaci\u00f3n econ\u00f3mica de asistencia personal (PEAP) es la ayuda m\u00e1s habitual, otorgada a 409 personas, seguida de la prestaci\u00f3n para cuidados en el entorno familiar (PECE). Seg\u00fan explic\u00f3, el 81% de las personas dependientes por ictus recibe al menos un tipo de ayuda p\u00fablica, y la mayor\u00eda percibe m\u00e1s de una. En su exposici\u00f3n, remarc\u00f3 el compromiso de la Diputaci\u00f3n y la necesidad de la colaboraci\u00f3n interinstitucional y con entidades especializadas, como Ospitalarioak Fundazioa Euskadi, que gestiona recursos como el servicio de ayudas t\u00e9cnicas Etxetek y los centros de d\u00eda de da\u00f1o cerebral de <a href=\"https:\/\/ospitalarioakfundazioaeuskadi.org\/es\/centro\/centro-musakola\/\">Musakola<\/a> (Arrasate) y <a href=\"https:\/\/ospitalarioakfundazioaeuskadi.org\/es\/unidad\/centro-dia-dano-cerebral-san-sebastian\/\">Zuatzu<\/a> (Donostia).<\/p>\n<p>El bloque continu\u00f3 con el testimonio de <strong>Eleder Lacuesta<\/strong>, profesor y socio de ATECE Gipuzkoa, que sufri\u00f3 un ictus con secuelas severas a los 37 a\u00f1os. Hoy vive en un piso adaptado, acude al campus de la UPV\/EHU en silla de ruedas y cursa estudios universitarios. Durante su intervenci\u00f3n, anim\u00f3 a otras personas afectadas a seguir form\u00e1ndose y a \u201cnormalizar nuestra situaci\u00f3n\u201d mediante la participaci\u00f3n y el esfuerzo. \u201cCon medios, con apoyo de la comunidad, tenacidad y mucho trabajo personal, se consiguen cosas\u201d, afirm\u00f3.<\/p>\n<p><a href=\"https:\/\/ospitalarioakfundazioaeuskadi.org\/wp-content\/uploads\/2025\/10\/20251024-jornada-ictus-ofe-atece-21.jpg\"><img loading=\"lazy\" decoding=\"async\" class=\"alignnone wp-image-76295 size-large\" src=\"https:\/\/ospitalarioakfundazioaeuskadi.org\/wp-content\/uploads\/2025\/10\/20251024-jornada-ictus-ofe-atece-21-850x638.jpg\" alt=\"Una mujer y tres hombres, uno de ellos en una silla de ruedas el\u00e9ctrica, conversan en un escenario en torno a una mesa baja\" width=\"850\" height=\"638\" title=\"\" srcset=\"https:\/\/ospitalarioakfundazioaeuskadi.org\/wp-content\/uploads\/2025\/10\/20251024-jornada-ictus-ofe-atece-21-850x638.jpg 850w, https:\/\/ospitalarioakfundazioaeuskadi.org\/wp-content\/uploads\/2025\/10\/20251024-jornada-ictus-ofe-atece-21-425x319.jpg 425w, https:\/\/ospitalarioakfundazioaeuskadi.org\/wp-content\/uploads\/2025\/10\/20251024-jornada-ictus-ofe-atece-21-768x576.jpg 768w, https:\/\/ospitalarioakfundazioaeuskadi.org\/wp-content\/uploads\/2025\/10\/20251024-jornada-ictus-ofe-atece-21.jpg 1024w\" sizes=\"auto, (max-width: 850px) 100vw, 850px\" \/><\/a><\/p>\n<p>La <strong>enfermera Arantza L\u00f3pez<\/strong>, del Servicio de Neurolog\u00eda del <strong>Hospital Universitario Donostia<\/strong>, clausur\u00f3 el bloque explicando la experiencia de la Escuela de familias de la Unidad de Ictus de Donostialdea, que atiende en torno a 1.000 casos anuales. Este programa ofrece sesiones de 45 minutos y la entrega de una gu\u00eda pr\u00e1ctica en el momento agudo, con el objetivo de implicar tanto al paciente como a sus familiares desde el inicio del proceso de recuperaci\u00f3n.<\/p>\n<p>El acto fue clausurado por <a href=\"https:\/\/ospitalarioakfundazioaeuskadi.org\/es\/marisa-merino-nueva-directora-gerente-de-ospitalarioak-fundazioa-euskadi\/\"><strong>Marisa Merino<\/strong><\/a> y <strong>Manuel Murie<\/strong>, directora gerente y director m\u00e9dico de Ospitalarioak Fundazioa Euskadi, respectivamente. La doctora <strong>Merino<\/strong> subray\u00f3 que \u201cel verdadero avance en la atenci\u00f3n a las personas con da\u00f1o cerebral adquirido no s\u00f3lo est\u00e1 en la tecnolog\u00eda y los procesos, que tambi\u00e9n son esenciales, sino en el acompa\u00f1amiento que hacemos a las personas y el reconocimiento de las necesidades de cada una de ellas\u201d. A su juicio, nuestra instituci\u00f3n \u201caporta un nexo de uni\u00f3n entre lo sanitario y lo social, beneficioso para todas las personas y entidades implicadas\u201d.<\/p>\n<p>Por su parte, el doctor <strong>Murie<\/strong> incidi\u00f3 en la necesidad de garantizar una coordinaci\u00f3n efectiva entre los sistemas sanitario y social, tanto por la continuidad de los cuidados como por la protecci\u00f3n que requieren las personas cuando la recuperaci\u00f3n no puede ser completa. \u201cEl ictus debe atenderse en todas sus fases: la fase aguda, la subaguda, la de neurorrehabilitaci\u00f3n y la cr\u00f3nica. Y es fundamental que exista coordinaci\u00f3n entre los distintos actores implicados en cada una de ellas\u201d, concluy\u00f3.<\/p>\n<p>El presidente de ATECE Gipuzkoa, <strong>Jos\u00e9 Manuel Amador<\/strong>, cerr\u00f3 la jornada con un mensaje de esperanza: \u201cHay un futuro bueno a pesar del ictus\u201d, afirm\u00f3, agradeciendo la presencia del p\u00fablico, los ponentes y los moderadores, y reconociendo los avances logrados en las tres d\u00e9cadas de trayectoria de la asociaci\u00f3n.<\/p>\n<p><a href=\"https:\/\/ospitalarioakfundazioaeuskadi.org\/wp-content\/uploads\/2025\/10\/20251024-jornada-ictus-ofe-atece-23.jpg\"><img loading=\"lazy\" decoding=\"async\" class=\"alignnone wp-image-76299 size-large\" src=\"https:\/\/ospitalarioakfundazioaeuskadi.org\/wp-content\/uploads\/2025\/10\/20251024-jornada-ictus-ofe-atece-23-850x567.jpg\" alt=\"\" width=\"850\" height=\"567\" title=\"\" srcset=\"https:\/\/ospitalarioakfundazioaeuskadi.org\/wp-content\/uploads\/2025\/10\/20251024-jornada-ictus-ofe-atece-23-850x567.jpg 850w, https:\/\/ospitalarioakfundazioaeuskadi.org\/wp-content\/uploads\/2025\/10\/20251024-jornada-ictus-ofe-atece-23-425x283.jpg 425w, https:\/\/ospitalarioakfundazioaeuskadi.org\/wp-content\/uploads\/2025\/10\/20251024-jornada-ictus-ofe-atece-23-768x512.jpg 768w, https:\/\/ospitalarioakfundazioaeuskadi.org\/wp-content\/uploads\/2025\/10\/20251024-jornada-ictus-ofe-atece-23.jpg 1024w\" sizes=\"auto, (max-width: 850px) 100vw, 850px\" \/><\/a><\/p>\n<div id='gallery-1' class='gallery galleryid-76294 gallery-columns-5 gallery-size-thumbnail'><figure class='gallery-item'>\n\t\t\t<div class='gallery-icon landscape'>\n\t\t\t\t<a href=\"https:\/\/ospitalarioakfundazioaeuskadi.org\/wp-content\/uploads\/2025\/10\/20251024-jornada-ictus-ofe-atece-1.jpg\"><img loading=\"lazy\" decoding=\"async\" width=\"200\" height=\"200\" src=\"https:\/\/ospitalarioakfundazioaeuskadi.org\/wp-content\/uploads\/2025\/10\/20251024-jornada-ictus-ofe-atece-1-200x200.jpg\" class=\"attachment-thumbnail size-thumbnail\" alt=\"\" title=\"\"><\/a>\n\t\t\t<\/div><\/figure><figure class='gallery-item'>\n\t\t\t<div class='gallery-icon landscape'>\n\t\t\t\t<a href=\"https:\/\/ospitalarioakfundazioaeuskadi.org\/wp-content\/uploads\/2025\/10\/20251024-jornada-ictus-ofe-atece-2.jpg\"><img loading=\"lazy\" decoding=\"async\" width=\"200\" height=\"200\" src=\"https:\/\/ospitalarioakfundazioaeuskadi.org\/wp-content\/uploads\/2025\/10\/20251024-jornada-ictus-ofe-atece-2-200x200.jpg\" class=\"attachment-thumbnail size-thumbnail\" alt=\"\" title=\"\"><\/a>\n\t\t\t<\/div><\/figure><figure class='gallery-item'>\n\t\t\t<div class='gallery-icon landscape'>\n\t\t\t\t<a href=\"https:\/\/ospitalarioakfundazioaeuskadi.org\/wp-content\/uploads\/2025\/10\/20251024-jornada-ictus-ofe-atece-6.jpg\"><img loading=\"lazy\" decoding=\"async\" width=\"200\" height=\"200\" src=\"https:\/\/ospitalarioakfundazioaeuskadi.org\/wp-content\/uploads\/2025\/10\/20251024-jornada-ictus-ofe-atece-6-200x200.jpg\" class=\"attachment-thumbnail size-thumbnail\" alt=\"\" title=\"\"><\/a>\n\t\t\t<\/div><\/figure><figure class='gallery-item'>\n\t\t\t<div class='gallery-icon landscape'>\n\t\t\t\t<a href=\"https:\/\/ospitalarioakfundazioaeuskadi.org\/wp-content\/uploads\/2025\/10\/20251024-jornada-ictus-ofe-atece-9.jpg\"><img loading=\"lazy\" decoding=\"async\" width=\"200\" height=\"200\" src=\"https:\/\/ospitalarioakfundazioaeuskadi.org\/wp-content\/uploads\/2025\/10\/20251024-jornada-ictus-ofe-atece-9-200x200.jpg\" class=\"attachment-thumbnail size-thumbnail\" alt=\"\" title=\"\"><\/a>\n\t\t\t<\/div><\/figure><figure class='gallery-item'>\n\t\t\t<div class='gallery-icon portrait'>\n\t\t\t\t<a href=\"https:\/\/ospitalarioakfundazioaeuskadi.org\/wp-content\/uploads\/2025\/10\/20251024-jornada-ictus-ofe-atece-25.jpg\"><img loading=\"lazy\" decoding=\"async\" width=\"200\" height=\"200\" src=\"https:\/\/ospitalarioakfundazioaeuskadi.org\/wp-content\/uploads\/2025\/10\/20251024-jornada-ictus-ofe-atece-25-200x200.jpg\" class=\"attachment-thumbnail size-thumbnail\" alt=\"\" title=\"\"><\/a>\n\t\t\t<\/div><\/figure><figure class='gallery-item'>\n\t\t\t<div class='gallery-icon portrait'>\n\t\t\t\t<a href=\"https:\/\/ospitalarioakfundazioaeuskadi.org\/wp-content\/uploads\/2025\/10\/20251024-jornada-ictus-ofe-atece-24.jpg\"><img loading=\"lazy\" decoding=\"async\" width=\"200\" height=\"200\" src=\"https:\/\/ospitalarioakfundazioaeuskadi.org\/wp-content\/uploads\/2025\/10\/20251024-jornada-ictus-ofe-atece-24-200x200.jpg\" class=\"attachment-thumbnail size-thumbnail\" alt=\"\" title=\"\"><\/a>\n\t\t\t<\/div><\/figure><figure class='gallery-item'>\n\t\t\t<div class='gallery-icon landscape'>\n\t\t\t\t<a href=\"https:\/\/ospitalarioakfundazioaeuskadi.org\/wp-content\/uploads\/2025\/10\/20251024-jornada-ictus-ofe-atece-22-1.jpg\"><img loading=\"lazy\" decoding=\"async\" width=\"200\" height=\"200\" src=\"https:\/\/ospitalarioakfundazioaeuskadi.org\/wp-content\/uploads\/2025\/10\/20251024-jornada-ictus-ofe-atece-22-1-200x200.jpg\" class=\"attachment-thumbnail size-thumbnail\" alt=\"\" title=\"\"><\/a>\n\t\t\t<\/div><\/figure><figure class='gallery-item'>\n\t\t\t<div class='gallery-icon landscape'>\n\t\t\t\t<a href=\"https:\/\/ospitalarioakfundazioaeuskadi.org\/wp-content\/uploads\/2025\/10\/20251024-jornada-ictus-ofe-atece-20.jpg\"><img loading=\"lazy\" decoding=\"async\" width=\"200\" height=\"200\" src=\"https:\/\/ospitalarioakfundazioaeuskadi.org\/wp-content\/uploads\/2025\/10\/20251024-jornada-ictus-ofe-atece-20-200x200.jpg\" class=\"attachment-thumbnail size-thumbnail\" alt=\"\" title=\"\"><\/a>\n\t\t\t<\/div><\/figure><figure class='gallery-item'>\n\t\t\t<div class='gallery-icon landscape'>\n\t\t\t\t<a href=\"https:\/\/ospitalarioakfundazioaeuskadi.org\/wp-content\/uploads\/2025\/10\/20251024-jornada-ictus-ofe-atece-15.jpg\"><img loading=\"lazy\" decoding=\"async\" width=\"200\" height=\"200\" src=\"https:\/\/ospitalarioakfundazioaeuskadi.org\/wp-content\/uploads\/2025\/10\/20251024-jornada-ictus-ofe-atece-15-200x200.jpg\" class=\"attachment-thumbnail size-thumbnail\" alt=\"\" title=\"\"><\/a>\n\t\t\t<\/div><\/figure><figure class='gallery-item'>\n\t\t\t<div class='gallery-icon landscape'>\n\t\t\t\t<a href=\"https:\/\/ospitalarioakfundazioaeuskadi.org\/wp-content\/uploads\/2025\/10\/20251024-jornada-ictus-ofe-atece-14.jpg\"><img loading=\"lazy\" decoding=\"async\" width=\"200\" height=\"200\" src=\"https:\/\/ospitalarioakfundazioaeuskadi.org\/wp-content\/uploads\/2025\/10\/20251024-jornada-ictus-ofe-atece-14-200x200.jpg\" class=\"attachment-thumbnail size-thumbnail\" alt=\"\" title=\"\"><\/a>\n\t\t\t<\/div><\/figure>\n\t\t<\/div>\n\n","protected":false},"excerpt":{"rendered":"<div class=\"entry-summary\">\nOspitalarioak Fundazioa Euskadi (antes Hermanas Hospitalarias Aita Menni) y la asociaci\u00f3n de da\u00f1o cerebral adquirido ATECE Gipuzkoa celebraron el pasado 24 de octubre, en el Aquarium de Donostia-San Sebasti\u00e1n, la jornada \u201cAvances en la atenci\u00f3n sanitaria y social del ictus\u201d.&hellip;\n<\/div>\n<div class=\"link-more\"><a href=\"https:\/\/ospitalarioakfundazioaeuskadi.org\/es\/atencion-ictus-avances-jornada-ospitalarioak-atece-2025\/\" class=\"more-link\">Seguir leyendo<span class=\"screen-reader-text\"> &ldquo;Los \u00faltimos avances en atenci\u00f3n del ictus, en la jornada de Ospitalarioak Fundazioa Euskadi y ATECE Gipuzkoa&rdquo;<\/span>&hellip;<\/a><\/div>\n","protected":false},"author":1,"featured_media":76311,"comment_status":"closed","ping_status":"closed","sticky":false,"template":"","format":"standard","meta":{"footnotes":""},"categories":[646,1036,1009],"tags":[],"linea-asistencial":[981],"class_list":["post-76294","post","type-post","status-publish","format-standard","has-post-thumbnail","hentry","category-aita-menni","category-conocimiento","category-dano-cerebral","linea-asistencial-3-dano-cerebral","entry"],"_links":{"self":[{"href":"https:\/\/ospitalarioakfundazioaeuskadi.org\/es\/wp-json\/wp\/v2\/posts\/76294","targetHints":{"allow":["GET"]}}],"collection":[{"href":"https:\/\/ospitalarioakfundazioaeuskadi.org\/es\/wp-json\/wp\/v2\/posts"}],"about":[{"href":"https:\/\/ospitalarioakfundazioaeuskadi.org\/es\/wp-json\/wp\/v2\/types\/post"}],"author":[{"embeddable":true,"href":"https:\/\/ospitalarioakfundazioaeuskadi.org\/es\/wp-json\/wp\/v2\/users\/1"}],"replies":[{"embeddable":true,"href":"https:\/\/ospitalarioakfundazioaeuskadi.org\/es\/wp-json\/wp\/v2\/comments?post=76294"}],"version-history":[{"count":3,"href":"https:\/\/ospitalarioakfundazioaeuskadi.org\/es\/wp-json\/wp\/v2\/posts\/76294\/revisions"}],"predecessor-version":[{"id":76383,"href":"https:\/\/ospitalarioakfundazioaeuskadi.org\/es\/wp-json\/wp\/v2\/posts\/76294\/revisions\/76383"}],"wp:featuredmedia":[{"embeddable":true,"href":"https:\/\/ospitalarioakfundazioaeuskadi.org\/es\/wp-json\/wp\/v2\/media\/76311"}],"wp:attachment":[{"href":"https:\/\/ospitalarioakfundazioaeuskadi.org\/es\/wp-json\/wp\/v2\/media?parent=76294"}],"wp:term":[{"taxonomy":"category","embeddable":true,"href":"https:\/\/ospitalarioakfundazioaeuskadi.org\/es\/wp-json\/wp\/v2\/categories?post=76294"},{"taxonomy":"post_tag","embeddable":true,"href":"https:\/\/ospitalarioakfundazioaeuskadi.org\/es\/wp-json\/wp\/v2\/tags?post=76294"},{"taxonomy":"linea-asistencial","embeddable":true,"href":"https:\/\/ospitalarioakfundazioaeuskadi.org\/es\/wp-json\/wp\/v2\/linea-asistencial?post=76294"}],"curies":[{"name":"wp","href":"https:\/\/api.w.org\/{rel}","templated":true}]}}