{"id":76342,"date":"2025-10-27T10:56:19","date_gmt":"2025-10-27T08:56:19","guid":{"rendered":"https:\/\/ospitalarioakfundazioaeuskadi.org\/?p=76342"},"modified":"2025-10-29T18:12:56","modified_gmt":"2025-10-29T16:12:56","slug":"dano-cerebral-adquirido-concierto-atece-gipuzkoa-2025","status":"publish","type":"post","link":"https:\/\/ospitalarioakfundazioaeuskadi.org\/es\/dano-cerebral-adquirido-concierto-atece-gipuzkoa-2025\/","title":{"rendered":"Concierto por el D\u00eda del Da\u00f1o Cerebral Adquirido en San Sebasti\u00e1n"},"content":{"rendered":"<p>El pasado s\u00e1bado 25 de octubre, a las 18:00 horas, la asociaci\u00f3n de personas y familias con da\u00f1o cerebral\u00a0<a href=\"https:\/\/www.atecegipuzkoa.org\/\" target=\"_blank\" rel=\"nofollow noopener\">ATECE Gipuzkoa<\/a>\u00a0y\u00a0<a href=\"https:\/\/ospitalarioakfundazioaeuskadi.org\/es\/\" target=\"_blank\" rel=\"noopener\">Ospitalarioak Fundazioa Euskadi<\/a> (antes, Hermanas Hospitalarias Aita Menni) organizaron su ya tradicional concierto para conmemorar el D\u00eda del Da\u00f1o Cerebral Adquirido, que se celebra cada a\u00f1o el 26 de octubre. En esta edici\u00f3n, el coro de voces graves masculinas <a href=\"https:\/\/www.eragiyok.eus\/\" target=\"_blank\" rel=\"nofollow noopener\">Eragiyok Abesbatza<\/a> fue el protagonista de la actuaci\u00f3n. La formaci\u00f3n combin\u00f3 la interpretaci\u00f3n de obras tradicionales y folkl\u00f3ricas con un amplio repertorio de m\u00fasica sacra, zarzuela y \u00f3pera. El grupo present\u00f3 un programa variado con obras de <strong>J. Brahms<\/strong>,\u00a0<strong>F. Mendelssohn-Bartholdy<\/strong>,\u00a0<strong>R. Guridi<\/strong>,\u00a0<strong>P. Aldave<\/strong>\u00a0o\u00a0<strong>F. Escudero<\/strong>, entre otros compositores.<\/p>\n<p>De nuevo, el concierto coral tuvo lugar en la Iglesia de San Vicente (calle San Juan, 15, Donostia-San Sebasti\u00e1n) y la entrada fue gratuita hasta completar aforo. Sin duda result\u00f3 una velada de gran calidad musical en la que se visibiliz\u00f3 la realidad del da\u00f1o cerebral.<\/p>\n<p>A la cita musical asistieron personas con da\u00f1o cerebral adquirido y familiares, profesionales del sector sanitario y sociosanitario y p\u00fablico en general, adem\u00e1s de representantes institucionales como\u00a0<strong>Eider Mendoza<\/strong>, diputada general de Gipuzkoa;\u00a0<strong>Txaro Rodrigo<\/strong>, directora general de Atenci\u00f3n a las Personas con Dependencia y Discapacidad del departamento de Cuidados y Pol\u00edticas Sociales de la Diputaci\u00f3n Foral de Gipuzkoa, o <strong>Mariaje Idoeta<\/strong>, concejala de ervicios Sociales, Acci\u00f3n Comunitaria y Barrios del Ayuntamiento de Donostia-San Sebasti\u00e1n.<\/p>\n<p>Por parte de Ospitalarioak Fundazioa Euskadi\u00a0acudieron\u00a0<strong>Olatz Uriarte<\/strong>, coordinadora Centros de D\u00eda de Da\u00f1o Cerebral;\u00a0<strong>Bel\u00e9n Garc\u00eda<\/strong>, coordinadora de Tratamientos Ambulatorios;\u00a0<strong>Ane Navarro<\/strong>, terapeuta ocupacional; y\u00a0<strong>Ane Gurrutxaga<\/strong>, secretaria. Representaron a ATECE Gipuzkoa su presidente,\u00a0<strong>Jos\u00e9 Manuel Amador<\/strong>; la neuropsic\u00f3loga\u00a0<strong>Iratxe Beitia<\/strong>, la trabajadora social\u00a0<strong>Lourdes Carrasco<\/strong>, el monitor\u00a0<strong>Aitor Conde<\/strong>, la logopeda\u00a0<strong>Conchi Trecet<\/strong>\u00a0y la integrante de la junta directiva\u00a0<strong>Yolanda Sarasola<\/strong>, sin olvidar a personas usuarias de la entidad como\u00a0<strong>Estitxu<\/strong>,\u00a0<strong>Jexux Mari<\/strong>\u00a0e\u00a0<strong>I\u00f1aki<\/strong>, entre otras muchas.<\/p>\n","protected":false},"excerpt":{"rendered":"<div class=\"entry-summary\">\nEl pasado s\u00e1bado 25 de octubre, a las 18:00 horas, la asociaci\u00f3n de personas y familias con da\u00f1o cerebral\u00a0ATECE Gipuzkoa\u00a0y\u00a0Ospitalarioak Fundazioa Euskadi (antes, Hermanas Hospitalarias Aita Menni) organizaron su ya tradicional concierto para conmemorar el D\u00eda del Da\u00f1o Cerebral Adquirido,&hellip;\n<\/div>\n<div class=\"link-more\"><a href=\"https:\/\/ospitalarioakfundazioaeuskadi.org\/es\/dano-cerebral-adquirido-concierto-atece-gipuzkoa-2025\/\" class=\"more-link\">Seguir leyendo<span class=\"screen-reader-text\"> &ldquo;Concierto por el D\u00eda del Da\u00f1o Cerebral Adquirido en San Sebasti\u00e1n&rdquo;<\/span>&hellip;<\/a><\/div>\n","protected":false},"author":1,"featured_media":76343,"comment_status":"closed","ping_status":"closed","sticky":false,"template":"","format":"standard","meta":{"footnotes":""},"categories":[646,1009],"tags":[],"linea-asistencial":[981],"class_list":["post-76342","post","type-post","status-publish","format-standard","has-post-thumbnail","hentry","category-aita-menni","category-dano-cerebral","linea-asistencial-3-dano-cerebral","entry"],"_links":{"self":[{"href":"https:\/\/ospitalarioakfundazioaeuskadi.org\/es\/wp-json\/wp\/v2\/posts\/76342","targetHints":{"allow":["GET"]}}],"collection":[{"href":"https:\/\/ospitalarioakfundazioaeuskadi.org\/es\/wp-json\/wp\/v2\/posts"}],"about":[{"href":"https:\/\/ospitalarioakfundazioaeuskadi.org\/es\/wp-json\/wp\/v2\/types\/post"}],"author":[{"embeddable":true,"href":"https:\/\/ospitalarioakfundazioaeuskadi.org\/es\/wp-json\/wp\/v2\/users\/1"}],"replies":[{"embeddable":true,"href":"https:\/\/ospitalarioakfundazioaeuskadi.org\/es\/wp-json\/wp\/v2\/comments?post=76342"}],"version-history":[{"count":3,"href":"https:\/\/ospitalarioakfundazioaeuskadi.org\/es\/wp-json\/wp\/v2\/posts\/76342\/revisions"}],"predecessor-version":[{"id":76350,"href":"https:\/\/ospitalarioakfundazioaeuskadi.org\/es\/wp-json\/wp\/v2\/posts\/76342\/revisions\/76350"}],"wp:featuredmedia":[{"embeddable":true,"href":"https:\/\/ospitalarioakfundazioaeuskadi.org\/es\/wp-json\/wp\/v2\/media\/76343"}],"wp:attachment":[{"href":"https:\/\/ospitalarioakfundazioaeuskadi.org\/es\/wp-json\/wp\/v2\/media?parent=76342"}],"wp:term":[{"taxonomy":"category","embeddable":true,"href":"https:\/\/ospitalarioakfundazioaeuskadi.org\/es\/wp-json\/wp\/v2\/categories?post=76342"},{"taxonomy":"post_tag","embeddable":true,"href":"https:\/\/ospitalarioakfundazioaeuskadi.org\/es\/wp-json\/wp\/v2\/tags?post=76342"},{"taxonomy":"linea-asistencial","embeddable":true,"href":"https:\/\/ospitalarioakfundazioaeuskadi.org\/es\/wp-json\/wp\/v2\/linea-asistencial?post=76342"}],"curies":[{"name":"wp","href":"https:\/\/api.w.org\/{rel}","templated":true}]}}