{"id":76394,"date":"2025-10-30T12:56:32","date_gmt":"2025-10-30T10:56:32","guid":{"rendered":"https:\/\/ospitalarioakfundazioaeuskadi.org\/?p=76394"},"modified":"2025-10-30T12:56:32","modified_gmt":"2025-10-30T10:56:32","slug":"jornada-identidad-valores-hospitalarios-octubre-2025","status":"publish","type":"post","link":"https:\/\/ospitalarioakfundazioaeuskadi.org\/es\/jornada-identidad-valores-hospitalarios-octubre-2025\/","title":{"rendered":"\u00abHospitalidad que transforma vidas\u00bb: profundizando en los valores que nos inspiran"},"content":{"rendered":"<p>El pasado d\u00eda 28, <a href=\"\/es\/\">Ospitalarioak Fundazioa Euskadi<\/a> celebr\u00f3 en su <a href=\"https:\/\/ospitalarioakfundazioaeuskadi.org\/es\/centro\/hospital-aita-menni\/\">hospital de Mondrag\u00f3n<\/a> una jornada de formaci\u00f3n sobre <a href=\"https:\/\/www.ospitalarioakfundazioaeuskadi.org\/wp-content\/uploads\/documentos\/marco-identidad-hermanas-hospitalarias.pdf\" target=\"_blank\" rel=\"noopener\">identidad<\/a> y <a href=\"https:\/\/ospitalarioakfundazioaeuskadi.org\/es\/hospitalidad\/valores-hospitalarios\/\">valores hospitalarios<\/a>, a la que asistieron 70 colaboradores y colaboradoras, la comunidad de hermanas hospitalarias y personas voluntarias que ofrecen su tiempo en nuestros centros.<\/p>\n<p>La sesi\u00f3n, destinada a reforzar la cultura com\u00fan en torno a la hospitalidad, abord\u00f3 el modelo hospitalario y su aplicaci\u00f3n en la atenci\u00f3n a personas con problemas de salud mental, discapacidad intelectual, trastornos del espectro autista, da\u00f1o cerebral y personas mayores. El encuentro sirvi\u00f3 para reflexionar sobre c\u00f3mo la hospitalidad inspira nuestra actuaci\u00f3n y nos impulsa en el compromiso con una manera de atender y cuidar en la que la persona es el centro.<\/p>\n<p>La bienvenida a la jornada corri\u00f3 a cargo de <strong>Marisa Merino<\/strong>, directora gerente de Ospitalarioak Fundazioa Euskadi, y a continuacion, el coordinador de <a href=\"https:\/\/ospitalarioakfundazioaeuskadi.org\/es\/hospitalidad\/pastoral-atencion-espiritual\/\">Pastoral y Atenci\u00f3n Espiritual y Religiosa<\/a> en Ospitalarioak Fundazioa Euskadi, <strong>Egoitz Zabala<\/strong>, repas\u00f3 la historia de la Congregaci\u00f3n de <a href=\"https:\/\/hospitalarias.org\/\" target=\"_blank\" rel=\"noopener nofollow\">Hermanas Hospitalarias<\/a> y los hitos del hospital de Mondrag\u00f3n.<\/p>\n<p>La doctora <strong>Mabel Mariju\u00e1n<\/strong>, profesora de Bio\u00e9tica en la Universidad del Pa\u00eds Vasco y vocal del Patronato de la <a href=\"https:\/\/fundacionhospitalarias.org\" rel=\"nofollow noopener\" target=\"_blank\">Fundaci\u00f3n Hospitalarias<\/a>, comparti\u00f3 una reflexi\u00f3n sobre los valores hospitalarios y la \u00e9tica bajo el t\u00edtulo \u00abBio\u00e9tica, Patrona de Fundaci\u00f3n Hospitalarias\u00bb.<\/p>\n<p><a href=\"https:\/\/ospitalarioakfundazioaeuskadi.org\/wp-content\/uploads\/2025\/10\/20251028-formacion-valores-1.jpg\"><img loading=\"lazy\" decoding=\"async\" class=\"alignnone wp-image-76518 size-full\" src=\"https:\/\/ospitalarioakfundazioaeuskadi.org\/wp-content\/uploads\/2025\/10\/20251028-formacion-valores-1.jpg\" alt=\"Una mujer habla delante de una pantalla\" width=\"850\" height=\"638\" title=\"\" srcset=\"https:\/\/ospitalarioakfundazioaeuskadi.org\/wp-content\/uploads\/2025\/10\/20251028-formacion-valores-1.jpg 850w, https:\/\/ospitalarioakfundazioaeuskadi.org\/wp-content\/uploads\/2025\/10\/20251028-formacion-valores-1-425x319.jpg 425w, https:\/\/ospitalarioakfundazioaeuskadi.org\/wp-content\/uploads\/2025\/10\/20251028-formacion-valores-1-768x576.jpg 768w\" sizes=\"auto, (max-width: 850px) 100vw, 850px\" \/><\/a><\/p>\n<p>El director corporativo de Identidad Hospitalaria de la Fundaci\u00f3n Hospitalarias, <strong>Alejandro Florit<\/strong>, fue el encargado de cerrar el encuentro, y expuso los ejes del modelo hospitalario de atenci\u00f3n y su traducci\u00f3n pr\u00e1ctica en los centros de la Instituci\u00f3n.<\/p>\n<p>La jornada reuni\u00f3 a profesionales de diferentes servicios, a la comunidad de hermanas y a personas voluntarias, poniendo el foco en el cuidado, la acogida y el respeto a la dignidad en cada intervenci\u00f3n, pilares del marco de identidad y de los valores hospitalarios.<\/p>\n<p><a href=\"https:\/\/ospitalarioakfundazioaeuskadi.org\/wp-content\/uploads\/2025\/10\/20251028-formacion-valores-4.jpg\"><img loading=\"lazy\" decoding=\"async\" class=\"alignnone wp-image-76524 size-full\" src=\"https:\/\/ospitalarioakfundazioaeuskadi.org\/wp-content\/uploads\/2025\/10\/20251028-formacion-valores-4.jpg\" alt=\"\" width=\"850\" height=\"638\" title=\"\" srcset=\"https:\/\/ospitalarioakfundazioaeuskadi.org\/wp-content\/uploads\/2025\/10\/20251028-formacion-valores-4.jpg 850w, https:\/\/ospitalarioakfundazioaeuskadi.org\/wp-content\/uploads\/2025\/10\/20251028-formacion-valores-4-425x319.jpg 425w, https:\/\/ospitalarioakfundazioaeuskadi.org\/wp-content\/uploads\/2025\/10\/20251028-formacion-valores-4-768x576.jpg 768w\" sizes=\"auto, (max-width: 850px) 100vw, 850px\" \/><\/a><\/p>\n","protected":false},"excerpt":{"rendered":"<div class=\"entry-summary\">\nEl pasado d\u00eda 28, Ospitalarioak Fundazioa Euskadi celebr\u00f3 en su hospital de Mondrag\u00f3n una jornada de formaci\u00f3n sobre identidad y valores hospitalarios, a la que asistieron 70 colaboradores y colaboradoras, la comunidad de hermanas hospitalarias y personas voluntarias que ofrecen&hellip;\n<\/div>\n<div class=\"link-more\"><a href=\"https:\/\/ospitalarioakfundazioaeuskadi.org\/es\/jornada-identidad-valores-hospitalarios-octubre-2025\/\" class=\"more-link\">Seguir leyendo<span class=\"screen-reader-text\"> &ldquo;\u00abHospitalidad que transforma vidas\u00bb: profundizando en los valores que nos inspiran&rdquo;<\/span>&hellip;<\/a><\/div>\n","protected":false},"author":1,"featured_media":76522,"comment_status":"closed","ping_status":"closed","sticky":false,"template":"","format":"standard","meta":{"footnotes":""},"categories":[646,1040,1041,1048,1032],"tags":[],"linea-asistencial":[],"class_list":["post-76394","post","type-post","status-publish","format-standard","has-post-thumbnail","hentry","category-aita-menni","category-bioetica","category-calidad","category-pastoral-atencion-espiritual","category-voluntariado","entry"],"_links":{"self":[{"href":"https:\/\/ospitalarioakfundazioaeuskadi.org\/es\/wp-json\/wp\/v2\/posts\/76394","targetHints":{"allow":["GET"]}}],"collection":[{"href":"https:\/\/ospitalarioakfundazioaeuskadi.org\/es\/wp-json\/wp\/v2\/posts"}],"about":[{"href":"https:\/\/ospitalarioakfundazioaeuskadi.org\/es\/wp-json\/wp\/v2\/types\/post"}],"author":[{"embeddable":true,"href":"https:\/\/ospitalarioakfundazioaeuskadi.org\/es\/wp-json\/wp\/v2\/users\/1"}],"replies":[{"embeddable":true,"href":"https:\/\/ospitalarioakfundazioaeuskadi.org\/es\/wp-json\/wp\/v2\/comments?post=76394"}],"version-history":[{"count":3,"href":"https:\/\/ospitalarioakfundazioaeuskadi.org\/es\/wp-json\/wp\/v2\/posts\/76394\/revisions"}],"predecessor-version":[{"id":76530,"href":"https:\/\/ospitalarioakfundazioaeuskadi.org\/es\/wp-json\/wp\/v2\/posts\/76394\/revisions\/76530"}],"wp:featuredmedia":[{"embeddable":true,"href":"https:\/\/ospitalarioakfundazioaeuskadi.org\/es\/wp-json\/wp\/v2\/media\/76522"}],"wp:attachment":[{"href":"https:\/\/ospitalarioakfundazioaeuskadi.org\/es\/wp-json\/wp\/v2\/media?parent=76394"}],"wp:term":[{"taxonomy":"category","embeddable":true,"href":"https:\/\/ospitalarioakfundazioaeuskadi.org\/es\/wp-json\/wp\/v2\/categories?post=76394"},{"taxonomy":"post_tag","embeddable":true,"href":"https:\/\/ospitalarioakfundazioaeuskadi.org\/es\/wp-json\/wp\/v2\/tags?post=76394"},{"taxonomy":"linea-asistencial","embeddable":true,"href":"https:\/\/ospitalarioakfundazioaeuskadi.org\/es\/wp-json\/wp\/v2\/linea-asistencial?post=76394"}],"curies":[{"name":"wp","href":"https:\/\/api.w.org\/{rel}","templated":true}]}}