{"id":76396,"date":"2025-10-29T18:10:15","date_gmt":"2025-10-29T16:10:15","guid":{"rendered":"https:\/\/ospitalarioakfundazioaeuskadi.org\/?p=76396"},"modified":"2025-10-29T18:10:15","modified_gmt":"2025-10-29T16:10:15","slug":"fisioterapeutas-jornadas-vascas-fisioterapia-neurologica-2025","status":"publish","type":"post","link":"https:\/\/ospitalarioakfundazioaeuskadi.org\/es\/fisioterapeutas-jornadas-vascas-fisioterapia-neurologica-2025\/","title":{"rendered":"Nuestro equipo de fisioterapeutas, en las I Jornadas Vascas de Fisioterapia Neurol\u00f3gica"},"content":{"rendered":"<p>El pasado 25 de octubre, el equipo de fisioterapia de <a href=\"\/es\/\">Ospitalarioak Fundazioa Euskad<\/a>i particip\u00f3 en las <a href=\"https:\/\/jornadasvascasfisioterapianeurologica.com\/\" target=\"_blank\" rel=\"nofollow noopener\">I Jornadas Vascas de Fisioterapia Neurol\u00f3gica<\/a>, celebradas en el Bizkaia Aretoa de Bilbao, con <strong><a href=\"https:\/\/ospitalarioakfundazioaeuskadi.org\/es\/autor\/iban-arrien\/\" target=\"_blank\" rel=\"noopener\">Iban Arrien<\/a> al frente, <\/strong>responsable del \u00e1rea y presidente del Colegio de Fisioterapeutas del Pa\u00eds Vasco.<\/p>\n<p>El encuentro, organizado por el\u00a0<a href=\"https:\/\/cofpv.org\/inicio\" target=\"_blank\" rel=\"nofollow noopener\">Colegio Oficial de Fisioterapeutas del Pa\u00eds Vasco<\/a>\u00a0y la Universidad del Pa\u00eds Vasco, con la colaboraci\u00f3n de la Asociaci\u00f3n Espa\u00f1ola de Fisioterapeutas en Neurolog\u00eda (AEF-Neuro), reuni\u00f3 a fisioterapeutas del \u00e1mbito cl\u00ednico, docente y de la investigaci\u00f3n, as\u00ed como a estudiantes, con el prop\u00f3sito de fortalecer la fisioterapia neurol\u00f3gica en el Pa\u00eds Vasco, fomentar la colaboraci\u00f3n entre profesionales y visibilizar los proyectos de investigaci\u00f3n que est\u00e1n transformando el abordaje de las patolog\u00edas neurol\u00f3gicas.<\/p>\n<p>Durante la jornada se analizaron los enfoques m\u00e1s innovadores en neurorrehabilitaci\u00f3n y los avances cient\u00edficos m\u00e1s recientes. Las distintas ponencias, casos cl\u00ednicos y mesas redondas, protagonizadas por profesionales de referencia del \u00e1mbito nacional e internacional, abordaron temas clave como la valoraci\u00f3n funcional, la aplicaci\u00f3n de nuevas tecnolog\u00edas y la importancia del trabajo interdisciplinar.<\/p>\n<p>En el mes de octubre, mes en el que celebramos el <a href=\"https:\/\/ospitalarioakfundazioaeuskadi.org\/es\/atencion-ictus-avances-jornada-ospitalarioak-atece-2025\/\">D\u00eda del Da\u00f1o Cerebral<\/a> (26) y el D\u00eda del Ictus (29), recordamos que cada a\u00f1o se detectan cerca de 5.000 nuevos casos de ictus, la principal causa de discapacidad neurol\u00f3gica adquirida en personas adultas en el Pa\u00eds Vasco, donde m\u00e1s de 18.000 de ellas conviven con secuelas neurol\u00f3gicas. A esta cifra se suman patolog\u00edas como la esclerosis m\u00faltiple, el p\u00e1rkinson o enfermedades raras y neuromusculares, que tambi\u00e9n generan altos niveles de discapacidad. Iniciativas como estas jornadas son esenciales para mejorar la calidad de vida y la autonom\u00eda de los pacientes, as\u00ed como para seguir impulsando la formaci\u00f3n y la excelencia profesional.<\/p>\n<p><a href=\"https:\/\/ospitalarioakfundazioaeuskadi.org\/wp-content\/uploads\/2025\/10\/ospitalarioak-jornadas-fisioterapia-neurologica-1.jpg\"><img loading=\"lazy\" decoding=\"async\" class=\"alignnone wp-image-76397 size-full\" src=\"https:\/\/ospitalarioakfundazioaeuskadi.org\/wp-content\/uploads\/2025\/10\/ospitalarioak-jornadas-fisioterapia-neurologica-1.jpg\" alt=\"Dos mujeres y tres hombres, posando en grupo\" width=\"850\" height=\"628\" title=\"\" srcset=\"https:\/\/ospitalarioakfundazioaeuskadi.org\/wp-content\/uploads\/2025\/10\/ospitalarioak-jornadas-fisioterapia-neurologica-1.jpg 850w, https:\/\/ospitalarioakfundazioaeuskadi.org\/wp-content\/uploads\/2025\/10\/ospitalarioak-jornadas-fisioterapia-neurologica-1-425x314.jpg 425w, https:\/\/ospitalarioakfundazioaeuskadi.org\/wp-content\/uploads\/2025\/10\/ospitalarioak-jornadas-fisioterapia-neurologica-1-768x567.jpg 768w\" sizes=\"auto, (max-width: 850px) 100vw, 850px\" \/><\/a><\/p>\n<p>&nbsp;<\/p>\n","protected":false},"excerpt":{"rendered":"<div class=\"entry-summary\">\nEl pasado 25 de octubre, el equipo de fisioterapia de Ospitalarioak Fundazioa Euskadi particip\u00f3 en las I Jornadas Vascas de Fisioterapia Neurol\u00f3gica, celebradas en el Bizkaia Aretoa de Bilbao, con Iban Arrien al frente, responsable del \u00e1rea y presidente del&hellip;\n<\/div>\n<div class=\"link-more\"><a href=\"https:\/\/ospitalarioakfundazioaeuskadi.org\/es\/fisioterapeutas-jornadas-vascas-fisioterapia-neurologica-2025\/\" class=\"more-link\">Seguir leyendo<span class=\"screen-reader-text\"> &ldquo;Nuestro equipo de fisioterapeutas, en las I Jornadas Vascas de Fisioterapia Neurol\u00f3gica&rdquo;<\/span>&hellip;<\/a><\/div>\n","protected":false},"author":1,"featured_media":76399,"comment_status":"closed","ping_status":"closed","sticky":false,"template":"","format":"standard","meta":{"footnotes":""},"categories":[646,1036,1009],"tags":[],"linea-asistencial":[981],"class_list":["post-76396","post","type-post","status-publish","format-standard","has-post-thumbnail","hentry","category-aita-menni","category-conocimiento","category-dano-cerebral","linea-asistencial-3-dano-cerebral","entry"],"_links":{"self":[{"href":"https:\/\/ospitalarioakfundazioaeuskadi.org\/es\/wp-json\/wp\/v2\/posts\/76396","targetHints":{"allow":["GET"]}}],"collection":[{"href":"https:\/\/ospitalarioakfundazioaeuskadi.org\/es\/wp-json\/wp\/v2\/posts"}],"about":[{"href":"https:\/\/ospitalarioakfundazioaeuskadi.org\/es\/wp-json\/wp\/v2\/types\/post"}],"author":[{"embeddable":true,"href":"https:\/\/ospitalarioakfundazioaeuskadi.org\/es\/wp-json\/wp\/v2\/users\/1"}],"replies":[{"embeddable":true,"href":"https:\/\/ospitalarioakfundazioaeuskadi.org\/es\/wp-json\/wp\/v2\/comments?post=76396"}],"version-history":[{"count":3,"href":"https:\/\/ospitalarioakfundazioaeuskadi.org\/es\/wp-json\/wp\/v2\/posts\/76396\/revisions"}],"predecessor-version":[{"id":76488,"href":"https:\/\/ospitalarioakfundazioaeuskadi.org\/es\/wp-json\/wp\/v2\/posts\/76396\/revisions\/76488"}],"wp:featuredmedia":[{"embeddable":true,"href":"https:\/\/ospitalarioakfundazioaeuskadi.org\/es\/wp-json\/wp\/v2\/media\/76399"}],"wp:attachment":[{"href":"https:\/\/ospitalarioakfundazioaeuskadi.org\/es\/wp-json\/wp\/v2\/media?parent=76396"}],"wp:term":[{"taxonomy":"category","embeddable":true,"href":"https:\/\/ospitalarioakfundazioaeuskadi.org\/es\/wp-json\/wp\/v2\/categories?post=76396"},{"taxonomy":"post_tag","embeddable":true,"href":"https:\/\/ospitalarioakfundazioaeuskadi.org\/es\/wp-json\/wp\/v2\/tags?post=76396"},{"taxonomy":"linea-asistencial","embeddable":true,"href":"https:\/\/ospitalarioakfundazioaeuskadi.org\/es\/wp-json\/wp\/v2\/linea-asistencial?post=76396"}],"curies":[{"name":"wp","href":"https:\/\/api.w.org\/{rel}","templated":true}]}}