{"id":77153,"date":"2025-12-16T19:26:07","date_gmt":"2025-12-16T17:26:07","guid":{"rendered":"https:\/\/ospitalarioakfundazioaeuskadi.org\/?p=77153"},"modified":"2025-12-16T21:17:03","modified_gmt":"2025-12-16T19:17:03","slug":"planificacion-anticipada-cuidados-barandiaran","status":"publish","type":"post","link":"https:\/\/ospitalarioakfundazioaeuskadi.org\/es\/planificacion-anticipada-cuidados-barandiaran\/","title":{"rendered":"La residencia Barandiaran de Durango, reconocida por la DFB por su modelo innovador de Planificaci\u00f3n Anticipada de Decisiones y Cuidados"},"content":{"rendered":"<p>La <a href=\"https:\/\/ospitalarioakfundazioaeuskadi.org\/es\/centro\/residencia-mayores-durango-barandiaran\/\">residencia y centro de d\u00eda Joxe Miel Barandiaran<\/a> de Durango, recurso foral gestionado por <a href=\"\/es\/\">Ospitalarioak Fundazioa Euskadi<\/a>, ha sido reconocida por la Diputaci\u00f3n Foral de Bizkaia con una de las <strong>Buenas Pr\u00e1cticas de Personalizaci\u00f3n en Cuidados de Larga Duraci\u00f3n 2025<\/strong>. El galard\u00f3n premia la implantaci\u00f3n del modelo de <strong>Planificaci\u00f3n Anticipada de Decisiones y Cuidados (PADyC)<\/strong>, una herramienta que permite anticipar, dialogar y acordar con cada persona c\u00f3mo desea ser cuidada en el futuro, especialmente en etapas de mayor vulnerabilidad.<\/p>\n<p>La PADyC favorece conversaciones significativas entre residentes, familias y profesionales, integrando los valores, deseos y prioridades de cada persona en la toma de decisiones relacionadas con su salud y su vida cotidiana. Su implantaci\u00f3n ayuda a reducir la incertidumbre, fortalecer la confianza y garantizar una atenci\u00f3n coherente, respetuosa y personalizada, especialmente en situaciones de cambio o enfermedad avanzada.<\/p>\n<p>El reconocimiento ha sido recogido por <strong>Nagore Mardaras<\/strong>, coordinadora del centro, <strong>Leire Gonz\u00e1lez Ercilla<\/strong>, enfermera y <strong>Jose Antonio Ezquerra<\/strong>, jefe de la l\u00ednea de Persona Mayor; y durante el acto, celebrado en el Palacio Euskalduna de Bilbao, <strong>Nagore Mardaras<\/strong> destac\u00f3 el significado de esta buena pr\u00e1ctica: \u201cLa planificaci\u00f3n anticipada se presenta como una manera clara y segura de preparar el futuro, asegurando que cada cuidado respete los valores y preferencias de la persona. Con esta mirada, la Residencia Joxe Miel Barandiaran ha incorporado la PADyC como una apuesta en tranquilidad para las personas residentes, sus familias y el propio equipo. Su implantaci\u00f3n ayuda a reducir la incertidumbre y a fortalecer la confianza, especialmente en momentos de cambio o enfermedad avanzada. Tambi\u00e9n aporta al equipo una gu\u00eda s\u00f3lida para acompa\u00f1ar cada proceso vital de forma coherente y personalizada. De este modo, la PADyC favorece una convivencia m\u00e1s serena, cuidada y alineada con lo que cada persona desea para su vida y su bienestar.\u201d<\/p>\n<h2>Un centro comprometido con los cuidados personalizados<\/h2>\n<p>En el a\u00f1o en el que celebra su 20\u00ba aniversario, la residencia Joxe Miel Barandiaran consolida su papel como recurso de referencia en el territorio. Su equipo interdisciplinar trabaja desde un modelo de atenci\u00f3n centrado en la persona, alineado con la estrategia de <strong>Ospitalarioak Fundazioa Euskadi<\/strong>, que impulsa pr\u00e1cticas innovadoras orientadas a la dignidad, la autonom\u00eda y la personalizaci\u00f3n de los cuidados.<\/p>\n","protected":false},"excerpt":{"rendered":"<div class=\"entry-summary\">\nLa residencia y centro de d\u00eda Joxe Miel Barandiaran de Durango, recurso foral gestionado por Ospitalarioak Fundazioa Euskadi, ha sido reconocida por la Diputaci\u00f3n Foral de Bizkaia con una de las Buenas Pr\u00e1cticas de Personalizaci\u00f3n en Cuidados de Larga Duraci\u00f3n&hellip;\n<\/div>\n<div class=\"link-more\"><a href=\"https:\/\/ospitalarioakfundazioaeuskadi.org\/es\/planificacion-anticipada-cuidados-barandiaran\/\" class=\"more-link\">Seguir leyendo<span class=\"screen-reader-text\"> &ldquo;La residencia Barandiaran de Durango, reconocida por la DFB por su modelo innovador de Planificaci\u00f3n Anticipada de Decisiones y Cuidados&rdquo;<\/span>&hellip;<\/a><\/div>\n","protected":false},"author":1,"featured_media":77191,"comment_status":"closed","ping_status":"closed","sticky":false,"template":"","format":"standard","meta":{"footnotes":""},"categories":[646,650],"tags":[],"linea-asistencial":[980],"class_list":["post-77153","post","type-post","status-publish","format-standard","has-post-thumbnail","hentry","category-aita-menni","category-residencia-joxe-miel-barandiaran-durango","linea-asistencial-4-persona-mayor","entry"],"_links":{"self":[{"href":"https:\/\/ospitalarioakfundazioaeuskadi.org\/es\/wp-json\/wp\/v2\/posts\/77153","targetHints":{"allow":["GET"]}}],"collection":[{"href":"https:\/\/ospitalarioakfundazioaeuskadi.org\/es\/wp-json\/wp\/v2\/posts"}],"about":[{"href":"https:\/\/ospitalarioakfundazioaeuskadi.org\/es\/wp-json\/wp\/v2\/types\/post"}],"author":[{"embeddable":true,"href":"https:\/\/ospitalarioakfundazioaeuskadi.org\/es\/wp-json\/wp\/v2\/users\/1"}],"replies":[{"embeddable":true,"href":"https:\/\/ospitalarioakfundazioaeuskadi.org\/es\/wp-json\/wp\/v2\/comments?post=77153"}],"version-history":[{"count":3,"href":"https:\/\/ospitalarioakfundazioaeuskadi.org\/es\/wp-json\/wp\/v2\/posts\/77153\/revisions"}],"predecessor-version":[{"id":77199,"href":"https:\/\/ospitalarioakfundazioaeuskadi.org\/es\/wp-json\/wp\/v2\/posts\/77153\/revisions\/77199"}],"wp:featuredmedia":[{"embeddable":true,"href":"https:\/\/ospitalarioakfundazioaeuskadi.org\/es\/wp-json\/wp\/v2\/media\/77191"}],"wp:attachment":[{"href":"https:\/\/ospitalarioakfundazioaeuskadi.org\/es\/wp-json\/wp\/v2\/media?parent=77153"}],"wp:term":[{"taxonomy":"category","embeddable":true,"href":"https:\/\/ospitalarioakfundazioaeuskadi.org\/es\/wp-json\/wp\/v2\/categories?post=77153"},{"taxonomy":"post_tag","embeddable":true,"href":"https:\/\/ospitalarioakfundazioaeuskadi.org\/es\/wp-json\/wp\/v2\/tags?post=77153"},{"taxonomy":"linea-asistencial","embeddable":true,"href":"https:\/\/ospitalarioakfundazioaeuskadi.org\/es\/wp-json\/wp\/v2\/linea-asistencial?post=77153"}],"curies":[{"name":"wp","href":"https:\/\/api.w.org\/{rel}","templated":true}]}}