{"id":34437,"date":"2015-10-21T00:00:00","date_gmt":"2015-10-21T00:00:00","guid":{"rendered":"http:\/\/194.35.43.170\/~aitamenninueva\/erromesaldia-avilara-santa-teresaren-jaiotzaren-9678\/"},"modified":"2021-10-08T10:53:07","modified_gmt":"2021-10-08T10:53:07","slug":"erromesaldia-avilara-santa-teresaren-jaiotzaren-9678","status":"publish","type":"post","link":"https:\/\/ospitalarioakfundazioaeuskadi.org\/eu\/erromesaldia-avilara-santa-teresaren-jaiotzaren-9678\/","title":{"rendered":"Erromesaldia Avilara Santa Teresaren jaiotzaren 500. urteurrena dela eta"},"content":{"rendered":"<div class=\"texto wysiwyg\">\n<p>Duela zenbait aste Aita Menni Ospitaleko 40 pazientez, Arrasateko komunitateko ahizpez eta laguntzaileez osatutako talde bat Avilara joan zen Santa Teresaren jaiotzaren 500. urteurrenaren ospakizunean parte hartzeko. Dagoeneko zenbait egun igaro badira ere, <a href=\"..\/pastoraltza-proiektu-sozialak\/pastoraltza-zerbitzua.html\" target=\"_blank\" rel=\"noopener\"> Pastoral Zerbitzuan<\/a> ez dugu nahi denbora gehiago igarotzea erromesaldi honen argazkiak partekatu gabe uztea.<\/p>\n<p>Avilan Santa Teresa Jesusena jaio zen etxea kokatuta zegoen elizan egindako eukaristia polit batean parte hartu genuen. Meza horretan Valladolideko eta Palentziako Ahizpa Ospitalarien zentroetako beste talde batzuk ere izan ziren. Avilarako bidean Palentziako katedrala ikusteko aukera izan genuen, eta Arrasatera itzultzean, Burgosen dagoen Mirafloresko Kartusian izan ginen<span><\/span><\/p>\n<p>Santa Teresa gure erakundeko babesle izendatu zuen <a href=\"benito-menni-deunaren-heriotzaren-mendeurreuna-8068.html\" target=\"_blank\" rel=\"noopener\">San Benito Mennik<\/a>,\u00a0<a href=\"http:\/\/www.hospitalarias.org\/index.php\/fundadores\" target=\"_blank\" rel=\"noopener nofollow\"><span>Mar\u00eda Josefa Recio eta Mar\u00eda Angustias Gim\u00e9nezekin batera<\/span><\/a> Ahizpa Ospitalarien Kongregazioa <a href=\"http:\/\/www.hospitalarias.org\/index.php\/fundadores\" target=\"_blank\" rel=\"noopener nofollow\"><span>sortu zuenak<\/span><\/a>. Hain zuzen arrazoi horregatik <a href=\"..\/..\/es\/noticias\/hospital-aita-menni-recibe-peregrinacion-9339.html\" target=\"_blank\" rel=\"noopener\">joan den ekainean, Aita Menni Ospitalean<\/a><a href=\"http:\/\/www.stj500.com\/camino-de-luz\/\" target=\"_blank\" rel=\"noopener nofollow\">Argi bidea<\/a> erromesaldia hartu genuen, 2014ko urriaren 15etik <a href=\"http:\/\/www.stj500.com\/camino-de-luz\/el-baston-de-la-santa\/\" target=\"_blank\" rel=\"noopener nofollow\">Santa Teresaren jatorrizko makulua<\/a>\u00a05 kontinenteetako 30 herrialdetara eraman duena.<\/p>\n<p><img decoding=\"async\" src=\"https:\/\/www.ospitalarioakfundazioaeuskadi.org\/wp-content\/uploads\/2021\/10\/img_20150928_115609-0-1.jpg\" alt=\"\" title=\"\"><span>Erromesaldian parte hartu zuten ahizpak Santa Teresaren estatuaren ondoan harresiaren ondoan <\/span><span><\/span><\/p><\/div>\n","protected":false},"excerpt":{"rendered":"<div class=\"entry-summary\">\nDuela zenbait aste Aita Menni Ospitaleko 40 pazientez, Arrasateko komunitateko ahizpez eta laguntzaileez osatutako talde bat Avilara joan zen Santa Teresaren jaiotzaren 500. urteurrenaren ospakizunean parte hartzeko. Dagoeneko zenbait egun igaro badira ere, Pastoral Zerbitzuan ez dugu nahi denbora gehiago&hellip;\n<\/div>\n<div class=\"link-more\"><a href=\"https:\/\/ospitalarioakfundazioaeuskadi.org\/eu\/erromesaldia-avilara-santa-teresaren-jaiotzaren-9678\/\" class=\"more-link\">Jarraitu irakurtzen<span class=\"screen-reader-text\"> &ldquo;Erromesaldia Avilara Santa Teresaren jaiotzaren 500. urteurrena dela eta&rdquo;<\/span>&#8230;<\/a><\/div>\n","protected":false},"author":1,"featured_media":27595,"comment_status":"closed","ping_status":"closed","sticky":false,"template":"","format":"standard","meta":{"footnotes":""},"categories":[1],"tags":[],"linea-asistencial":[],"class_list":["post-34437","post","type-post","status-publish","format-standard","has-post-thumbnail","hentry","category-sin-categorizar","entry"],"_links":{"self":[{"href":"https:\/\/ospitalarioakfundazioaeuskadi.org\/eu\/wp-json\/wp\/v2\/posts\/34437","targetHints":{"allow":["GET"]}}],"collection":[{"href":"https:\/\/ospitalarioakfundazioaeuskadi.org\/eu\/wp-json\/wp\/v2\/posts"}],"about":[{"href":"https:\/\/ospitalarioakfundazioaeuskadi.org\/eu\/wp-json\/wp\/v2\/types\/post"}],"author":[{"embeddable":true,"href":"https:\/\/ospitalarioakfundazioaeuskadi.org\/eu\/wp-json\/wp\/v2\/users\/1"}],"replies":[{"embeddable":true,"href":"https:\/\/ospitalarioakfundazioaeuskadi.org\/eu\/wp-json\/wp\/v2\/comments?post=34437"}],"version-history":[{"count":0,"href":"https:\/\/ospitalarioakfundazioaeuskadi.org\/eu\/wp-json\/wp\/v2\/posts\/34437\/revisions"}],"wp:featuredmedia":[{"embeddable":true,"href":"https:\/\/ospitalarioakfundazioaeuskadi.org\/eu\/wp-json\/wp\/v2\/media\/27595"}],"wp:attachment":[{"href":"https:\/\/ospitalarioakfundazioaeuskadi.org\/eu\/wp-json\/wp\/v2\/media?parent=34437"}],"wp:term":[{"taxonomy":"category","embeddable":true,"href":"https:\/\/ospitalarioakfundazioaeuskadi.org\/eu\/wp-json\/wp\/v2\/categories?post=34437"},{"taxonomy":"post_tag","embeddable":true,"href":"https:\/\/ospitalarioakfundazioaeuskadi.org\/eu\/wp-json\/wp\/v2\/tags?post=34437"},{"taxonomy":"linea-asistencial","embeddable":true,"href":"https:\/\/ospitalarioakfundazioaeuskadi.org\/eu\/wp-json\/wp\/v2\/linea-asistencial?post=34437"}],"curies":[{"name":"wp","href":"https:\/\/api.w.org\/{rel}","templated":true}]}}