{"id":34745,"date":"2005-11-30T00:00:00","date_gmt":"2005-11-30T00:00:00","guid":{"rendered":"http:\/\/194.35.43.170\/~aitamenninueva\/presentado-manual-ayudas-externas-para-7301\/"},"modified":"2021-10-08T11:01:26","modified_gmt":"2021-10-08T11:01:26","slug":"presentado-manual-ayudas-externas-para-7301","status":"publish","type":"post","link":"https:\/\/ospitalarioakfundazioaeuskadi.org\/eu\/presentado-manual-ayudas-externas-para-7301\/","title":{"rendered":"Presentado el &#8220;manual de ayudas externas&#8221; para personas con discapacidad neurol\u00f3gica"},"content":{"rendered":"<div class=\"texto wysiwyg\">\n<p>El Hospital Aita Menni con la colaboraci\u00f3n de BBK ha publicado el \u201cManual de Ayudas Externas\u201d, una gu\u00eda \u00fanica, hasta ahora inexistente, dirigida a las personas, familias y profesionales que han de afrontar alg\u00fan tipo de discapacidad neurol\u00f3gica.<br \/>\u00a0<br \/>En el acto de presentaci\u00f3n, celebrado hoy mi\u00e9rcoles 30 de noviembre en el Aula de Cultura de BBK, han participado Juan Mar\u00eda Aburto, diputado de Acci\u00f3n Social, Fernando L\u00f3pez de Eguilaz, director de Obras Sociales de BBK, y Jos\u00e9 Ignacio Quemada, jefe del Servicio de Da\u00f1o Cerebral del Hospital Aita Menni.<br \/>\u00a0<br \/>Se trata de un pr\u00e1ctico compendio, escrito por el Servicio de Da\u00f1o Cerebral del Hospital Aita Menni, que ha sido financiado por BBK. Esta publicaci\u00f3n nace con una vocaci\u00f3n: fomentar la autonom\u00eda de los\/las pacientes cuyas discapacidades hayan alcanzado un techo de recuperaci\u00f3n mediante la aplicaci\u00f3n de tecnolog\u00edas, m\u00e1s o menos sofisticadas, y la planificaci\u00f3n de cambios en el entorno. En definitiva, es una selecci\u00f3n de ayudas externas y de adaptaciones del domicilio que d\u00eda a d\u00eda pueden mejorar la calidad de vida de estas personas<br \/>\u00a0<br \/>El libro desgrana por cap\u00edtulos, de una forma clara y sencilla, las diferentes \u201cactividades de la vida diaria\u201d, en un formato amable y desenfadado que invita al mayor n\u00famero de personas posible a su utilizaci\u00f3n.<br \/>\u00a0<br \/>Si lo deseas, puedes descargar el manual en formato PDF: <a title=\"Abre manual de ayuda\" href=\"https:\/\/www.ospitalarioakfundazioaeuskadi.org\/archivos\/201307\/manualdeayudastecnicas-0.pdf\">Manual de ayudas externas (5.96 MB)<\/a><\/p><\/div>\n","protected":false},"excerpt":{"rendered":"<div class=\"entry-summary\">\nUna obra \u00fanica publicada por el Hospital Aita Menni con la colaboraci\u00f3n de BBK\n<\/div>\n<div class=\"link-more\"><a href=\"https:\/\/ospitalarioakfundazioaeuskadi.org\/eu\/presentado-manual-ayudas-externas-para-7301\/\" class=\"more-link\">Jarraitu irakurtzen<span class=\"screen-reader-text\"> &ldquo;Presentado el &#8220;manual de ayudas externas&#8221; para personas con discapacidad neurol\u00f3gica&rdquo;<\/span>&#8230;<\/a><\/div>\n","protected":false},"author":1,"featured_media":26909,"comment_status":"closed","ping_status":"closed","sticky":false,"template":"","format":"standard","meta":{"footnotes":""},"categories":[1,2],"tags":[],"linea-asistencial":[],"class_list":["post-34745","post","type-post","status-publish","format-standard","has-post-thumbnail","hentry","category-sin-categorizar","category-uncategorized-eu","entry"],"_links":{"self":[{"href":"https:\/\/ospitalarioakfundazioaeuskadi.org\/eu\/wp-json\/wp\/v2\/posts\/34745","targetHints":{"allow":["GET"]}}],"collection":[{"href":"https:\/\/ospitalarioakfundazioaeuskadi.org\/eu\/wp-json\/wp\/v2\/posts"}],"about":[{"href":"https:\/\/ospitalarioakfundazioaeuskadi.org\/eu\/wp-json\/wp\/v2\/types\/post"}],"author":[{"embeddable":true,"href":"https:\/\/ospitalarioakfundazioaeuskadi.org\/eu\/wp-json\/wp\/v2\/users\/1"}],"replies":[{"embeddable":true,"href":"https:\/\/ospitalarioakfundazioaeuskadi.org\/eu\/wp-json\/wp\/v2\/comments?post=34745"}],"version-history":[{"count":0,"href":"https:\/\/ospitalarioakfundazioaeuskadi.org\/eu\/wp-json\/wp\/v2\/posts\/34745\/revisions"}],"wp:featuredmedia":[{"embeddable":true,"href":"https:\/\/ospitalarioakfundazioaeuskadi.org\/eu\/wp-json\/wp\/v2\/media\/26909"}],"wp:attachment":[{"href":"https:\/\/ospitalarioakfundazioaeuskadi.org\/eu\/wp-json\/wp\/v2\/media?parent=34745"}],"wp:term":[{"taxonomy":"category","embeddable":true,"href":"https:\/\/ospitalarioakfundazioaeuskadi.org\/eu\/wp-json\/wp\/v2\/categories?post=34745"},{"taxonomy":"post_tag","embeddable":true,"href":"https:\/\/ospitalarioakfundazioaeuskadi.org\/eu\/wp-json\/wp\/v2\/tags?post=34745"},{"taxonomy":"linea-asistencial","embeddable":true,"href":"https:\/\/ospitalarioakfundazioaeuskadi.org\/eu\/wp-json\/wp\/v2\/linea-asistencial?post=34745"}],"curies":[{"name":"wp","href":"https:\/\/api.w.org\/{rel}","templated":true}]}}